{"id":149742,"date":"2026-06-24T19:32:17","date_gmt":"2026-06-24T19:32:17","guid":{"rendered":"https:\/\/www.europesays.com\/hu\/149742\/"},"modified":"2026-06-24T19:32:17","modified_gmt":"2026-06-24T19:32:17","slug":"nemzeti-lobogo-a-nemzeti-unnepeken","status":"publish","type":"post","link":"https:\/\/www.europesays.com\/hu\/149742\/","title":{"rendered":"Nemzeti lobog\u00f3 a nemzeti \u00fcnnepeken&#8230;"},"content":{"rendered":"<p>A nemzeti lobog\u00f3 \u00e9s a nemzeti \u00fcnnepek a teljes magyars\u00e1g k\u00f6z\u00f6s \u00f6r\u00f6ks\u00e9g\u00e9t \u00e9s t\u00f6rt\u00e9nelm\u00e9t jelk\u00e9pezik, \u00edgy ezeket egy szexu\u00e1lis ir\u00e1nyults\u00e1got hirdet\u0151 felvonul\u00e1ssal egy lapon eml\u00edteni \u00e9s viccet csin\u00e1lni bel\u0151le a j\u00f3\u00e9rz\u00e9s\u0171 emberek arcon k\u00f6p\u00e9se. Nemzeti \u00fcnnep abb\u00f3l lesz, ami\u00e9rt a h\u0151seink a v\u00e9r\u00fcket adt\u00e1k, nem pedig egy provokat\u00edv utcai par\u00e1d\u00e9b\u00f3l. A szexualit\u00e1s mag\u00e1n\u00fcgy, senkit nem \u00e9rdekel, ki mit csin\u00e1l a h\u00e1l\u00f3szob\u00e1j\u00e1ban, de azt otthon kell meg\u00e9lni, nem a h\u00eddra aggatott jelk\u00e9pekkel rekl\u00e1mozni a t\u00f6bbs\u00e9g tork\u00e1n lenyomva<img loading=\"lazy\" decoding=\"async\" height=\"16\" width=\"16\" class=\"xz74otr x15mokao x1ga7v0g x16uus16 xbiv7yw\" alt=\"&#x203C;&#xFE0F;\" referrerpolicy=\"origin-when-cross-origin\" src=\"https:\/\/www.europesays.com\/hu\/wp-content\/uploads\/2026\/06\/203c.png\"\/><\/p>\n","protected":false},"excerpt":{"rendered":"A nemzeti lobog\u00f3 \u00e9s a nemzeti \u00fcnnepek a teljes magyars\u00e1g k\u00f6z\u00f6s \u00f6r\u00f6ks\u00e9g\u00e9t \u00e9s t\u00f6rt\u00e9nelm\u00e9t jelk\u00e9pezik, \u00edgy ezeket egy&hellip;\n","protected":false},"author":2,"featured_media":149743,"comment_status":"","ping_status":"","sticky":false,"template":"","format":"standard","meta":{"footnotes":"","_share_on_mastodon":"0"},"categories":[22],"tags":[73,3657,45573,45572,44,42,45570,40,43,41,45568,3414,45569,45571],"class_list":["post-149742","post","type-post","status-publish","format-standard","has-post-thumbnail","category-budapest","tag-budapest","tag-budapest-pride","tag-freedom","tag-homosexuality","tag-hu","tag-hungarian","tag-hungarian-pride","tag-hungary","tag-magyar","tag-magyarorszag","tag-national-pride","tag-pride","tag-pride-parade","tag-rainbow"],"share_on_mastodon":{"url":"https:\/\/pubeurope.com\/@hu\/116806755738972663","error":""},"_links":{"self":[{"href":"https:\/\/www.europesays.com\/hu\/wp-json\/wp\/v2\/posts\/149742","targetHints":{"allow":["GET"]}}],"collection":[{"href":"https:\/\/www.europesays.com\/hu\/wp-json\/wp\/v2\/posts"}],"about":[{"href":"https:\/\/www.europesays.com\/hu\/wp-json\/wp\/v2\/types\/post"}],"author":[{"embeddable":true,"href":"https:\/\/www.europesays.com\/hu\/wp-json\/wp\/v2\/users\/2"}],"replies":[{"embeddable":true,"href":"https:\/\/www.europesays.com\/hu\/wp-json\/wp\/v2\/comments?post=149742"}],"version-history":[{"count":0,"href":"https:\/\/www.europesays.com\/hu\/wp-json\/wp\/v2\/posts\/149742\/revisions"}],"wp:featuredmedia":[{"embeddable":true,"href":"https:\/\/www.europesays.com\/hu\/wp-json\/wp\/v2\/media\/149743"}],"wp:attachment":[{"href":"https:\/\/www.europesays.com\/hu\/wp-json\/wp\/v2\/media?parent=149742"}],"wp:term":[{"taxonomy":"category","embeddable":true,"href":"https:\/\/www.europesays.com\/hu\/wp-json\/wp\/v2\/categories?post=149742"},{"taxonomy":"post_tag","embeddable":true,"href":"https:\/\/www.europesays.com\/hu\/wp-json\/wp\/v2\/tags?post=149742"}],"curies":[{"name":"wp","href":"https:\/\/api.w.org\/{rel}","templated":true}]}}