{"id":149794,"date":"2026-06-24T20:26:09","date_gmt":"2026-06-24T20:26:09","guid":{"rendered":"https:\/\/www.europesays.com\/hu\/149794\/"},"modified":"2026-06-24T20:26:09","modified_gmt":"2026-06-24T20:26:09","slug":"a-dolgozok-80-szazaleka-sztrajkol-a-hanon-systems-ket-magyar-telephelyen","status":"publish","type":"post","link":"https:\/\/www.europesays.com\/hu\/149794\/","title":{"rendered":"A dolgoz\u00f3k 80 sz\u00e1zal\u00e9ka sztr\u00e1jkol a Hanon Systems k\u00e9t magyar telephely\u00e9n"},"content":{"rendered":"<p>A fizikai \u00e9s szellemi dolgoz\u00f3k 80 sz\u00e1zal\u00e9ka <a target=\"_blank\" href=\"https:\/\/24.hu\/fn\/gazdasag\/2026\/06\/11\/sztrajk-hanon-system-szekesfehervar-vasas\/\" rel=\"nofollow noopener\">sztr\u00e1jkolt<\/a> a reggeli \u00e9s a d\u00e9lut\u00e1ni m\u0171szakban is a d\u00e9l-koreai tulajdon\u00fa Hanon Systems Hungary Kft. sz\u00e9kesfeh\u00e9rv\u00e1ri \u00e9s p\u00e9csi telephely\u00e9n, a 12 \u00f3r\u00e1s munkabesz\u00fcntet\u00e9ssel a munkav\u00e1llal\u00f3k magasabb b\u00e9remel\u00e9st szeretn\u00e9nek el\u00e9rni \u2013 k\u00f6z\u00f6lte <a target=\"_blank\" href=\"https:\/\/24.hu\/fn\/gazdasag\/2026\/06\/04\/sztrajk-vasas-szakszervezet-hannon-systems-pecs\/\" rel=\"nofollow noopener\">a Vasas Szakszervezet aleln\u00f6ke<\/a> szerd\u00e1n az MTI-vel.<\/p>\n<p>L\u00e1szl\u00f3 Zolt\u00e1n elmondta, hogy d\u00e9lel\u0151tt egyeztettek a c\u00e9gvezet\u00e9ssel, de nem jutottak el\u0151r\u00e9bb.<\/p>\n<p>A vezet\u0151s\u00e9g hi\u00e1ba akart term\u00e9keket legy\u00e1rtatni<\/p>\n<p>Sz\u00e9kesfeh\u00e9rv\u00e1ron a menedzsment n\u00e9h\u00e1ny tagja megpr\u00f3b\u00e1lt term\u00e9keket legy\u00e1rtani, \u00e1m az adott m\u0171szakban a munk\u00e1sok \u00e1ltal \u00e1tlagosan el\u0151\u00e1ll\u00edtott darabsz\u00e1mok 10 sz\u00e1zal\u00e9k\u00e1t tudt\u00e1k produk\u00e1lni, kisz\u00e1ll\u00edt\u00e1s is csak az el\u0151z\u0151 m\u0171szakban legy\u00e1rtott term\u00e9kekb\u0151l volt. A sztr\u00e1jk mindezek alapj\u00e1n hat\u00e9kony \u2013 f\u0171zte hozz\u00e1 L\u00e1szl\u00f3.<\/p>\n<p>Eml\u00e9keztetett arra, hogy id\u00e9n a munk\u00e1ltat\u00f3 differenci\u00e1ltan 4-4,5 sz\u00e1zal\u00e9kos b\u00e9remel\u00e9st adott, a munkav\u00e1llal\u00f3i \u00e9rdekk\u00e9pviselet egys\u00e9gesen 10 sz\u00e1zal\u00e9kos b\u00e9remel\u00e9st k\u00e9r. <a target=\"_blank\" href=\"https:\/\/24.hu\/belfold\/2026\/06\/23\/meltatlannak-erzik-a-helyzetuket-ezert-ismet-sztrajkolni-fognak-a-del-koreai-ceg-dolgozoi\/\" rel=\"nofollow noopener\">Kor\u00e1bban mindk\u00e9t telephelyen tartottak k\u00e9t\u00f3r\u00e1s munkabesz\u00fcntet\u00e9seket<\/a>, \u00e1m nem \u00e9rt\u00e9k el a k\u00edv\u00e1nt eredm\u00e9nyt.<\/p>\n<p>Jelezte, hogy a sztr\u00e1jkbizotts\u00e1g figyeli a munk\u00e1ltat\u00f3i reakci\u00f3kat \u00e9s ezek alapj\u00e1n d\u00f6nt a folytat\u00e1sr\u00f3l, amely ak\u00e1r hat\u00e1rozatlan idej\u0171 munkabesz\u00fcntet\u00e9s vagy a d\u00e9l-koreai nagyk\u00f6vets\u00e9g el\u0151tti demonstr\u00e1ci\u00f3 is lehet.<\/p>\n<p>Az MTI \u00e9rdekl\u0151d\u00e9s\u00e9re Klauser Andrea HR igazgat\u00f3 a Hanon Systems glob\u00e1lis sajt\u00f3oszt\u00e1ly\u00e1hoz ir\u00e1ny\u00edtotta az MTI tud\u00f3s\u00edt\u00f3j\u00e1t, v\u00e1laszt egyel\u0151re nem k\u00fcldtek.<\/p>\n<p>Mivel foglalkozik a Hanon Systems?<\/p>\n<p>A v\u00e1llalat honlapj\u00e1n olvashat\u00f3 t\u00e1j\u00e9koztat\u00e1s szerint a Hanon Systems Kft. egy vil\u00e1gszinten elismert aut\u00f3ipari v\u00e1llalat, amely a kl\u00edmatechnol\u00f3gia ter\u00e9n ny\u00fajt szolg\u00e1ltat\u00e1sokat. A c\u00e9gcsoport honlapja szerint vil\u00e1gszerte t\u00f6bb mint 20 ezer f\u0151t alkalmaz f\u00e9lsz\u00e1z telephelyen \u00c1zsi\u00e1ban, Eur\u00f3p\u00e1ban, az amerikai kontinensen \u00e9s a D\u00e9l-afrikai K\u00f6zt\u00e1rsas\u00e1gban.<\/p>\n<p>A Sz\u00e9kesfeh\u00e9rv\u00e1ron m\u0171k\u00f6d\u0151 Hanon Systems Alba \u00dczemben csaknem 1200 ember dolgozik. A gy\u00e1rban jelenleg kl\u00edmakompresszorokat, h\u0171t\u0151k\u00f6zeg-tov\u00e1bb\u00edt\u00f3 rendszereket, h\u0151szivatty\u00fa szelepeket, valamint v\u00edzszelep- \u00e9s pumpa term\u00e9kcsal\u00e1dot gy\u00e1rtanak.<\/p>\n<p>A Hanon Systems Hungary Kft. P\u00e9csen a legmodernebb h\u0171t\u0151k\u00f6zeg-tov\u00e1bb\u00edt\u00f3 rendszerek gy\u00e1rt\u00e1s\u00e1val foglalkozik, a gy\u00e1rt\u00f3soron m\u00e1r t\u00f6bb mint 800 ember dolgozik.<\/p>\n<p>A Hanon Systems Hungary Kft. a nyilv\u00e1nosan el\u00e9rhet\u0151 c\u00e9gadatok szerint 2024-ben t\u00falnyom\u00f3r\u00e9szt exportra termelve 129,1 milli\u00e1rd forint bev\u00e9telt \u00e9rt el 5,8 milli\u00e1rd forint vesztes\u00e9g mellett. A t\u00e1rsas\u00e1g egy \u00e9vvel kor\u00e1bban 116,3 milli\u00e1rd forint bev\u00e9telt \u00e9s 1,8 milli\u00e1rd forint profitot realiz\u00e1lt. Tavalyi m\u00e9rleg\u00fcket m\u00e9g nem tett\u00e9k k\u00f6zz\u00e9.<\/p>\n","protected":false},"excerpt":{"rendered":"A fizikai \u00e9s szellemi dolgoz\u00f3k 80 sz\u00e1zal\u00e9ka sztr\u00e1jkolt a reggeli \u00e9s a d\u00e9lut\u00e1ni m\u0171szakban is a d\u00e9l-koreai tulajdon\u00fa&hellip;\n","protected":false},"author":2,"featured_media":149795,"comment_status":"","ping_status":"","sticky":false,"template":"","format":"standard","meta":{"footnotes":"","_share_on_mastodon":"0"},"categories":[6],"tags":[21017,45593,44,42,40,43,41,2277,2979,5939],"class_list":["post-149794","post","type-post","status-publish","format-standard","has-post-thumbnail","category-magyarorszag","tag-beremeles","tag-hanon-systems-hungary","tag-hu","tag-hungarian","tag-hungary","tag-magyar","tag-magyarorszag","tag-pecs","tag-szekesfehervar","tag-sztrajk"],"share_on_mastodon":{"url":"https:\/\/pubeurope.com\/@hu\/116806967990519055","error":""},"_links":{"self":[{"href":"https:\/\/www.europesays.com\/hu\/wp-json\/wp\/v2\/posts\/149794","targetHints":{"allow":["GET"]}}],"collection":[{"href":"https:\/\/www.europesays.com\/hu\/wp-json\/wp\/v2\/posts"}],"about":[{"href":"https:\/\/www.europesays.com\/hu\/wp-json\/wp\/v2\/types\/post"}],"author":[{"embeddable":true,"href":"https:\/\/www.europesays.com\/hu\/wp-json\/wp\/v2\/users\/2"}],"replies":[{"embeddable":true,"href":"https:\/\/www.europesays.com\/hu\/wp-json\/wp\/v2\/comments?post=149794"}],"version-history":[{"count":0,"href":"https:\/\/www.europesays.com\/hu\/wp-json\/wp\/v2\/posts\/149794\/revisions"}],"wp:featuredmedia":[{"embeddable":true,"href":"https:\/\/www.europesays.com\/hu\/wp-json\/wp\/v2\/media\/149795"}],"wp:attachment":[{"href":"https:\/\/www.europesays.com\/hu\/wp-json\/wp\/v2\/media?parent=149794"}],"wp:term":[{"taxonomy":"category","embeddable":true,"href":"https:\/\/www.europesays.com\/hu\/wp-json\/wp\/v2\/categories?post=149794"},{"taxonomy":"post_tag","embeddable":true,"href":"https:\/\/www.europesays.com\/hu\/wp-json\/wp\/v2\/tags?post=149794"}],"curies":[{"name":"wp","href":"https:\/\/api.w.org\/{rel}","templated":true}]}}