{"id":149850,"date":"2026-06-24T21:24:08","date_gmt":"2026-06-24T21:24:08","guid":{"rendered":"https:\/\/www.europesays.com\/hu\/149850\/"},"modified":"2026-06-24T21:24:08","modified_gmt":"2026-06-24T21:24:08","slug":"index-kultur-tarr-zoltan-szerint-kodnyelven-beszeltek-az-nka-ugy-kozpenzeirol-az-uszoda-volt-az-elosztott-penz-fedoneve","status":"publish","type":"post","link":"https:\/\/www.europesays.com\/hu\/149850\/","title":{"rendered":"Index &#8211; Kult\u00far &#8211; Tarr Zolt\u00e1n szerint k\u00f3dnyelven besz\u00e9ltek az NKA-\u00fcgy k\u00f6zp\u00e9nzeir\u0151l, az \u201euszoda\u201d volt az elosztott p\u00e9nz fed\u0151neve"},"content":{"rendered":"<p>Tarr Zolt\u00e1n t\u00e1rsadalmi kapcsolatok\u00e9rt \u00e9s kult\u00far\u00e1\u00e9rt felel\u0151s miniszter \u00fajabb r\u00e9szletet <a href=\"https:\/\/www.facebook.com\/tarrzoltan.tisza\/posts\/pfbid02EmZxRnqpvqHiS3W1iJ4VYamoaak3bzaamoikhaVfbhkfHF6F5nfrvyhhjJ4zxoDcl?rdid=BDTrVH8IRq5xoQuu#\" id=\"hyperlink_1ee9e753176e5a74ab33abe0b4106c21\" rel=\"nofollow noopener\" target=\"_blank\">k\u00f6z\u00f6lt<\/a> a kultur\u00e1lis t\u00e1mogat\u00e1sok oda\u00edt\u00e9l\u00e9s\u00e9nek kor\u00e1bbi gyakorlat\u00e1r\u00f3l. A Tisza P\u00e1rt aleln\u00f6ke a Nemzeti Ad\u00f3- \u00e9s V\u00e1mhivatal nyomoz\u00e1s\u00e1ban \u00e9rintett szem\u00e9lyek \u00e1ltal haszn\u00e1lt bels\u0151 sz\u00f3haszn\u00e1latra hivatkozva azt \u00e1ll\u00edtotta, hogy a miniszteri egyedi d\u00f6nt\u00e9sekre sz\u00e1nt k\u00f6zp\u00e9nzkeret egy r\u00e9sz\u00e9t egym\u00e1s k\u00f6z\u00f6tt \u201euszod\u00e1nak\u201d nevezt\u00e9k.<\/p>\n<p>\u201eAz uszoda. A NAV nyomoz\u00e1sban is \u00e9rintett szem\u00e9lyek a Cosa Nostra tolvajnyelv\u00e9hez h\u0171en \u00bbuszod\u00e1nak\u00ab nevezt\u00e9k maguk k\u00f6z\u00f6tt a miniszteri egyedi d\u00f6nt\u00e9sekre sz\u00e1nt k\u00f6zp\u00e9nzkeret egy r\u00e9sz\u00e9t. Ehhez a zsargonhoz ill\u0151 kifejez\u00e9seket is haszn\u00e1ltak egym\u00e1s k\u00f6z\u00f6tt: a sz\u00e1mukra kedves p\u00e1ly\u00e1z\u00f3kat \u00bb\u00fasz\u00f3knak\u00ab nevezt\u00e9k, \u00e9s h\u00edvt\u00e1k meg \u0151ket az \u00bb\u00fasz\u00f3versenyre\u00ab. Ebben t\u00f6bb-kevesebb sikerrel pr\u00f3b\u00e1ltak \u00fcgyelni arra is, hogy \u00bbki \u00faszik be\u00ab a medenc\u00e9be\u201d \u2013 \u00edrta a t\u00e1rcavezet\u0151.<\/p>\n<p>A tolvajnyelv zsargonjainak haszn\u00e1lata t\u00f6k\u00e9letesen \u00edrja le, hogyan m\u0171k\u00f6d\u00f6tt hossz\u00fa \u00e9veken \u00e1t az int\u00e9zm\u00e9ny munkat\u00e1rsait megker\u00fclve, sz\u0171k k\u00f6rben a kultur\u00e1lis alapok kioszt\u00e1sa. A b\u0171nesetek felt\u00e1r\u00e1sa tart, rem\u00e9lj\u00fck, hamar kider\u00fcl az is, ki volt az \u00fasz\u00f3mester<\/p>\n<p>\u2013 z\u00e1rta gondolatait a t\u00e1rsadalmi kapcsolatok\u00e9rt \u00e9s kult\u00far\u00e1\u00e9rt felel\u0151s miniszter.<\/p>\n<p>                        Tov\u00e1bb dagad az NKA-botr\u00e1ny<\/p>\n<p>Els\u0151k\u00e9nt Moln\u00e1r \u00c1ron sz\u00edn\u00e9sz-aktivista hozta nyilv\u00e1noss\u00e1gra, hogy a Nemzeti Kultur\u00e1lis Alap (NKA) milli\u00e1rdokat fizetett ki a <a href=\"https:\/\/dex.hu\/x.php?id=index_belfold_cikklink&amp;url=https%3A%2F%2Findex.hu%2Fkultur%2F2026%2F04%2F28%2Fnemzeti-kulturalis-alap-fidesz-holdudvar-milliardok-hanko-balazs-molnar-aron%2F\" id=\"hyperlink_5f76e81b0209cca48be8e0547ae50200\" target=\"_blank\" title=\"Nem csitul a botr\u00e1ny a Fidesz-holdudvarnak kifizetett milli\u00e1rdok k\u00f6r\u00fcl\" rel=\"nofollow noopener\">Fidesz gazdas\u00e1gi, k\u00f6z\u00e9leti \u00e9s m\u0171v\u00e9szeti holdudvar\u00e1nak<\/a>. Az \u00fcgy azut\u00e1n kapott l\u00e1ngra, hogy kider\u00fclt: a p\u00e9nzt egy olyan koll\u00e9gium, a Kiemelt Kultur\u00e1lis Programok Ideiglenes Koll\u00e9giuma osztotta sz\u00e9t, amelynek a tagjai sem ismertek. Legal\u00e1bbis 2026. \u00e1prilis 27-ig, ekkor jelent meg ugyanis az NKA honlapj\u00e1n, hogy a koll\u00e9gium vezet\u0151je Ughy Attila, a Lechner Kft. tan\u00e1csad\u00f3ja, tagjai pedig miniszt\u00e9riumi tisztvisel\u0151k \u00e9s a kabinetf\u0151n\u00f6k-helyettes.<\/p>\n<p>Az NKTK egyik projektmenedzsere, <a href=\"https:\/\/dex.hu\/x.php?id=index_belfold_cikklink&amp;url=https%3A%2F%2Findex.hu%2Fkultur%2F2026%2F05%2F07%2Fhanko-balazs-nka-tamogatasok-utasitas-papp-gergely-nemzeti-kulturalis-tamogataskezelo%2F\" id=\"hyperlink_b3efcfd394a30513c813ac797f505721\" target=\"_blank\" title=\"Kit\u00e1lalt az NKA-s inform\u00e1tor: Hank\u00f3 Bal\u00e1zs utas\u00edt\u00e1s\u00e1ra hallgattak a t\u00e1mogat\u00e1sokr\u00f3l\" rel=\"nofollow noopener\">Papp Gergely nyilv\u00e1nosan v\u00e1llalta, hogy \u0151 sziv\u00e1rogtatott Moln\u00e1r \u00c1ronnak<\/a>. \u00c1prilis 14-\u00e9n kereste fel a sz\u00edn\u00e9szt, arr\u00f3l t\u00e1j\u00e9koztatva, hogy tudom\u00e1sa van egy 17 milli\u00e1rd forintos, nem nyilv\u00e1nos kultur\u00e1lis t\u00e1mogat\u00e1si keret kioszt\u00e1s\u00e1r\u00f3l, amelyr\u0151l sokan az int\u00e9zm\u00e9nyen bel\u00fcl sem tudtak. Papp elmond\u00e1sa szerint a botr\u00e1ny kirobban\u00e1sa ut\u00e1n t\u00f6bb munkat\u00e1rs\u00e1t is szankcion\u00e1lt\u00e1k, majd \u0151t \u00e9s k\u00f6zvetlen k\u00f6rnyezet\u00e9t indokl\u00e1s n\u00e9lk\u00fcl kiz\u00e1rt\u00e1k a bels\u0151 rendszerekb\u0151l.<\/p>\n<p>A <a href=\"https:\/\/dex.hu\/x.php?id=index_belfold_cikklink&amp;url=https%3A%2F%2Findex.hu%2Fbelfold%2F2026%2F04%2F30%2Fnemzeti-kulturalis-alap-tamogatasok-hanko-balazs-r56-kocsma-bem-rakpart%2F\" id=\"hyperlink_ef315a2eb42b65849adff56cd36afe4e\" target=\"_blank\" title=\"Egy fideszes kocsm\u00e1nak \u00e9s az Ismer\u0151s Arcok frontember\u00e9nek is jutott az NKA-s t\u00e1mogat\u00e1sokb\u00f3l\" rel=\"nofollow noopener\">titokban kiosztott p\u00e9nzek kedvezm\u00e9nyezettje<\/a> t\u00f6bbek k\u00f6z\u00f6tt T\u00f3th Gabi, aki mag\u00e1nszem\u00e9lyk\u00e9nt 5 milli\u00f3 forintot, p\u00e1rj\u00e1val k\u00f6z\u00f6s c\u00e9ge pedig 9 milli\u00f3 forintot kapott. Muri Enik\u0151, Kis Gr\u00f3fo \u00e9s Dopeman szint\u00e9n 5-5 milli\u00f3 forintot tehetett zsebre, De\u00e1k Bill Gyul\u00e1nak 100 milli\u00f3, m\u00edg Pataky Attila c\u00e9g\u00e9nek 150 milli\u00f3 forintot adtak. Ezenfel\u00fcl 500 milli\u00f3 forint ment egy 2026 febru\u00e1rj\u00e1ban alap\u00edtott c\u00e9ghez, amely M\u00e1ga Zolt\u00e1n hivatalos fot\u00f3sa nev\u00e9n volt bejegyezve.<\/p>\n<p>Hank\u00f3 Bal\u00e1zs <a href=\"https:\/\/dex.hu\/x.php?id=index_belfold_cikklink&amp;url=https%3A%2F%2Findex.hu%2Fkultur%2F2026%2F04%2F28%2Fhanko-balazs-kulturalis-es-innovacios-miniszterium-nemzeti-kulturalis-alap-milliardok-botrany%2F\" id=\"hyperlink_3beda95161398bc3f445856cce96687a\" target=\"_blank\" title=\"Hank\u00f3 Bal\u00e1zs szerint nem igaz, hogy a Fidesz-kamp\u00e1ny celebjei kaptak az NKA-s t\u00e1mogat\u00e1sokb\u00f3l\" rel=\"nofollow noopener\">politikai c\u00e9lzat\u00fa torz\u00edt\u00e1snak<\/a> nevezte a kritik\u00e1kat, \u00e9s hat\u00e1rozottan c\u00e1folta, hogy forr\u00e1sokhoz jutottak volna a kamp\u00e1nyban r\u00e9szt vev\u0151 el\u0151ad\u00f3k. Hank\u00f3nak azonban tudnia kellett a juttat\u00e1sokr\u00f3l, hiszen \u0151 \u00edr al\u00e1 minden ilyen kifizet\u00e9st.<\/p>\n<p>\u00c1prilis utols\u00f3 napj\u00e1n <a href=\"https:\/\/dex.hu\/x.php?id=index_belfold_cikklink&amp;url=https%3A%2F%2Findex.hu%2Fkultur%2F2026%2F04%2F30%2Fbaan-laszlo-lemondott-nka-bizottsagi-tagsag%2F\" id=\"hyperlink_b6cb5f971b55c9681d8244ecb3f13103\" target=\"_blank\" title=\"B\u00fas Bal\u00e1zs ut\u00e1n Ba\u00e1n L\u00e1szl\u00f3 is t\u00e1vozik, mag\u00e1val sodorta a milli\u00e1rdos NKA-botr\u00e1ny\" rel=\"nofollow noopener\">Ba\u00e1n L\u00e1szl\u00f3 lemondott<\/a> NKA-s bizotts\u00e1gi tags\u00e1g\u00e1r\u00f3l, level\u00e9ben \u00fagy fogalmazva, hogy sz\u00e1mos t\u00e1mogat\u00e1s nem feleltethet\u0151 meg az NKA alapvet\u0151 c\u00e9ljainak. K\u00e9t nappal k\u00e9s\u0151bb <a href=\"https:\/\/dex.hu\/x.php?id=index_belfold_cikklink&amp;url=https%3A%2F%2Findex.hu%2Fkultur%2F2026%2F05%2F02%2Fboth-miklos-hanko-balazs-nemzeti-kulturalis-alap-baan-laszlo-lemondas-botrany%2F\" id=\"hyperlink_18e4f2fb410bd0f3f17ff8cbc12065fd\" target=\"_blank\" title=\"Tov\u00e1bb gy\u0171r\u0171zik az NKA-botr\u00e1ny, a Hagyom\u00e1nyok H\u00e1z\u00e1t vezet\u0151 Both Mikl\u00f3s is lemondott\" rel=\"nofollow noopener\">Both Mikl\u00f3s<\/a>, majd p\u00e1r \u00f3r\u00e1val k\u00e9s\u0151bb <a href=\"https:\/\/dex.hu\/x.php?id=index_belfold_cikklink&amp;url=https%3A%2F%2Findex.hu%2Fkultur%2F2026%2F05%2F02%2Fvidnyanszky-attila-nka-botrany-nemzeti-kulturalis-alap-lemondas%2F\" id=\"hyperlink_354d32827e2de6215ed82c2d8445c39c\" target=\"_blank\" title=\"Vidny\u00e1nszky Attila is lemondott az NKA bizotts\u00e1gi tags\u00e1g\u00e1r\u00f3l\" rel=\"nofollow noopener\">Vidny\u00e1nszky Attila<\/a> is k\u00f6vette. B\u00fas Bal\u00e1zs NKA-aleln\u00f6k m\u00e1r a v\u00e1laszt\u00e1sok ut\u00e1ni kedden mondott le, \u00e9s az Index inform\u00e1ci\u00f3i szerint sem neki, sem a bizotts\u00e1g t\u00f6bbi tagj\u00e1nak nem volt tudom\u00e1sa a rejt\u00e9lyes ideiglenes koll\u00e9gium \u00e1ltal kisz\u00f3rt milli\u00e1rdokr\u00f3l.<\/p>\n<p>M\u00e1jus elej\u00e9n <a href=\"https:\/\/dex.hu\/x.php?id=index_belfold_cikklink&amp;url=https%3A%2F%2Findex.hu%2Fkultur%2F2026%2F05%2F05%2Fnemzeti-kulturalis-alap-tamogatasok-feljelentes-hanko-balazs-hutlen-kezeles-koltsegvetesi-csalas%2F\" id=\"hyperlink_a354993cd93ceb117110e62743b527d7\" target=\"_blank\" title=\"H\u0171tlen kezel\u00e9s \u00e9s k\u00f6lts\u00e9gvet\u00e9si csal\u00e1s gyan\u00faja miatt feljelent\u00e9st tettek az NKA-t\u00e1mogat\u00e1sok \u00fcgy\u00e9ben\" rel=\"nofollow noopener\">h\u0171tlen kezel\u00e9s \u00e9s k\u00f6lts\u00e9gvet\u00e9si csal\u00e1s gyan\u00faja miatt feljelent\u00e9st tett<\/a> a K\u00f6zponti Nyomoz\u00f3 F\u0151\u00fcgy\u00e9szs\u00e9gen dr. Lacz\u00f3 Adrienn \u00fcgyv\u00e9d, Sz\u00e1ntai Ir\u00e9n NKTK-f\u0151igazgat\u00f3-helyettes jogi k\u00e9pvisel\u0151je. Az \u00fcgyv\u00e9di iroda k\u00f6zlem\u00e9nye szerint a t\u00e1mogat\u00e1sok kioszt\u00e1sa egyedi k\u00e9relmek alapj\u00e1n, szakmai egyeztet\u00e9sek n\u00e9lk\u00fcl, a f\u0151igazgat\u00f3 szem\u00e9lyes utas\u00edt\u00e1s\u00e1ra t\u00f6rt\u00e9nt.\u00a0<\/p>\n<p>M\u00e1jus 27-\u00e9n reggel NAV-nyomoz\u00f3k jelentek meg az <a href=\"https:\/\/dex.hu\/x.php?id=index_belfold_cikklink&amp;url=https%3A%2F%2Findex.hu%2Fkultur%2F2026%2F05%2F27%2Fnemzeti-kulturalis-alap-nka-nktk%2F\" id=\"hyperlink_16d7674e3228e3fa986357df9adcb91d\" target=\"_blank\" title=\"Nyomoz\u00f3k jelentek meg az NKA-n\u00e1l, a NAV emberei kezdt\u00e9k meg a munk\u00e1t\" rel=\"nofollow noopener\">NKA sz\u00e9kh\u00e1z\u00e1ban<\/a>. Tarr Zolt\u00e1n kultur\u00e1lis miniszter k\u00f6z\u00f6lte: s\u00falyos vissza\u00e9l\u00e9sek \u00e9s gyan\u00fas k\u00e9szp\u00e9nzhaszn\u00e1lat miatt tartottak h\u00e1zkutat\u00e1st. \u201eK\u00f6zp\u00e9nzb\u0151l v\u00e1s\u00e1roltak politikai lojalit\u00e1st\u201d \u2013 \u00edrta Tarr Zolt\u00e1n, \u00e9s gy\u00f6keres v\u00e1ltoz\u00e1st \u00edg\u00e9rt.\u00a0<\/p>\n<p>Tarr Zolt\u00e1n v\u00e9g\u00fcl 2026. m\u00e1jus 18-\u00e1n rendelte el az NKA kifizet\u00e9seinek felf\u00fcggeszt\u00e9s\u00e9t, m\u00e1snap pedig <a href=\"https:\/\/dex.hu\/x.php?id=index_belfold_cikklink&amp;url=https%3A%2F%2Findex.hu%2Fkultur%2F2026%2F05%2F19%2Ftarr-zoltan-nka-kifizetesek-felfuggesztes-krucsaine-herter-aniko-hanko-balazs%2F\" id=\"hyperlink_d11d4de7276e3bb73bd97de9bbe77c83\" target=\"_blank\" title=\"Tarr Zolt\u00e1n felf\u00fcggesztette a k\u00f6zp\u00e9nzmilli\u00e1rdok eloszt\u00e1s\u00e1\u00e9rt felel\u0151s NKTK-f\u0151igazgat\u00f3t\" rel=\"nofollow noopener\">felf\u00fcggesztette Krucsain\u00e9 Herter Anik\u00f3t<\/a>, bels\u0151 vizsg\u00e1latot ind\u00edtott, \u00e9s k\u00f6z\u00f6lte, hogy minden sz\u00fcks\u00e9ges t\u00e1mogat\u00e1st megadnak a hat\u00f3s\u00e1goknak. Az Index pedig az NKTK-t\u00f3l k\u00f6z\u00e9rdek\u0171adat-ig\u00e9nyl\u00e9s ut\u00e1n megkapta, hogy <a href=\"https:\/\/dex.hu\/x.php?id=index_belfold_cikklink&amp;url=https%3A%2F%2Findex.hu%2Fkultur%2F2026%2F05%2F23%2Fnemzeti-kulturalis-alap-nka-visszafizetesek-kozerdeku-adatigenyles%2F\" id=\"hyperlink_2c1a08915572f909c207d483f390724e\" target=\"_blank\" title=\"\u00cdme a lista, hogy kik fizett\u00e9k vissza eddig az NKA-t\u00f3l kapott t\u00e1mogat\u00e1st\" rel=\"nofollow noopener\">kik fizett\u00e9k vissza a p\u00e9nzt<\/a>.\u00a0<\/p>\n<p>J\u00fanius elej\u00e9n a NAV <a href=\"https:\/\/dex.hu\/x.php?id=index_belfold_cikklink&amp;url=https%3A%2F%2Findex.hu%2Fbelfold%2F2026%2F06%2F03%2Fnav-molnar-aron-nka-kihallgatas-hanko-balazs-tuzson-bence-fidesz-tisza%2F\" id=\"hyperlink_c0a75880d0f1e00404e31efd5cd77ba4\" target=\"_blank\" title=\"Kihallgatta a NAV Moln\u00e1r \u00c1ront, aki zavarba ejt\u0151nek nevezte a nyomoz\u00e1st\" rel=\"nofollow noopener\">tan\u00fak\u00e9nt hallgatta ki Moln\u00e1r \u00c1ront<\/a> Kecskem\u00e9ten. A sz\u00edn\u00e9sz azt \u00edrta, hogy zavarba ejt\u0151 volt a meghallgat\u00e1s, mert a nyomoz\u00f3k mindent tudni akartak, \u00e9s \u00fagy \u00e9rezte, ez val\u00f3di nyomoz\u00e1s, a civil munka leker\u00fclt a v\u00e1llukr\u00f3l.<\/p>\n<p><a href=\"https:\/\/index.hu\/belfold\/2026\/06\/24\/bus-balazs-nka-gyanusitas-orizet-sikkasztas-milliard-nemzeti-kulturalis-alap\/\" id=\"hyperlink_e2f21ed51731a98f0ea726f7e523c1b7\" target=\"_blank\" title=\"B\u00fas Bal\u00e1zs mellett az NKA-p\u00e9nzekr\u0151l d\u00f6nt\u0151 bizotts\u00e1g tagjait is \u0151rizetbe vett\u00e9k\" data-recommendation=\"bekezdes_utan\" data-recommendation-preview=\"{&quot;og:title&quot;:&quot;B\u00fas Bal\u00e1zs mellett az NKA-p\u00e9nzekr\\u0151l d\u00f6nt\\u0151 bizotts\u00e1g tagjait is \\u0151rizetbe vett\u00e9k&quot;,&quot;og:description&quot;:&quot;A hat gyan\u00fas\u00edtott k\u00f6z\u00f6tt ott vannak a kiemelt koll\u00e9gium tagjai \u00e9s az NKTK k\u00e9t vezet\\u0151je is.&quot;,&quot;og:image&quot;:&quot;\\\/\\\/kep.cdn.indexvas.hu\\\/1\\\/0\\\/7012\\\/70126\\\/701260\\\/70126015_5173909_55387196ece26ce5c0bb81dfe6bcab8d_wm.jpg&quot;}\" data-recommendation-id=\"6233067\" rel=\"nofollow noopener\">B\u00fas Bal\u00e1zs NKA-aleln\u00f6k mellett azokat is \u0151rizetbe vett\u00e9k<\/a>, akik t\u00e9nylegesen d\u00f6nt\u00f6ttek a Nemzeti Kultur\u00e1lis Alap 17 milli\u00e1rd forintos t\u00e1mogat\u00e1s\u00e1nak kioszt\u00e1s\u00e1r\u00f3l. A hat szem\u00e9lyt h\u0171tlen kezel\u00e9ssel gyan\u00fas\u00edtj\u00e1k, a letart\u00f3ztat\u00e1sukr\u00f3l hamarosan d\u00f6nthet a kecskem\u00e9ti b\u00edr\u00f3s\u00e1g.<\/p>\n<p>\n                           (Bor\u00edt\u00f3k\u00e9p: Tarr Zolt\u00e1n 2026. m\u00e1jus 11-\u00e9n. Fot\u00f3: T\u00f6vissi Bence \/ Index)\n                        <\/p>\n<p><a href=\"https:\/\/dex.hu\/x.php?id=googlepref_desktop&amp;url=https:\/\/google.com\/preferences\/source?q=https:\/\/index.hu\" class=\"google-pref-banner \" id=\"googlePrefBanner\" rel=\"nofollow noopener\" target=\"_blank\"><\/p>\n<p>    Itt \u00e1ll\u00edtsa be, hogy az Index az els\u0151k k\u00f6z\u00f6tt legyen a Google-tal\u00e1latokban!<\/p>\n<p><\/a><\/p>\n<p>    <img decoding=\"async\" src=\"https:\/\/index.hu\/assets\/images\/social-follow\/logo-big.svg\" alt=\"Index.hu logo\"\/><\/p>\n<p>K\u00f6vesse az Indexet Facebookon is!<\/p>\n<p>    <a href=\"https:\/\/facebook.com\/Indexhu\" target=\"_blank\" rel=\"nofollow noopener\"><\/p>\n<p>        K\u00f6vetem!<br \/>\n    <\/a><\/p>\n","protected":false},"excerpt":{"rendered":"Tarr Zolt\u00e1n t\u00e1rsadalmi kapcsolatok\u00e9rt \u00e9s kult\u00far\u00e1\u00e9rt felel\u0151s miniszter \u00fajabb r\u00e9szletet k\u00f6z\u00f6lt a kultur\u00e1lis t\u00e1mogat\u00e1sok oda\u00edt\u00e9l\u00e9s\u00e9nek kor\u00e1bbi gyakorlat\u00e1r\u00f3l. A&hellip;\n","protected":false},"author":2,"featured_media":135123,"comment_status":"","ping_status":"","sticky":false,"template":"","format":"standard","meta":{"footnotes":"","_share_on_mastodon":"0"},"categories":[33],"tags":[38,35,37,44,42,40,150,27806,43,41,3765,34,13794,45325,36,25568,39],"class_list":["post-149850","post","type-post","status-publish","format-standard","has-post-thumbnail","category-hirek","tag-focimek","tag-headlines","tag-hirek","tag-hu","tag-hungarian","tag-hungary","tag-kultur","tag-kulturalis-tamogatasok","tag-magyar","tag-magyarorszag","tag-nav","tag-news","tag-tarr-zoltan","tag-tolvajnyelv","tag-top-stories","tag-uszoda","tag-vezeto-hirek"],"share_on_mastodon":{"url":"https:\/\/pubeurope.com\/@hu\/116807196096150274","error":""},"_links":{"self":[{"href":"https:\/\/www.europesays.com\/hu\/wp-json\/wp\/v2\/posts\/149850","targetHints":{"allow":["GET"]}}],"collection":[{"href":"https:\/\/www.europesays.com\/hu\/wp-json\/wp\/v2\/posts"}],"about":[{"href":"https:\/\/www.europesays.com\/hu\/wp-json\/wp\/v2\/types\/post"}],"author":[{"embeddable":true,"href":"https:\/\/www.europesays.com\/hu\/wp-json\/wp\/v2\/users\/2"}],"replies":[{"embeddable":true,"href":"https:\/\/www.europesays.com\/hu\/wp-json\/wp\/v2\/comments?post=149850"}],"version-history":[{"count":0,"href":"https:\/\/www.europesays.com\/hu\/wp-json\/wp\/v2\/posts\/149850\/revisions"}],"wp:featuredmedia":[{"embeddable":true,"href":"https:\/\/www.europesays.com\/hu\/wp-json\/wp\/v2\/media\/135123"}],"wp:attachment":[{"href":"https:\/\/www.europesays.com\/hu\/wp-json\/wp\/v2\/media?parent=149850"}],"wp:term":[{"taxonomy":"category","embeddable":true,"href":"https:\/\/www.europesays.com\/hu\/wp-json\/wp\/v2\/categories?post=149850"},{"taxonomy":"post_tag","embeddable":true,"href":"https:\/\/www.europesays.com\/hu\/wp-json\/wp\/v2\/tags?post=149850"}],"curies":[{"name":"wp","href":"https:\/\/api.w.org\/{rel}","templated":true}]}}