{"id":149962,"date":"2026-06-25T00:04:09","date_gmt":"2026-06-25T00:04:09","guid":{"rendered":"https:\/\/www.europesays.com\/hu\/149962\/"},"modified":"2026-06-25T00:04:09","modified_gmt":"2026-06-25T00:04:09","slug":"a-nap-kepe-harom-eve-bovult-kamaras-norbi-es-karman-odett-csaladja","status":"publish","type":"post","link":"https:\/\/www.europesays.com\/hu\/149962\/","title":{"rendered":"A nap k\u00e9pe: h\u00e1rom \u00e9ve b\u0151v\u00fclt Kamar\u00e1s Norbi \u00e9s K\u00e1rm\u00e1n Odett csal\u00e1dja"},"content":{"rendered":"<p>A rajong\u00f3k nem gy\u0151znek betelni Mudy l\u00e1tv\u00e1ny\u00e1val<\/p>\n<p>2023 tavasz\u00e1n Kamar\u00e1s Norbi \u00e9s <a href=\"https:\/\/rtl.hu\/sztarok\/karman-odett\" rel=\"nofollow noopener\" target=\"_blank\">K\u00e1rm\u00e1n Odett<\/a> hatalmas \u00f6r\u00f6mh\u00edrt osztottak meg: csal\u00e1djuk egy \u00faj taggal b\u0151v\u00fclt. <a href=\"https:\/\/rtl.hu\/fokusz\/2023\/04\/11\/husvet-unneples-varga-miklos-lotfi-begi-madar-veronika-kamaras-norbi-kiskutya\" rel=\"nofollow noopener\" target=\"_blank\">A h\u00fasv\u00e9ti nyuszi helyett ez\u00fattal egy kutyus \u00e9rkezett hozz\u00e1juk, a Mudy n\u00e9vre keresztelt berni p\u00e1sztor-k\u00f6ly\u00f6k<\/a>. Odett elmond\u00e1sa szerint a kiskutyus azonnal elvar\u00e1zsolta \u0151ket, \u00e9s a rajong\u00f3k j\u00f3k\u00edv\u00e1ns\u00e1gait, tan\u00e1csait is \u00f6r\u00f6mmel fogadt\u00e1k. A kis Mudy az\u00f3ta sz\u00e9pen felcseperedett, \u00e9s 3 \u00e9ves kor\u00e1ban is \u00e9pp annyira csodasz\u00e9p, ak\u00e1rcsak k\u00f6ly\u00f6kkor\u00e1ban. K\u00fcl\u00f6nleges ismertet\u0151jegye a heterokr\u00f3mia \u2013 vagyis a k\u00e9t szeme teljesen k\u00fcl\u00f6nb\u00f6z\u0151 sz\u00edn\u0171.<\/p>\n<p class=\"highlight highlight--1\">Norbi ez\u00fattal a kutyah\u00e1z mellett kapta lencsev\u00e9gre kedvenc\u00e9t \u2013 n\u00e9zd meg az elb\u0171v\u00f6l\u0151 fot\u00f3t!<\/p>\n<p>Csaknem h\u00e9t \u00e9vig nem besz\u00e9lt az \u00e9desanyj\u00e1val Mil\u00f3 Viki<\/p>\n<p><a href=\"https:\/\/rtl.hu\/cimke\/milo-viki\" rel=\"nofollow noopener\" target=\"_blank\">Mil\u00f3 Viki<\/a> \u00e9desanyja nem fogadta el l\u00e1nya \u00e9letvitel\u00e9t \u2013 aki \u00f6sszesen 11 kuty\u00e1t nevel egyszerre \u2013, \u00e9s arra biztatta, hogy adja el az ebeket, hiszen att\u00f3l tartott, hogy Viki \u00edgy egyed\u00fcl fog maradni \u00e9lete v\u00e9g\u00e9ig. A bokszol\u00f3 el\u00e1rulta: olyan f\u00e9rfira v\u00e1gyik, aki a kuty\u00e1ival egy\u00fctt fogadja el \u0151t.<\/p>\n<p>\u00a0<\/p>\n","protected":false},"excerpt":{"rendered":"A rajong\u00f3k nem gy\u0151znek betelni Mudy l\u00e1tv\u00e1ny\u00e1val 2023 tavasz\u00e1n Kamar\u00e1s Norbi \u00e9s K\u00e1rm\u00e1n Odett hatalmas \u00f6r\u00f6mh\u00edrt osztottak meg:&hellip;\n","protected":false},"author":2,"featured_media":149963,"comment_status":"","ping_status":"","sticky":false,"template":"","format":"standard","meta":{"footnotes":"","_share_on_mastodon":"0"},"categories":[21],"tags":[45643,2902,198,137,199,44,42,40,45642,917,43,4890,1230,41,1032,138],"class_list":["post-149962","post","type-post","status-publish","format-standard","has-post-thumbnail","category-hiressegek","tag-a-nap-kepe","tag-bulvar","tag-celebrities","tag-entertainment","tag-hiressegek","tag-hu","tag-hungarian","tag-hungary","tag-kamaras-norbi","tag-kutya","tag-magyar","tag-magyar-celebek","tag-magyar-sztarok","tag-magyarorszag","tag-rtl-hiressegek","tag-szorakozas"],"share_on_mastodon":{"url":"https:\/\/pubeurope.com\/@hu\/116807825042396216","error":""},"_links":{"self":[{"href":"https:\/\/www.europesays.com\/hu\/wp-json\/wp\/v2\/posts\/149962","targetHints":{"allow":["GET"]}}],"collection":[{"href":"https:\/\/www.europesays.com\/hu\/wp-json\/wp\/v2\/posts"}],"about":[{"href":"https:\/\/www.europesays.com\/hu\/wp-json\/wp\/v2\/types\/post"}],"author":[{"embeddable":true,"href":"https:\/\/www.europesays.com\/hu\/wp-json\/wp\/v2\/users\/2"}],"replies":[{"embeddable":true,"href":"https:\/\/www.europesays.com\/hu\/wp-json\/wp\/v2\/comments?post=149962"}],"version-history":[{"count":0,"href":"https:\/\/www.europesays.com\/hu\/wp-json\/wp\/v2\/posts\/149962\/revisions"}],"wp:featuredmedia":[{"embeddable":true,"href":"https:\/\/www.europesays.com\/hu\/wp-json\/wp\/v2\/media\/149963"}],"wp:attachment":[{"href":"https:\/\/www.europesays.com\/hu\/wp-json\/wp\/v2\/media?parent=149962"}],"wp:term":[{"taxonomy":"category","embeddable":true,"href":"https:\/\/www.europesays.com\/hu\/wp-json\/wp\/v2\/categories?post=149962"},{"taxonomy":"post_tag","embeddable":true,"href":"https:\/\/www.europesays.com\/hu\/wp-json\/wp\/v2\/tags?post=149962"}],"curies":[{"name":"wp","href":"https:\/\/api.w.org\/{rel}","templated":true}]}}