{"id":150326,"date":"2026-06-25T08:42:07","date_gmt":"2026-06-25T08:42:07","guid":{"rendered":"https:\/\/www.europesays.com\/hu\/150326\/"},"modified":"2026-06-25T08:42:07","modified_gmt":"2026-06-25T08:42:07","slug":"index-belfold-penteken-tavozik-a-megafon-utolso-munkavallaloja-szinte-teljesen-ellehetetlenulhet-a-mukodesuk","status":"publish","type":"post","link":"https:\/\/www.europesays.com\/hu\/150326\/","title":{"rendered":"Index &#8211; Belf\u00f6ld &#8211; P\u00e9nteken t\u00e1vozik a Megafon utols\u00f3 munkav\u00e1llal\u00f3ja, szinte teljesen ellehetetlen\u00fclhet a m\u0171k\u00f6d\u00e9s\u00fck"},"content":{"rendered":"<p>Ugyan Boh\u00e1r D\u00e1niel \u00e9s Duk\u00e1sz Magor, a Digit\u00e1lis Szuverenit\u00e1s K\u00f6zpont vezet\u0151je\u00a0kor\u00e1bban azt kommunik\u00e1lta, hogy er\u0151sebben t\u00e9rnek vissza, m\u00e9gis tulajdonk\u00e9ppen ellehetetlen\u00fcl a Megafon tov\u00e1bbi m\u0171k\u00f6d\u00e9se, mivel az utols\u00f3 ott dolgoz\u00f3 munkaviszonya p\u00e9nteken megsz\u0171nik \u2013 \u00e9rtes\u00fclt a <a href=\"https:\/\/media1.hu\/2026\/06\/25\/veget-erhet-a-megafon-mukodese-penteken-az-utolso-alkalmazott-is-tavozik\/\" id=\"hyperlink_0db1fdf4dc99d83bf6f3e935e2bbf2d5\" rel=\"nofollow noopener\" target=\"_blank\">Media1<\/a>.\u00a0<\/p>\n<p>Egy, a lapnak nyilatkoz\u00f3 egykori munkav\u00e1llal\u00f3 r\u00e9szletesen besz\u00e1molt az elm\u00falt b\u0151 k\u00e9t h\u00f3nap tapasztalatair\u00f3l. Eleinte egy\u00e9rtelm\u0171en a folytat\u00e1s mellett k\u00f6telez\u0151dtek el, ezt a t\u00e9nyt pedig az is er\u0151s\u00edtette, hogy Orb\u00e1n Viktor volt minisztereln\u00f6k\u00a0<a href=\"https:\/\/index.hu\/belfold\/2026\/04\/16\/orban-viktor-fidesz-kdnp-orszaggyulesi-valasztasok-valasztas2026-tisza-part-magyar-peter\/\" id=\"hyperlink_bb5c846b741b902219da7834c4ac2609\" target=\"_blank\" title=\"Orb\u00e1n Viktor: A kor\u00e1bbi form\u00e1j\u00e1ban a jobboldali k\u00f6z\u00f6ss\u00e9g nem tudja folytatni l\u00e9tez\u00e9s\u00e9t\" rel=\"nofollow noopener\">a Megafonhoz kapcsol\u00f3d\u00f3 Patri\u00f3t\u00e1nak adta az els\u0151 interj\u00faj\u00e1t<\/a>, miut\u00e1n \u00e1prilis 12-\u00e9n v\u00e1laszt\u00e1si veres\u00e9get szenvedett. Ezt k\u00f6vet\u0151en azonban m\u00e1r arr\u00f3l volt sz\u00f3, hogy v\u00e1ltoz\u00e1sok j\u00f6nnek, amelynek keretein bel\u00fcl sz\u00f3ba ker\u00fclt, hogy k\u00f6z\u00f6ss\u00e9gi finansz\u00edroz\u00e1sra \u00e1lln\u00e1nak \u00e1t. Ezen az \u00e9rtekezletben t\u00f6bben is k\u00e9rd\u0151re vont\u00e1k Duk\u00e1sz Magort, ugyanis kor\u00e1bban azt a t\u00e1j\u00e9koztat\u00e1st kapt\u00e1k, hogy minden m\u00e9r\u00e9s Fidesz-gy\u0151zelmet v\u00e1r.\u00a0<\/p>\n<p>Ekkor m\u00e1r tapinthat\u00f3 volt a bizonytalans\u00e1g, emellett a bels\u0151 kommunik\u00e1ci\u00f3 is egyre zavarosabb\u00e1 v\u00e1lt. Duk\u00e1sz Magor arra k\u00e9rte az ott dolgoz\u00f3kat, hogy a csoportos kommunik\u00e1ci\u00f3t a Signalon folytass\u00e1k. Ezzel p\u00e1rhuzamosan Kov\u00e1cs Istv\u00e1n, a Megafon \u00fcgyvezet\u0151je jelezte, ha nem sz\u00fcletik meg\u00e1llapod\u00e1s, akkor m\u00e1jus 21-\u00e9n bejelentik a csoportos l\u00e9tsz\u00e1mle\u00e9p\u00edt\u00e9st. Ez pedig a Media1 inform\u00e1ci\u00f3i szerint meg is t\u00f6rt\u00e9nt.\u00a0<\/p>\n<p>A munkaviszonyok megsz\u00fcntet\u00e9se k\u00e9t hull\u00e1mban val\u00f3sult meg, a m\u00e1sodik etap \u00e9ppen p\u00e9nteken k\u00f6vetkezik be. K\u00f6r\u00fclbel\u00fcl 55-57 embert \u00e9rintett a le\u00e9p\u00edt\u00e9s, r\u00e1ad\u00e1sul a Megafon irod\u00e1it is felsz\u00e1molt\u00e1k, \u00e9s a b\u00fatorokat is eladt\u00e1k.<\/p>\n<p>Hasonl\u00f3 folyamatok a Digit\u00e1lis Szuverenit\u00e1si K\u00f6zpontn\u00e1l is lezajlottak. Mindezt \u00fagy, hogy az egykori munkav\u00e1llal\u00f3 arr\u00f3l sz\u00e1molt be, hogy a v\u00e1laszt\u00e1si kamp\u00e1nyban eg\u00e9sz napos munk\u00e1t k\u00e9rtek t\u0151l\u00fck azzal az \u00edg\u00e9rettel, hogy \u00edgy egy esetleges v\u00e1laszt\u00e1si veres\u00e9g eset\u00e9n is \u00e9letben tudnak maradni.<\/p>\n<p>A port\u00e1l arra is kit\u00e9r, hogy <a href=\"https:\/\/www.youtube.com\/@PATRIOTA.csatorna\/videos\" id=\"hyperlink_c10c632f33dcd0288c9c41dd7a301c78\" rel=\"nofollow noopener\" target=\"_blank\">a Patri\u00f3ta YouTube-csatorn\u00e1j\u00e1nak<\/a>\u00a0j\u00f6v\u0151je\u00a0is bizonytalan. Nemcsak a f\u0151szerkeszt\u0151 t\u00e1vozott onnan, de az utols\u00f3 \u00e9l\u0151 ad\u00e1sukat is m\u00e9g \u00e1prilis 22-\u00e9n tartott\u00e1k. Az\u00f3ta vide\u00f3s anyagokkal l\u00e1tj\u00e1k el a n\u00e9z\u0151ket, amelyek k\u00f6z\u00f6tt besz\u00e9dek, interj\u00fak, elemz\u00e9sek \u00e9s helysz\u00edni riportok is megtal\u00e1lhat\u00f3k.<\/p>\n<p>                        Atomjaira hullik sz\u00e9t a fideszes m\u00e9diabirodalom<\/p>\n<p>Az elm\u00falt hetekben nem a Megafon volt az egyetlen m\u00e9dium, ahol t\u00f6meges le\u00e9p\u00edt\u00e9s t\u00f6rt\u00e9nt. A <a href=\"https:\/\/index.hu\/belfold\/2026\/06\/15\/mediaworks-magyar-nemzet-bors-origo-leepitesek-valtozasok-bejelentesek-mediapiac\/\" id=\"hyperlink_1654d4d794c0c3b6cb0565584c9b8d1b\" target=\"_blank\" title=\"Index-inf\u00f3: Elkezd\u0151dtek a le\u00e9p\u00edt\u00e9sek a Mediaworksn\u00e9l, ak\u00e1r 180 munkav\u00e1llal\u00f3t is elk\u00fcldhetnek\" rel=\"nofollow noopener\">Mediaworks<\/a> nagys\u00e1grendileg 180 embert\u0151l v\u00e1lt meg, emellett <a href=\"https:\/\/index.hu\/belfold\/2026\/06\/15\/mediaworks-bors-ripost-metropol-mukodes-felfuggesztes\/\" id=\"hyperlink_9e19cd485fe2902e53fafeb625bad554\" target=\"_blank\" title=\"V\u00e9ge a nyomtatott Borsnak, a Mediaworks felf\u00fcggeszti a Ripost \u00e9s a Metropol m\u0171k\u00f6d\u00e9s\u00e9t is\" rel=\"nofollow noopener\">t\u00f6bbek k\u00f6z\u00f6tt megsz\u0171nt<\/a> a nyomtatott Bors, valamint felf\u00fcggesztett\u00e9k a Ripostot \u00e9s a Metropolt. A kir\u00fag\u00e1si hull\u00e1m a <a href=\"https:\/\/index.hu\/belfold\/2026\/06\/17\/magyar-nemzet-elbocsatas-mediaworks-letszamleepites\/\" id=\"hyperlink_7c88f392d5a7209f80a8192ef837c953\" target=\"_blank\" title=\"A Magyar Nemzet szerkeszt\u0151s\u00e9g\u00e9t is el\u00e9rte a l\u00e9tsz\u00e1mle\u00e9p\u00edt\u00e9si hull\u00e1m\" rel=\"nofollow noopener\">Magyar Nemzetet<\/a>, az <a href=\"https:\/\/index.hu\/belfold\/2026\/06\/17\/mediaworks-leepitesek-origo-kirugas\/\" id=\"hyperlink_d87a19c215894ea4c6c35bdb5c921b8f\" target=\"_blank\" title=\"A szerkeszt\u0151s\u00e9g h\u00e1romnegyed\u00e9t kir\u00fagt\u00e1k az Orig\u00f3n\u00e1l, megsz\u00f3laltak a t\u00e1voz\u00f3 \u00fajs\u00e1g\u00edr\u00f3k\" rel=\"nofollow noopener\">Orig\u00f3t<\/a>, valamint a <a href=\"https:\/\/index.hu\/belfold\/2026\/06\/24\/mandiner-felmondas-ujsagiras-kormany-magyar-peter-leepites-mcc\/\" id=\"hyperlink_505793a2f722fb044ba63ccdd5f18417\" target=\"_blank\" title=\"Hatvan embernek mondtak fel a Mandinern\u00e9l\" rel=\"nofollow noopener\">Mandinert<\/a> is utol\u00e9rte, m\u00edg a Pesti Sr\u00e1cok <a href=\"https:\/\/index.hu\/belfold\/2026\/06\/16\/pesti-sracok-tomeges-leepites-elbocsatas-mediaworks-huth-gergely\/\" id=\"hyperlink_7e3cd56b6045391a07786188e44efd0a\" target=\"_blank\" title=\"Folytat\u00f3dik a t\u00f6meges le\u00e9p\u00edt\u00e9s a Mediaworksn\u00e9l, elbocs\u00e1tj\u00e1k a Pesti Sr\u00e1cok \u00f6sszes munkav\u00e1llal\u00f3j\u00e1t\" rel=\"nofollow noopener\">szint\u00e9n felmondott az \u00f6sszes munkat\u00e1rs\u00e1nak<\/a>.\u00a0<\/p>\n<p>A h\u00edrekre reflekt\u00e1lva Ferencz Orsolya volt \u0171rkutat\u00e1si biztos \u00e9s Navracsics Tibor kor\u00e1bbi\u00a0k\u00f6zigazgat\u00e1si \u00e9s ter\u00fcletfejleszt\u00e9si miniszter\u00a0<a href=\"https:\/\/index.hu\/belfold\/2026\/06\/23\/navracsics-tibor-ferencz-orsolya-mediapiac-konzervativ-media\/\" id=\"hyperlink_46a0dbd4f15f6c235d3f87ce15c6f1f7\" target=\"_blank\" title=\"Ny\u00edlt levelet tett k\u00f6zz\u00e9 Navracsics Tibor \u00e9s Ferencz Orsolya: A NER nagyv\u00e1llalkoz\u00f3inak most fizetni\u00fck kell\" data-recommendation=\"bekezdes_utan\" data-recommendation-preview=\"{&quot;og:title&quot;:&quot;Ny\u00edlt levelet tett k\u00f6zz\u00e9 Navracsics Tibor \u00e9s Ferencz Orsolya: A NER nagyv\u00e1llalkoz\u00f3inak most fizetni\u00fck kell&quot;,&quot;og:description&quot;:&quot;Azonnali seg\u00edts\u00e9get k\u00f6vetelnek.&quot;,&quot;og:image&quot;:&quot;\\\/\\\/kep.cdn.indexvas.hu\\\/1\\\/0\\\/6992\\\/69926\\\/699266\\\/69926673_5159301_9afad3c1ad9fe3e8d09fea009ed6ebbd_wm.jpg&quot;}\" data-recommendation-id=\"6232127\" rel=\"nofollow noopener\">ny\u00edlt lev\u00e9lben<\/a> sz\u00f3l\u00edtotta fel\u00a0a magyar nagyt\u0151k\u00e9seket a konzervat\u00edv m\u00e9dia megment\u00e9s\u00e9re, hiszen az elbocs\u00e1t\u00e1sok miatt csal\u00e1dok t\u00f6meg\u00e9nek meg\u00e9lhet\u00e9se ker\u00fclt vesz\u00e9lybe.\u00a0<\/p>\n<p>\n                          (Bor\u00edt\u00f3k\u00e9p: Boh\u00e1r D\u00e1niel 2024. m\u00e1jus 1-j\u00e9n. Fot\u00f3: N\u00e9meth Kata \/ Index)\n                        <\/p>\n<p><a href=\"https:\/\/dex.hu\/x.php?id=googlepref_desktop&amp;url=https:\/\/google.com\/preferences\/source?q=https:\/\/index.hu\" class=\"google-pref-banner \" id=\"googlePrefBanner\" rel=\"nofollow noopener\" target=\"_blank\"><\/p>\n<p>    Itt \u00e1ll\u00edtsa be, hogy az Index az els\u0151k k\u00f6z\u00f6tt legyen a Google-tal\u00e1latokban!<\/p>\n<p><\/a><\/p>\n<p>    <img decoding=\"async\" src=\"https:\/\/index.hu\/assets\/images\/social-follow\/logo-big.svg\" alt=\"Index.hu logo\"\/><\/p>\n<p>K\u00f6vesse az Indexet Facebookon is!<\/p>\n<p>    <a href=\"https:\/\/facebook.com\/Indexhu\" target=\"_blank\" rel=\"nofollow noopener\"><\/p>\n<p>        K\u00f6vetem!<br \/>\n    <\/a><\/p>\n","protected":false},"excerpt":{"rendered":"Ugyan Boh\u00e1r D\u00e1niel \u00e9s Duk\u00e1sz Magor, a Digit\u00e1lis Szuverenit\u00e1s K\u00f6zpont vezet\u0151je\u00a0kor\u00e1bban azt kommunik\u00e1lta, hogy er\u0151sebben t\u00e9rnek vissza, m\u00e9gis&hellip;\n","protected":false},"author":2,"featured_media":150327,"comment_status":"","ping_status":"","sticky":false,"template":"","format":"standard","meta":{"footnotes":"","_share_on_mastodon":"0"},"categories":[33],"tags":[80,39059,45721,38,35,37,44,42,40,6494,264,43,41,5264,34,5415,36,39],"class_list":["post-150326","post","type-post","status-publish","format-standard","has-post-thumbnail","category-hirek","tag-belfold","tag-dukasz-magor","tag-ellehetetlenul","tag-focimek","tag-headlines","tag-hirek","tag-hu","tag-hungarian","tag-hungary","tag-kovacs-istvan","tag-leepites","tag-magyar","tag-magyarorszag","tag-megafon","tag-news","tag-patriota","tag-top-stories","tag-vezeto-hirek"],"share_on_mastodon":{"url":"https:\/\/pubeurope.com\/@hu\/116809861979889244","error":""},"_links":{"self":[{"href":"https:\/\/www.europesays.com\/hu\/wp-json\/wp\/v2\/posts\/150326","targetHints":{"allow":["GET"]}}],"collection":[{"href":"https:\/\/www.europesays.com\/hu\/wp-json\/wp\/v2\/posts"}],"about":[{"href":"https:\/\/www.europesays.com\/hu\/wp-json\/wp\/v2\/types\/post"}],"author":[{"embeddable":true,"href":"https:\/\/www.europesays.com\/hu\/wp-json\/wp\/v2\/users\/2"}],"replies":[{"embeddable":true,"href":"https:\/\/www.europesays.com\/hu\/wp-json\/wp\/v2\/comments?post=150326"}],"version-history":[{"count":0,"href":"https:\/\/www.europesays.com\/hu\/wp-json\/wp\/v2\/posts\/150326\/revisions"}],"wp:featuredmedia":[{"embeddable":true,"href":"https:\/\/www.europesays.com\/hu\/wp-json\/wp\/v2\/media\/150327"}],"wp:attachment":[{"href":"https:\/\/www.europesays.com\/hu\/wp-json\/wp\/v2\/media?parent=150326"}],"wp:term":[{"taxonomy":"category","embeddable":true,"href":"https:\/\/www.europesays.com\/hu\/wp-json\/wp\/v2\/categories?post=150326"},{"taxonomy":"post_tag","embeddable":true,"href":"https:\/\/www.europesays.com\/hu\/wp-json\/wp\/v2\/tags?post=150326"}],"curies":[{"name":"wp","href":"https:\/\/api.w.org\/{rel}","templated":true}]}}