{"id":150494,"date":"2026-06-25T11:14:08","date_gmt":"2026-06-25T11:14:08","guid":{"rendered":"https:\/\/www.europesays.com\/hu\/150494\/"},"modified":"2026-06-25T11:14:08","modified_gmt":"2026-06-25T11:14:08","slug":"visszafordithatnak-a-hatarrol-ha-errol-megfeledkezel-a-nyaralasra-keszulve","status":"publish","type":"post","link":"https:\/\/www.europesays.com\/hu\/150494\/","title":{"rendered":"Visszaford\u00edthatnak a hat\u00e1rr\u00f3l, ha err\u0151l megfeledkezel a nyaral\u00e1sra k\u00e9sz\u00fclve"},"content":{"rendered":"<p>        Csal\u00e1ddal nyaralni nem mindig egyszer\u0171, f\u0151leg akkor, ha kocsival indulunk \u00fatnak, \u00e9s m\u00e9g a hat\u00e1rt is \u00e1tl\u00e9pn\u00e9nk. Ha kedvenc\u00fcnk is vel\u00fcnk tart, k\u00e9t dokumentum n\u00e9lk\u00fcl\u00f6zhetetlen, hogy \u00e1t is engedjenek a hat\u00e1ron. Ha nincs n\u00e1lunk, visszaford\u00edthatnak. Mutatjuk, melyek ezek.<\/p>\n<p class=\"text-left\" data-alignment=\"left\" data-block-key=\"iu8dx\">Amint arra <a href=\"https:\/\/welovedogz.hu\/elet\/kutyaval-hataron\/\" rel=\"noopener noreferrer nofollow\" target=\"_blank\">a We love Dogz<\/a> cikke figyelmeztet, ha kuty\u00e1s nyaral\u00e1st tervez\u00fcnk k\u00fclf\u00f6ldre, elengedhetetlen, hogy \u00e9rv\u00e9nyes veszetts\u00e9g elleni v\u00e9d\u0151olt\u00e1ssal \u00e9s egys\u00e9ges eur\u00f3pai uni\u00f3s kis\u00e1llat \u00fatlev\u00e9llel (Kedvtel\u00e9sb\u0151l tartott \u00e1llat \u00fatlevele &#8211; Pet passport) is rendelkezzen kedvenc\u00fcnk, k\u00fcl\u00f6nben egy hat\u00e1rellen\u0151rz\u00e9s sor\u00e1n visszaford\u00edtanak benn\u00fcnket. Egyes orsz\u00e1gok ter\u00fclet\u00e9re utazva az olt\u00e1si k\u00f6nyvet (Kis\u00e1llat Eg\u00e9szs\u00e9g\u00fcgyi k\u00f6nyv) is magunkkal kell vinn\u00fcnk, hogy a k\u00f6telez\u0151 f\u00e9reghajt\u00e1s megl\u00e9t\u00e9t ellen\u0151rizhess\u00e9k.<\/p>\n<p class=\"text-left\" data-alignment=\"left\" data-block-key=\"iu8dx\">Amennyiben kuty\u00e1nk m\u00e9g k\u00f6ly\u00f6k, \u00e9s csak <a href=\"https:\/\/femina.hu\/terasz\/veszettseg-vedooltas\/\" rel=\"noopener noreferrer nofollow\" target=\"_blank\">egy veszetts\u00e9g elleni v\u00e9d\u0151olt\u00e1st<\/a> kapott, annak bead\u00e1s\u00e1t\u00f3l sz\u00e1m\u00edtva 21 napot kell v\u00e1rnunk arra, hogy m\u00e1s orsz\u00e1gba utazhassunk vele. Az eml\u00e9keztet\u0151 olt\u00e1sok eset\u00e9n nincs id\u0151korl\u00e1t.<\/p>\n<p>            <img decoding=\"async\" alt=\"kis\u00e1llat \u00fatlev\u00e9l \u00e9s olt\u00e1si k\u00f6nyv egy asztalon\" class=\"w-full h-full object-cover\" height=\"278\" loading=\"lazy\"  src=\"https:\/\/www.europesays.com\/hu\/wp-content\/uploads\/2026\/06\/IMG_1534_JCKoqkq.2e16d0ba.format-jpeg.fill-370x278.jpg\"  width=\"370\"\/><\/p>\n<p>\n        A kis\u00e1llat \u00fatlev\u00e9l elengedhetetlen az utaz\u00e1shoz, de j\u00f3, ha az olt\u00e1si k\u00f6nyv is n\u00e1lunk van\n      <\/p>\n<p>    Fot\u00f3: D\u00edv\u00e1ny.hu<\/p>\n<p>      Melyik dokumentumokat vigy\u00fck magunkkal k\u00fclf\u00f6ldre?<\/p>\n<p class=\"text-left\" data-alignment=\"left\" data-block-key=\"9uidn\">Az \u00fatlevelet \u00e9s az olt\u00e1si kisk\u00f6nyvet. Kis\u00e1llat \u00fatlev\u00e9lhez abban az esetben juthatunk hozz\u00e1, ha a hat\u00e1lyos magyar szab\u00e1lyoz\u00e1snak megfelel\u0151en \u00e1llatunk mikrochip seg\u00edts\u00e9g\u00e9vel regisztr\u00e1lt, \u00e9s m\u00e1r megkapta az els\u0151 veszetts\u00e9g elleni v\u00e9d\u0151olt\u00e1s\u00e1t is. Ezt az \u00e1llatorvos \u00e1ll\u00edtja ki, egyszeri d\u00edj ellen\u00e9ben,<\/p>\n<p>        <img decoding=\"async\" src=\"https:\/\/divany.hu\/neon\/static\/images\/divany\/divany_quote.svg\" class=\"left-5 w-[20px] h-[20px] md:w-[42px] md:h-[42px] mb-4\" alt=\"Id\u00e9z\u0151jel ikon\"\/><\/p>\n<p x-data=\"quoteAnimation\" x-init=\"init()\">\n          \u00e9lethosszig \u00e9rv\u00e9nyes az okm\u00e1ny.\n        <\/p>\n<p class=\"text-left\" data-alignment=\"left\" data-block-key=\"bmas3\">Az olt\u00e1si kisk\u00f6nyvet az els\u0151 \u00e1llatorvosi vizsg\u00e1lat \u00e9s a chipel\u00e9s sor\u00e1n kapjuk k\u00e9zhez, ebbe vezetik fel az olt\u00e1sokat is. B\u00e1r az uni\u00f3 egy r\u00e9sz\u00e9n nem kell k\u00f6telez\u0151en n\u00e1lunk lennie, m\u00e9gis is \u00e9rdemes magunkkal vinni, hiszen b\u00e1rmif\u00e9le probl\u00e9ma eset\u00e9n a helyi \u00e1llatorvosnak seg\u00edts\u00e9get ny\u00fajthat kuty\u00e1nk ell\u00e1t\u00e1sa sor\u00e1n.<\/p>\n<p>      Mely orsz\u00e1gokban k\u00f6telez\u0151 az utaz\u00e1s el\u0151tti f\u00e9reghajt\u00e1s?<\/p>\n<p class=\"text-left\" data-alignment=\"left\" data-block-key=\"abmdk\">Egyes orsz\u00e1gokba, p\u00e9ld\u00e1ul Finnorsz\u00e1gba, \u00cdrorsz\u00e1gba, M\u00e1lt\u00e1ra, Norv\u00e9gi\u00e1ba \u00e9s \u00c9szak-\u00cdrorsz\u00e1gba, melyek mentesek az <a data-link-preview=\"true\" data-og-column=\"Testem\" data-og-description=\"Agr\u00e1rszakemberek v\u00e9geznek vizsg\u00e1latokat annak \u00e9rdek\u00e9ben, hogy meghat\u00e1rozz\u00e1k, mekkora vesz\u00e9lyt jelent az aranysak\u00e1lok \u00e9s r\u00f3k\u00e1k \u00e1ltal terjesztett, egyes esetekben hal\u00e1los betegs\u00e9g.\" data-og-image=\"https:\/\/divany.hu\/neon\/media\/images\/62067043_4591237_9feaf4dce2757.format-jpeg.max-3840x2160.jpg\" data-og-tags=\"[\" testem=\"\" data-og-title=\"Magyarorsz\u00e1gon is terjed az \u00faj k\u00f3r, n\u00e9gy ember meghalt, tucatnyi fert\u0151z\u00f6ttr\u0151l tudnak\" href=\"https:\/\/divany.hu\/testem\/2025\/05\/20\/roka-betegseg\/?utm_source=divany&amp;utm_medium=cikklink&amp;utm_campaign=cikklink_belso\" rel=\"noopener noreferrer nofollow\" target=\"_blank\">Echinococcus multilocularis<\/a> nev\u0171 galandf\u00e9regt\u0151l a beutaz\u00e1s felt\u00e9tele a kis\u00e1llat \u00fatlev\u00e9l mellett az \u00e1llatorvos \u00e1ltal beadott, \u00e9s az olt\u00e1si k\u00f6nyvben is regisztr\u00e1lt f\u00e9reghaj\u00f3 kezel\u00e9s.<\/p>\n<p class=\"text-left\" data-alignment=\"left\" data-block-key=\"56ywb\">Ugyan az Eur\u00f3pai Uni\u00f3 schengeni \u00f6vezet\u00e9n bel\u00fcl \u00e1ltal\u00e1ban nem kell hat\u00e1rellen\u0151rz\u00e9sre sz\u00e1m\u00edtanunk, <a href=\"https:\/\/welovedogz.hu\/elet\/vizelet-kutya-takaritas-olasz\/\" rel=\"noopener noreferrer nofollow\" target=\"_blank\">egyes turistaparadicsomokban<\/a> kiemelten ellen\u0151rzik a kuty\u00e1sokat Nyugat-Eur\u00f3p\u00e1ban. Ha nincs n\u00e1lad a kis\u00e1llat \u00fatleveled, kuty\u00e1d napokra <a href=\"https:\/\/europa.eu\/youreurope\/citizens\/travel\/carry\/pets-and-other-animals\/index_hu.htm\" rel=\"noopener noreferrer nofollow\" target=\"_blank\">karant\u00e9nba ker\u00fclhet.<\/a><\/p>\n<p class=\"text-left\" data-alignment=\"left\" data-block-key=\"y80nl\">Az EU-szab\u00e1lyok szerint kuty\u00e1d veled utazhat egy m\u00e1sik uni\u00f3s orsz\u00e1gba, \u00e9s beutazhat az Uni\u00f3 ter\u00fclet\u00e9re szinte b\u00e1rmely EU-n k\u00edv\u00fcli orsz\u00e1gb\u00f3l, amennyiben<\/p>\n<p>megjel\u00f6lt\u00e9k regisztr\u00e1lt mikrochippel (a 2011. j\u00falius 3. el\u0151tt sz\u00fcletett kuty\u00e1k eset\u00e9n ehelyett a j\u00f3l olvashat\u00f3 tetov\u00e1l\u00e1s is megfelel\u0151),rendelkezik \u00e9rv\u00e9nyes veszetts\u00e9g elleni olt\u00e1ssal (az els\u0151 olt\u00e1s eset\u00e9n a bead\u00e1st k\u00f6vet\u0151 21 nap letelte ut\u00e1n);\u00e1tesett veszetts\u00e9g elleni ellenanyagszint-vizsg\u00e1laton (titr\u00e1l\u00e1s), ha a meghat\u00e1rozott, magas kock\u00e1zat\u00fa EU-n k\u00edv\u00fcli orsz\u00e1gok valamelyik\u00e9be utaztok, \u00e9s onnan t\u00e9rn\u00e9tek haza,kapott f\u00e9reghajt\u00f3 kezel\u00e9st az Echinococcus multilocularis galandf\u00e9reg ellen, amennyiben az \u00fati c\u00e9l olyan ter\u00fclet, amely mentes ett\u0151l a parazit\u00e1t\u00f3l.<\/p>\n<p>      A hazat\u00e9r\u00e9shez nem mindig el\u00e9g az \u00fatlev\u00e9l<\/p>\n<p class=\"text-left\" data-alignment=\"left\" data-block-key=\"d54jh\">Amennyiben egy uni\u00f3n k\u00edv\u00fcli harmadik orsz\u00e1g az \u00fati c\u00e9lunk a nyaral\u00e1s sor\u00e1n, p\u00e9ld\u00e1ul Szerbia vagy Montenegr\u00f3, \u00fagynevezett EU-s \u00e1llateg\u00e9szs\u00e9g\u00fcgyi bizony\u00edtv\u00e1nyra is sz\u00fcks\u00e9g\u00fcnk lesz. Ez egy olyan uni\u00f3s szabv\u00e1nymint\u00e1ra \u00e9p\u00fcl\u0151 okm\u00e1ny, ami a h\u00e1zi\u00e1llatra vonatkoz\u00f3 legfontosabb adatokat \u00f6sszegzi, \u00e9s legfeljebb 10 nappal az EU-ba val\u00f3 bel\u00e9p\u00e9s el\u0151tt kell ki\u00e1ll\u00edttatni az adott orsz\u00e1g hat\u00f3s\u00e1gi \u00e1llatorvos\u00e1val. Ha teh\u00e1t egy harmadik orsz\u00e1g az \u00fati c\u00e9lotok, nem \u00e1rt el\u0151re tervezni azzal, hol tudod ezt az igazol\u00e1st k\u00e9rv\u00e9nyezni a nyaral\u00e1s k\u00f6zben.<\/p>\n<p class=\"text-left\" data-alignment=\"left\" data-block-key=\"xcepc\">Nem \u00e1rt, ha a csal\u00e1di nyaral\u00e1sra <a data-link-preview=\"true\" data-og-column=\"\u00c9letem\" data-og-description=\"Mit tartalmazzon az \u00fati patika? Hogyan ig\u00e9nyelj\u00fck \u00e9s mire haszn\u00e1lhatjuk az uni\u00f3s tb-k\u00e1rty\u00e1t? Mi\u00e9rt fontos, hogy legyen utasbiztos\u00edt\u00e1s? Orvos mondja el az \u00fatipatika-kisokost, a hivatalos szervek pedig tov\u00e1bbi hasznos tan\u00e1csokkal szolg\u00e1lnak a felh\u0151tlen nyaral\u00e1shoz.\" data-og-image=\"https:\/\/divany.hu\/neon\/media\/images\/GettyImages-501851781_cBPeFK7.format-jpeg.max-3840x2160.jpg\" data-og-tags=\"[\" data-og-title=\"Ezeket a gy\u00f3gyszereket ne hagyd otthon nyaral\u00e1sn\u00e1l: az \u00fati patika alap \u00f6sszetev\u0151i\" href=\"https:\/\/divany.hu\/eletem\/2026\/06\/24\/utipatika-nyaralas-gyogyszerek-utazas-elokeszuletek\/?utm_source=divany&amp;utm_medium=cikklink&amp;utm_campaign=cikklink_belso\" rel=\"noopener noreferrer nofollow\" target=\"_blank\">gy\u00f3gyszerekkel is k\u00e9sz\u00fcl\u00fcnk<\/a>.<\/p>\n<p><a href=\"https:\/\/google.com\/preferences\/source?q=https%3A\/\/divany.hu\" rel=\"noopener nofollow\" class=\"!flex !items-center !gap-5 !py-2 !px-3 w-full !rounded-xl !font-bold cursor-pointer !no-underline relative !bg-white !text-[#202124] !border !border-[#858585] dark:!bg-[#323232] dark:!text-white dark:border-none mb-4 \" target=\"_blank\"><br \/>\n  <img decoding=\"async\" src=\"https:\/\/divany.hu\/neon\/static\/images\/favicons\/google_favicon.svg\" alt=\"Google\" class=\"shrink-0 w-7 h-7\"\/><br \/>\n  \u00c1ll\u00edtsd be, hogy a D\u00edv\u00e1ny az els\u0151k k\u00f6z\u00f6tt legyen a Google-tal\u00e1latokban!<\/p>\n<p><\/a><\/p>\n","protected":false},"excerpt":{"rendered":"Csal\u00e1ddal nyaralni nem mindig egyszer\u0171, f\u0151leg akkor, ha kocsival indulunk \u00fatnak, \u00e9s m\u00e9g a hat\u00e1rt is \u00e1tl\u00e9pn\u00e9nk. Ha&hellip;\n","protected":false},"author":2,"featured_media":150495,"comment_status":"","ping_status":"","sticky":false,"template":"","format":"standard","meta":{"footnotes":"","_share_on_mastodon":"0"},"categories":[8],"tags":[208,1892,42,917,43,34,1497,674,94,93,92],"class_list":["post-150494","post","type-post","status-publish","format-standard","has-post-thumbnail","category-vilag","tag-csalad","tag-hatarellenorzes","tag-hungarian","tag-kutya","tag-magyar","tag-news","tag-nyaralas","tag-utazas","tag-vilag","tag-world","tag-world-news"],"share_on_mastodon":{"url":"https:\/\/pubeurope.com\/@hu\/116810459991618237","error":""},"_links":{"self":[{"href":"https:\/\/www.europesays.com\/hu\/wp-json\/wp\/v2\/posts\/150494","targetHints":{"allow":["GET"]}}],"collection":[{"href":"https:\/\/www.europesays.com\/hu\/wp-json\/wp\/v2\/posts"}],"about":[{"href":"https:\/\/www.europesays.com\/hu\/wp-json\/wp\/v2\/types\/post"}],"author":[{"embeddable":true,"href":"https:\/\/www.europesays.com\/hu\/wp-json\/wp\/v2\/users\/2"}],"replies":[{"embeddable":true,"href":"https:\/\/www.europesays.com\/hu\/wp-json\/wp\/v2\/comments?post=150494"}],"version-history":[{"count":0,"href":"https:\/\/www.europesays.com\/hu\/wp-json\/wp\/v2\/posts\/150494\/revisions"}],"wp:featuredmedia":[{"embeddable":true,"href":"https:\/\/www.europesays.com\/hu\/wp-json\/wp\/v2\/media\/150495"}],"wp:attachment":[{"href":"https:\/\/www.europesays.com\/hu\/wp-json\/wp\/v2\/media?parent=150494"}],"wp:term":[{"taxonomy":"category","embeddable":true,"href":"https:\/\/www.europesays.com\/hu\/wp-json\/wp\/v2\/categories?post=150494"},{"taxonomy":"post_tag","embeddable":true,"href":"https:\/\/www.europesays.com\/hu\/wp-json\/wp\/v2\/tags?post=150494"}],"curies":[{"name":"wp","href":"https:\/\/api.w.org\/{rel}","templated":true}]}}