{"id":150691,"date":"2026-06-25T14:46:07","date_gmt":"2026-06-25T14:46:07","guid":{"rendered":"https:\/\/www.europesays.com\/hu\/150691\/"},"modified":"2026-06-25T14:46:07","modified_gmt":"2026-06-25T14:46:07","slug":"telex-az-europai-tanacs-elnoke-es-tobb-vezeto-is-vitaba-szallt-magyar-peterrel-ukrajnarol-az-elso-eu-csucsan","status":"publish","type":"post","link":"https:\/\/www.europesays.com\/hu\/150691\/","title":{"rendered":"Telex: Az Eur\u00f3pai Tan\u00e1cs eln\u00f6ke \u00e9s t\u00f6bb vezet\u0151 is vit\u00e1ba sz\u00e1llt Magyar P\u00e9terrel Ukrajn\u00e1r\u00f3l az els\u0151 EU-cs\u00facs\u00e1n"},"content":{"rendered":"<p>Magyarorsz\u00e1g visszat\u00e9rt, \u00fajra akt\u00edv szerepl\u0151k\u00e9nt vesz r\u00e9szt az eur\u00f3pai egy\u00fcttm\u0171k\u00f6d\u00e9sben \u2013 jelentette ki az <a href=\"https:\/\/telex.hu\/video\/2026\/06\/22\/eu-csucs-magyar-peter-ursula-von-der-leyen-volodimir-zelenszkij-orban-viktor-patriotak-europai-unio\" class=\"\" rel=\"nofollow noopener\" target=\"_blank\">uni\u00f3s \u00e1llam- \u00e9s korm\u00e1nyf\u0151k m\u00falt heti \u00fcl\u00e9s\u00e9n<\/a> a magyar minisztereln\u00f6k Moln\u00e1r Bal\u00e1zs P\u00e9ter szerint. A helyettes \u00e1llamtitk\u00e1r cs\u00fct\u00f6rt\u00f6k\u00f6n t\u00e1j\u00e9koztatta a m\u00falt heti EU-cs\u00facsr\u00f3l az Orsz\u00e1ggy\u0171l\u00e9s eur\u00f3pai \u00fcgyekkel foglalkoz\u00f3 bizotts\u00e1g\u00e1t.<\/p>\n<p>Magyar P\u00e9ter ugyan m\u00e1r <a href=\"https:\/\/telex.hu\/kulfold\/2026\/06\/19\/eu-europai-tanacs-magyar-peter-sajtotajekoztato\" class=\"\" rel=\"nofollow noopener\" target=\"_blank\">az Eur\u00f3pai Tan\u00e1cs \u00fcl\u00e9se ut\u00e1n k\u00f6zvetlen\u00fcl<\/a> \u00e9s <a href=\"https:\/\/telex.hu\/video\/2026\/06\/24\/v4-magyar-peter-interju-migracios-paktum-eu-csatlakozas-benes-dekretumok\" class=\"\" rel=\"nofollow noopener\" target=\"_blank\">az\u00f3ta is<\/a> t\u00f6bb r\u00e9szletet megosztott az els\u0151 cs\u00facstal\u00e1lkoz\u00f3j\u00e1r\u00f3l, de a bizotts\u00e1gi meghallgat\u00e1son sz\u00e1mos \u00faj r\u00e9szlet is kider\u00fclt.<\/p>\n<p>T\u00f6bb vezet\u0151vel szemben, lengyel h\u00e1tsz\u00e9llel vetette ki Magyar az utal\u00e1st a gyors\u00edtott ukr\u00e1n csatlakoz\u00e1sra<\/p>\n<p>Magyar kor\u00e1bban <a href=\"https:\/\/telex.hu\/kulfold\/2026\/06\/19\/eu-europai-tanacs-magyar-peter-sajtotajekoztato\" class=\"\" rel=\"nofollow noopener\" target=\"_blank\">arr\u00f3l besz\u00e9lt<\/a>, hogy a z\u00e1r\u00f3dokumentumb\u00f3l kivetetett egy r\u00e9szt, amely Ukrajna gyors\u00edtott uni\u00f3s csatlakoz\u00e1s\u00e1ra utalt. A tags\u00e1ghoz a jel\u00f6lteknek \u00e1t kell venni\u00fck az uni\u00f3s joganyagot, amelyet t\u00f6bb mint harminc fejezetre, hat \u201eklaszterbe\u201d csoportos\u00edtva kell \u00e1tvenni\u00fck. A fejezetek megnyit\u00e1s\u00e1hoz \u00e9s lez\u00e1r\u00e1s\u00e1hoz is egyhang\u00fa t\u00e1mogat\u00e1s kell. A mostani eur\u00f3pai bizotts\u00e1gi m\u00f3dszertan alapj\u00e1n el\u0151sz\u00f6r az els\u0151 klasztert kellene megnyitni. Ezt Ukrajn\u00e1n\u00e1l a k\u00e1rp\u00e1taljai magyarok <a href=\"https:\/\/telex.hu\/kulfold\/2026\/06\/03\/magyar-peter-teljes-koru-megallapodasra-jutott-ukrajnaval-karpatalja-magyar-kisebbseg-jogok\" class=\"\" rel=\"nofollow noopener\" target=\"_blank\">kisebbs\u00e9gi jogait v\u00e9d\u0151 k\u00e9toldal\u00fa egyezm\u00e9ny ut\u00e1n<\/a>, napokkal a cs\u00facs el\u0151tt <a href=\"https:\/\/telex.hu\/kulfold\/2026\/06\/15\/eu-ukrajna-moldova-montenegro-csatlakozasi-targyalasok\" class=\"\" rel=\"nofollow noopener\" target=\"_blank\">\u00e1tengedte a magyar korm\u00e1ny<\/a>. Magyar P\u00e9ter az \u00e1llam- \u00e9s korm\u00e1nyf\u0151k \u00fcl\u00e9se ut\u00e1n <a href=\"https:\/\/telex.hu\/kulfold\/2026\/06\/19\/eu-europai-tanacs-magyar-peter-sajtotajekoztato\" class=\"\" rel=\"nofollow noopener\" target=\"_blank\">k\u00f6z\u00f6lte<\/a>: n\u00e9mi \u201eadok-kapok\u201d ut\u00e1n kivetette azt, hogy az els\u0151 ut\u00e1n a t\u00f6bbi klasztert is megnyiss\u00e1k, \u201eamint lehet\u201d. (A Telex is l\u00e1tott olyan korai tervezetet, amelyben a sz\u00f6veg m\u00e9g benne volt, a v\u00e9gs\u0151ben val\u00f3ban nem volt ott.)<\/p>\n<p>Moln\u00e1r cs\u00fct\u00f6rt\u00f6k\u00f6n kifejtette, hogy a r\u00e9sz kiszed\u00e9s\u00e9t<\/p>\n<p>t\u00f6bb tag\u00e1llam vezet\u0151je \u00e9s maga az Eur\u00f3pai Tan\u00e1cs eln\u00f6ke, Ant\u00f3nio Costa is ellenezte. Ut\u00f3bbi szerinte azzal \u00e9rvelt, hogy az ukr\u00e1noknak a csatlakoz\u00e1si folyamat t\u00f6bbet \u00e9r, mint p\u00e9ld\u00e1ul a p\u00e9nz\u00fcgyi t\u00e1mogat\u00e1s.<\/p>\n<p>Moln\u00e1r azt is elmondta, hogy lengyel t\u00e1mogat\u00e1ssal ker\u00fclt ki a fordulat a sz\u00f6vegb\u0151l. Nem tette hozz\u00e1, de ez az\u00e9rt lehet meglep\u0151, mert a mindenkori lengyel korm\u00e1ny \u00e9s jelenlegi minisztereln\u00f6ke, Donald Tusk hagyom\u00e1nyosan Ukrajna uni\u00f3s tags\u00e1g\u00e1nak egyik leghangosabb sz\u00f3sz\u00f3l\u00f3ja. A besz\u00e1mol\u00f3b\u00f3l nem der\u00fclt ki, hogy a l\u00e9p\u00e9s m\u00f6g\u00f6tt az ut\u00f3bbi id\u0151ben <a href=\"https:\/\/telex.hu\/kulfold\/2026\/06\/21\/kituntetes-visszavonas-ukran-lengyel-vita-feszultseg-upa-hosei-nevrol-nawrocki-zelenszkij-tusk\" class=\"\" rel=\"nofollow noopener\" target=\"_blank\">megromlott lengyel-ukr\u00e1n viszony<\/a> (ez ink\u00e1bb a lengyel \u00e1llamf\u0151vel, mint a minisztereln\u00f6kkel \u00e9lez\u0151d\u00f6tt ki), esetleg valamilyen k\u00e9t- vagy t\u00f6bboldal\u00fa alku \u00e1ll-e (Magyar els\u0151 hivatalos korm\u00e1nyf\u0151i \u00fatja <a href=\"https:\/\/telex.hu\/kulfold\/2026\/05\/19\/magyar-peter-krakko-sajtotajekoztato\" class=\"\" rel=\"nofollow noopener\" target=\"_blank\">Lengyelorsz\u00e1gba vezetett<\/a>, a cs\u00facs el\u0151tt a <a href=\"https:\/\/telex.hu\/kulfold\/2026\/06\/18\/magyar-peter-eu-csucs-v4-magyarorszag-szlovakia-csehorszag-lengyelorszag\" class=\"\" rel=\"nofollow noopener\" target=\"_blank\">visegr\u00e1di orsz\u00e1gok vezet\u0151ivel, k\u00f6zt\u00fck Tuskkal is tal\u00e1lkozott<\/a>).<\/p>\n<p>A helyettes \u00e1llamtitk\u00e1r hangs\u00falyozta: ragaszkodnak ahhoz, hogy a csatlakoz\u00e1s sebess\u00e9g\u00e9t az ukr\u00e1n reformok teljes\u00edtm\u00e9nye hat\u00e1rozza meg. A nyugat-balk\u00e1ni orsz\u00e1gokkal szemben se tartotta volna m\u00e9lt\u00e1nyosnak, ha Ukrajna gyors\u00edtva halad. Erre pedig Szerbi\u00e1t hozta fel p\u00e9ld\u00e1nak, amellyel m\u00e9g nem nyitott\u00e1k meg a harmadik klasztert. Nem tette hozz\u00e1, de erre az Orb\u00e1n-korm\u00e1ny is t\u00f6rekedett a 2024-es soros magyar eln\u00f6ks\u00e9g alatt, a klaszternyit\u00e1st <a href=\"https:\/\/telex.hu\/kulfold\/2024\/12\/17\/eu-europai-unio-tanacsa-magyar-elnokseg-bovites-europai-tanacs-boka-kos\" class=\"\" rel=\"nofollow noopener\" target=\"_blank\">megalapoz\u00f3 lev\u00e9l kik\u00fcld\u00e9s\u00e9ig jutott<\/a>.<\/p>\n<p>Ilyen, az \u00f6sszes ukr\u00e1n klaszterr\u0151l sz\u00f3l\u00f3 <a href=\"https:\/\/telex.hu\/kulfold\/2026\/06\/24\/eu-europai-unio-tanacsa-ukrajna-moldova-csatlakozas\" class=\"\" rel=\"nofollow noopener\" target=\"_blank\">lev\u00e9l kik\u00fcld\u00e9s\u00e9t blokkolta<\/a> a Magyar-korm\u00e1ny p\u00e1r nappal az uni\u00f3s cs\u00facs ut\u00e1n. Ennek a cs\u00facsok v\u00e9g\u00e9n kiadott sz\u00f6veggel szemben m\u00e1r van k\u00f6zvetlen gyakorlati k\u00f6vetkezm\u00e9nye.<\/p>\n<p>B\u00f3k\u00e1nak a volt helyettes \u00e1llamtitk\u00e1r\u00e1t kellett k\u00e9rdeznie<\/p>\n<p>T\u00f6bbek k\u00f6z\u00f6tt ennek az indokl\u00e1s\u00e1r\u00f3l k\u00e9rdezte a helyettes \u00e1llamtitk\u00e1rt B\u00f3ka J\u00e1nos, az eur\u00f3pai \u00fcgyekkel foglalkoz\u00f3 orsz\u00e1ggy\u0171l\u00e9si szakbizotts\u00e1g \u00e9s a Fidesz egyik aleln\u00f6ke. El\u0151re jelezte: a szok\u00e1sok alapj\u00e1n a korm\u00e1nynak \u00e1llamtitk\u00e1rt vagy minisztert kellett volna k\u00fcldenie az \u00fcl\u00e9sre, mert akkor politikai vita is lehetne, \u00edgy ink\u00e1bb szakmai k\u00e9rd\u00e9sekn\u00e9l maradt. A megjegyz\u00e9s sz\u00f3lhatott annak, hogy a napirend kor\u00e1bbi v\u00e1ltozata alapj\u00e1n <a href=\"https:\/\/telex.hu\/belfold\/2026\/05\/12\/biro-nagy-andras-allamtitkar-ruff-balint-policy-solutions\" class=\"\" rel=\"nofollow noopener\" target=\"_blank\">B\u00edr\u00f3-Nagy Andr\u00e1s \u00e1llamtitk\u00e1rt<\/a> faggatt\u00e1k volna, de ezzel az indokl\u00e1ssal a kor\u00e1bbi EU-\u00fcgyi miniszter elker\u00fclhette azt a furcsa helyzetet is, hogy a saj\u00e1t, Minisztereln\u00f6ks\u00e9gbe olvasztott t\u00e1rc\u00e1ja <a href=\"https:\/\/cdn.2020-2025.kormany.hu\/\/uploads\/sheets\/\/d\/d8\/d8e\/d8eaa94d176b5a4d527d794e7b1f714.pdf\" target=\"_blank\" rel=\"nofollow noopener\">volt helyettes \u00e1llamtitk\u00e1r\u00e1val<\/a> kellett volna vit\u00e1znia.<\/p>\n<p>B\u00f3ka J\u00e1nos t\u00f6bbek k\u00f6z\u00f6tt arra is k\u00edv\u00e1ncsi volt, hogy a korm\u00e1ny hogyan tudja betartatni a kisebbs\u00e9gv\u00e9delmi meg\u00e1llapod\u00e1st, \u00e9s Ukrajna megfelel-e a felt\u00e9teleknek a t\u00f6bbi fejezetcsoport megnyit\u00e1s\u00e1hoz, ahogy azt az Eur\u00f3pai Bizotts\u00e1g kor\u00e1bbi \u00e9rt\u00e9kel\u00e9se kimondta, ha pedig nem, miben t\u00e9r el ett\u0151l a korm\u00e1ny v\u00e9lem\u00e9nye.<\/p>\n<p>Sz\u00e1mos tag\u00e1llam korm\u00e1nya el\u0151re dolgozott, hogy minden fejezetet megnyissanak, egyel\u0151re \u00f6sszpontos\u00edtsunk az els\u0151re \u2013 v\u00e1laszolta a helyettes \u00e1llamtitk\u00e1r. A kisebbs\u00e9gv\u00e9delmi egyezm\u00e9ny <a href=\"https:\/\/telex.hu\/kulfold\/2026\/06\/15\/eu-europai-unio-tanacsa-orban-anita-doorstep-ukrajna\" class=\"\" rel=\"nofollow noopener\" target=\"_blank\">k\u00f6ztes m\u00e9rf\u00f6ldk\u0151 lett az els\u0151 klaszterben<\/a>, ezt az \u00e1ll\u00e1spontja szerint az Eur\u00f3pai Bizotts\u00e1g mellett a magyar korm\u00e1ny is betartathatja.<\/p>\n<p>Magyarorsz\u00e1gnak j\u00f3 \u00e9s rossz h\u00edrek is j\u00f6ttek a k\u00f6vetkez\u0151 uni\u00f3s k\u00f6lts\u00e9gvet\u00e9s t\u00e1rgyal\u00e1sair\u00f3l<\/p>\n<p>Moln\u00e1r a k\u00f6vetkez\u0151, 2028-2034-es uni\u00f3s k\u00f6lts\u00e9gvet\u00e9s t\u00e1rgyal\u00e1sair\u00f3l is el\u00e1rult r\u00e9szleteket. A tavaly bemutatott <a href=\"https:\/\/telex.hu\/gazdasag\/2025\/07\/16\/eu-europai-bizottsag-koltsegvetes-mff-javaslat-mezogazdasag-felzarkoztatas-tamogatas\" class=\"\" rel=\"nofollow noopener\" target=\"_blank\">eur\u00f3pai bizotts\u00e1gi javaslatr\u00f3l<\/a> a m\u00falt heti cs\u00facson p\u00f6rg\u00f6tt fel az \u00e9rdemi vita, miut\u00e1n a miniszterek test\u00fclet\u00e9nek soros ciprusi eln\u00f6ks\u00e9ge <a href=\"https:\/\/telex.hu\/gazdasag\/2026\/06\/11\/eu-2028-2034-koltsegvetes-ciprus-negobox\" class=\"\" rel=\"nofollow noopener\" target=\"_blank\">bemutatta a javaslat\u00e1t a saroksz\u00e1mokra<\/a>.<\/p>\n<p>A helyettes \u00e1llamtitk\u00e1r k\u00f6z\u00f6lte: a ciprusi terv ugyan \u00e1tlagosan k\u00e9t sz\u00e1zal\u00e9kot cs\u00f6kkentene az eredeti javaslathoz k\u00e9pest, de nem egyenl\u0151en. \u00c9pp a felz\u00e1rk\u00f3ztat\u00e1si (koh\u00e9zi\u00f3s) politik\u00e1t k\u00edm\u00e9ln\u00e9, \u00e9s a tag\u00e1llamok t\u00falnyom\u00f3 r\u00e9sz\u00e9n\u00e9l m\u00e9g n\u0151ne is a kifejezetten nekik elk\u00fcl\u00f6n\u00edtett p\u00e9nz mennyis\u00e9ge.<\/p>\n<p>Csak n\u00e9h\u00e1ny tag\u00e1llamn\u00e1l lenne jelent\u0151sen nagyobb a \u201enemzeti bor\u00edt\u00e9k\u201d, de Magyarorsz\u00e1g \u00e9pp k\u00f6z\u00e9j\u00fck tartozna, a harmadik legnagyobb emel\u00e9st kapn\u00e1 a ciprusi tervvel.<\/p>\n<p>A k\u00fclpolitik\u00e1n \u00e9s a modern ipar\u00e1gakat t\u00e1mogat\u00f3, nem tag\u00e1llamonk\u00e9nt elk\u00fcl\u00f6n\u00edtett versenyk\u00e9pess\u00e9gi alapon v\u00e1gn\u00e1nak nagyobbat.<\/p>\n<p>A helyettes \u00e1llamtitk\u00e1r utalt r\u00e1, hogy v\u00e1rhat\u00f3an nem marad ilyen kedvez\u0151 a helyzet: a nett\u00f3 befizet\u0151k a k\u00e9t sz\u00e1zal\u00e9kosn\u00e1l nagyobb cs\u00f6kkent\u00e9st akarnak \u00e9s k\u00edm\u00e9ln\u00e9k a versenyk\u00e9pess\u00e9gi alapot. A soros eln\u00f6ks\u00e9get j\u00faliust\u00f3l az \u00edrek veszik \u00e1t, akik nett\u00f3 befizet\u0151k, \u00edgy Moln\u00e1r finoman jelezte, hogy alattuk<\/p>\n<p>\u201ekevesebb sz\u00e1munkra kedvez\u0151 v\u00e1ltoztat\u00e1s v\u00e1rhat\u00f3\u201d.<\/p>\n<p>Az \u00edrek \u00faj saroksz\u00e1mokat mutatnak majd be \u0151sszel, ut\u00e1nuk a miniszteri test\u00fclet eln\u00f6ks\u00e9g\u00e9t\u0151l az \u00e1llam- \u00e9s korm\u00e1nyf\u0151i Eur\u00f3pai Tan\u00e1cs vezet\u00e9se veszi kez\u00e9be a vit\u00e1t. A tervr\u0151l \u00e9v v\u00e9g\u00e9re egyezn\u00e9nek meg, de Moln\u00e1r szerint Magyar jelezte: a meg\u00e1llapod\u00e1s min\u0151s\u00e9ge fontosabb a gyorsas\u00e1gn\u00e1l.<\/p>\n<p>A bizotts\u00e1gi javaslat n\u00f6veln\u00e9 a saj\u00e1t uni\u00f3s bev\u00e9teli forr\u00e1sok ar\u00e1ny\u00e1t, de a helyettes \u00e1llamtitk\u00e1r szerint Magyar sz\u00f3v\u00e1 tette, hogy ezekn\u00e9l a mostani tervek alapj\u00e1n Magyarorsz\u00e1g lenne az egyik legnagyobb k\u00e1rvallott.<\/p>\n<p>A K\u00edn\u00e1val szembeni fell\u00e9p\u00e9s vit\u00e1j\u00e1r\u00f3l is el\u00e1rultak r\u00e9szleteket<\/p>\n<p>Moln\u00e1r a \u201eglob\u00e1lis makrogazdas\u00e1gi egyens\u00falytalans\u00e1gokr\u00f3l\u201d sz\u00f3l\u00f3 eur\u00f3pai tan\u00e1csi vit\u00e1ra is kit\u00e9rt, amit Magyar a sajt\u00f3t\u00e1j\u00e9koztat\u00f3j\u00e1n sz\u00e1nd\u00e9kosan ker\u00fclt, \u00e9s a z\u00e1r\u00f3dokumentumb\u00f3l is kihagytak. A helyettes \u00e1llamtitk\u00e1r gyakorlatilag meger\u0151s\u00edtette, hogy itt K\u00edn\u00e1r\u00f3l volt sz\u00f3. Ursula von der Leyen, az Eur\u00f3pai Bizotts\u00e1g eln\u00f6ke hangs\u00falyozta, hogy a vil\u00e1g m\u00e1sodik legnagyobb gazdas\u00e1ga nem csak munk\u00e1val \u00e9s \u00faj\u00edt\u00e1sokkal, hanem tisztess\u00e9gtelen versennyel, \u00e1llami t\u00e1mogat\u00e1sokkal, az uni\u00f3s c\u00e9geket kiz\u00e1r\u00f3 z\u00e1rt k\u00f6zbeszerz\u00e9si rendszerrel \u00e9rte el az eredm\u00e9nyeit.<\/p>\n<p>Az Eur\u00f3pai Bizotts\u00e1g szerint K\u00edna az uni\u00f3s ipar 55 sz\u00e1zal\u00e9k\u00e1t fenyegeti,<\/p>\n<p>de teljes lev\u00e1l\u00e1s helyett a kock\u00e1zatokat cs\u00f6kkenten\u00e9k, k\u00fcl\u00f6n\u00f6sen a nyersanyagokn\u00e1l, a fejlett technol\u00f3giai \u00e1gazatokban haszn\u00e1lt ritkaf\u00f6ldf\u00e9mekn\u00e9l. K\u00e9szen kell \u00e1llni a k\u00e9nyszer\u00edt\u00e9s elleni gazdas\u00e1gi eszk\u00f6z haszn\u00e1lat\u00e1ra is (ezt szokt\u00e1k a nemzetk\u00f6zi sajt\u00f3ban \u201ebazookak\u00e9nt\u201d emlegetni), de \u00faj eszk\u00f6z\u00f6k is kellen\u00e9nek, mondta Moln\u00e1r szerint a bizotts\u00e1gi eln\u00f6k. A vezet\u0151k \u00e1ltal\u00e1noss\u00e1gban osztott\u00e1k a bizotts\u00e1gi \u00e1ll\u00e1spontot, a magyar korm\u00e1ny gyakorlatias, \u00e9rdekalap\u00fa, de a biztons\u00e1gi kock\u00e1zatokra \u00fcgyel\u0151 kapcsolatot szeretne.<\/p>\n","protected":false},"excerpt":{"rendered":"Magyarorsz\u00e1g visszat\u00e9rt, \u00fajra akt\u00edv szerepl\u0151k\u00e9nt vesz r\u00e9szt az eur\u00f3pai egy\u00fcttm\u0171k\u00f6d\u00e9sben \u2013 jelentette ki az uni\u00f3s \u00e1llam- \u00e9s korm\u00e1nyf\u0151k&hellip;\n","protected":false},"author":2,"featured_media":150692,"comment_status":"","ping_status":"","sticky":false,"template":"","format":"standard","meta":{"footnotes":"","_share_on_mastodon":"0"},"categories":[6],"tags":[4466,13103,5722,33972,5578,429,44,42,40,104,64,43,41,1356,45804,2307,58],"class_list":["post-150691","post","type-post","status-publish","format-standard","has-post-thumbnail","category-magyarorszag","tag-antonio-costa","tag-boka-janos","tag-donald-tusk","tag-ets","tag-europai-tanacs","tag-europai-unio","tag-hu","tag-hungarian","tag-hungary","tag-kina","tag-kulfold","tag-magyar","tag-magyarorszag","tag-migracio","tag-molnar-balazs-peter","tag-orszaggyules","tag-ukrajna"],"share_on_mastodon":{"url":"https:\/\/pubeurope.com\/@hu\/116811293245715120","error":""},"_links":{"self":[{"href":"https:\/\/www.europesays.com\/hu\/wp-json\/wp\/v2\/posts\/150691","targetHints":{"allow":["GET"]}}],"collection":[{"href":"https:\/\/www.europesays.com\/hu\/wp-json\/wp\/v2\/posts"}],"about":[{"href":"https:\/\/www.europesays.com\/hu\/wp-json\/wp\/v2\/types\/post"}],"author":[{"embeddable":true,"href":"https:\/\/www.europesays.com\/hu\/wp-json\/wp\/v2\/users\/2"}],"replies":[{"embeddable":true,"href":"https:\/\/www.europesays.com\/hu\/wp-json\/wp\/v2\/comments?post=150691"}],"version-history":[{"count":0,"href":"https:\/\/www.europesays.com\/hu\/wp-json\/wp\/v2\/posts\/150691\/revisions"}],"wp:featuredmedia":[{"embeddable":true,"href":"https:\/\/www.europesays.com\/hu\/wp-json\/wp\/v2\/media\/150692"}],"wp:attachment":[{"href":"https:\/\/www.europesays.com\/hu\/wp-json\/wp\/v2\/media?parent=150691"}],"wp:term":[{"taxonomy":"category","embeddable":true,"href":"https:\/\/www.europesays.com\/hu\/wp-json\/wp\/v2\/categories?post=150691"},{"taxonomy":"post_tag","embeddable":true,"href":"https:\/\/www.europesays.com\/hu\/wp-json\/wp\/v2\/tags?post=150691"}],"curies":[{"name":"wp","href":"https:\/\/api.w.org\/{rel}","templated":true}]}}