{"id":151041,"date":"2026-06-25T19:57:08","date_gmt":"2026-06-25T19:57:08","guid":{"rendered":"https:\/\/www.europesays.com\/hu\/151041\/"},"modified":"2026-06-25T19:57:08","modified_gmt":"2026-06-25T19:57:08","slug":"tech-kapu-tibor-veszi-at-a-magyar-urugynokseg-vezeteset","status":"publish","type":"post","link":"https:\/\/www.europesays.com\/hu\/151041\/","title":{"rendered":"Tech: Kapu Tibor veszi \u00e1t a Magyar \u0170r\u00fcgyn\u00f6ks\u00e9g vezet\u00e9s\u00e9t"},"content":{"rendered":"<p>Kapu Tibor, Magyarorsz\u00e1g m\u00e1sodik kutat\u00f3 \u0171rhaj\u00f3sa fogja vezetni a Tisza-korm\u00e1ny \u00e1ltal \u00fajj\u00e1szervezett Magyar \u0170r\u00fcgyn\u00f6ks\u00e9get \u2013 jelentette be Tan\u00e1cs Zolt\u00e1n tudom\u00e1nyos \u00e9s technol\u00f3giai miniszter az <a href=\"https:\/\/hu.euronews.com\/next\/2026\/06\/25\/a-miniszter-kapu-tibort-bizta-meg-a-magyar-urprogram-atalakitasaval\" target=\"_blank\" rel=\"nofollow noopener\">Euronews<\/a> besz\u00e1mol\u00f3ja szerint.<\/p>\n<p>A bejelent\u00e9st az \u0171rhaj\u00f3s kil\u00f6v\u00e9s\u00e9nek els\u0151 \u00e9vfordul\u00f3ja alkalm\u00e1b\u00f3l a Millen\u00e1rison rendezett \u00fcnneps\u00e9gre id\u0151z\u00edtett\u00e9k, \u00e9s mint Tan\u00e1cs elmondta: \u201eAz \u0171rtev\u00e9kenys\u00e9g az egyik legfontosabb feladat, befektet\u00e9s a j\u00f6v\u0151be\u201d.<\/p>\n<p>A miniszter szerint ugyan a korm\u00e1nyv\u00e1lt\u00e1s ut\u00e1n sokakban felmer\u00fclt, hogy mi a fontosabb: t\u00edzmilli\u00e1rdokat elk\u00f6lteni arra, hogy egy-egy ember eljusson az \u0171rbe, vagy az, hogy megfelel\u0151en m\u0171k\u00f6dj\u00f6n az eg\u00e9szs\u00e9g\u00fcgy, a k\u00f6zleked\u00e9s, \u00e9s a k\u00f6zalkalmazottak emberhez m\u00e9lt\u00f3 fizet\u00e9seket kapjanak.<\/p>\n<p>Tan\u00e1cs Zolt\u00e1n azonban \u00fagy l\u00e1tja, hogy megfelel\u0151 gazd\u00e1lkod\u00e1s mellett nem kell ilyen d\u00f6nt\u00e9st meghozni, mert jutni fog p\u00e9nz ezek mindegyik\u00e9re.<\/p>\n<p>A Hunor megb\u00edzat\u00e1sa \u00e9v v\u00e9g\u00e9n lej\u00e1r. Ez id\u0151 alatt Kapu Tibor fogja vezetni a szervezetet. \u0150 azt a feladatot kapta, hogy f\u00e9l \u00e9v alatt szervezze \u00e1t annyira a m\u0171k\u00f6d\u00e9st, hogy az \u0171r\u00fcgyn\u00f6ks\u00e9get ne legyen \u00e9rdemes bez\u00e1rni. Ehhez \u00faj \u0171rstrat\u00e9gi\u00e1ra \u00e9s \u0171rt\u00f6rv\u00e9nyre is sz\u00fcks\u00e9g lesz. B\u00e1r az EU is dolgozik k\u00f6z\u00f6s szab\u00e1lyoz\u00e1son, a Tisza megel\u0151zn\u00e9 Br\u00fcsszelt. Tan\u00e1cs azt szeretn\u00e9, ha a magyar iroda szorosabb kapcsolatot alak\u00edtana ki az Eur\u00f3pai \u0170r\u00fcgyn\u00f6ks\u00e9ggel, de amit enn\u00e9l is egy\u00e9rtelm\u0171bben lesz\u00f6gezett: Magyarorsz\u00e1gnak olyan \u0171r\u00fcgyn\u00f6ks\u00e9gre van sz\u00fcks\u00e9ge, amely az eg\u00e9sz magyar gazdas\u00e1g sz\u00e1m\u00e1ra el\u0151ny\u00f6s munk\u00e1t v\u00e9gez, p\u00e9ld\u00e1ul megb\u00edz\u00e1sokhoz juttatja a kis- \u00e9s k\u00f6z\u00e9pv\u00e1llalkoz\u00e1sokat.<\/p>\n<p>Mint arr\u00f3l kor\u00e1bban <a href=\"https:\/\/hvg.hu\/elet\/20260518_kapu-tibor-orban-kormany-tisza-urhajos-demokratikus-magyarorszag-fidesz-pozicio-felkeres\" target=\"_self\" rel=\"nofollow noopener\">besz\u00e1moltunk<\/a>, a korm\u00e1nyv\u00e1lt\u00e1s ut\u00e1n Kapu Tibor arr\u00f3l besz\u00e9lt a sajt\u00f3nak, hogy az Orb\u00e1n-korm\u00e1ny \u00e1ltal felk\u00edn\u00e1lt poz\u00edci\u00f3t nem fogadta el, de ha Magyar P\u00e9ter\u00e9k k\u00e9rn\u00e9k f\u00f6l, azt \u00e1tgondoln\u00e1.<\/p>\n","protected":false},"excerpt":{"rendered":"Kapu Tibor, Magyarorsz\u00e1g m\u00e1sodik kutat\u00f3 \u0171rhaj\u00f3sa fogja vezetni a Tisza-korm\u00e1ny \u00e1ltal \u00fajj\u00e1szervezett Magyar \u0170r\u00fcgyn\u00f6ks\u00e9get \u2013 jelentette be Tan\u00e1cs&hellip;\n","protected":false},"author":2,"featured_media":151042,"comment_status":"","ping_status":"","sticky":false,"template":"","format":"standard","meta":{"footnotes":"","_share_on_mastodon":"0"},"categories":[33],"tags":[38,35,37,44,42,40,15975,15974,43,41,34,36,124,45879,245,39],"class_list":["post-151041","post","type-post","status-publish","format-standard","has-post-thumbnail","category-hirek","tag-focimek","tag-headlines","tag-hirek","tag-hu","tag-hungarian","tag-hungary","tag-hunor-program","tag-kapu-tibor","tag-magyar","tag-magyarorszag","tag-news","tag-top-stories","tag-tudomany","tag-urugynokseg","tag-vezetes","tag-vezeto-hirek"],"share_on_mastodon":{"url":"https:\/\/pubeurope.com\/@hu\/116812516031984617","error":""},"_links":{"self":[{"href":"https:\/\/www.europesays.com\/hu\/wp-json\/wp\/v2\/posts\/151041","targetHints":{"allow":["GET"]}}],"collection":[{"href":"https:\/\/www.europesays.com\/hu\/wp-json\/wp\/v2\/posts"}],"about":[{"href":"https:\/\/www.europesays.com\/hu\/wp-json\/wp\/v2\/types\/post"}],"author":[{"embeddable":true,"href":"https:\/\/www.europesays.com\/hu\/wp-json\/wp\/v2\/users\/2"}],"replies":[{"embeddable":true,"href":"https:\/\/www.europesays.com\/hu\/wp-json\/wp\/v2\/comments?post=151041"}],"version-history":[{"count":0,"href":"https:\/\/www.europesays.com\/hu\/wp-json\/wp\/v2\/posts\/151041\/revisions"}],"wp:featuredmedia":[{"embeddable":true,"href":"https:\/\/www.europesays.com\/hu\/wp-json\/wp\/v2\/media\/151042"}],"wp:attachment":[{"href":"https:\/\/www.europesays.com\/hu\/wp-json\/wp\/v2\/media?parent=151041"}],"wp:term":[{"taxonomy":"category","embeddable":true,"href":"https:\/\/www.europesays.com\/hu\/wp-json\/wp\/v2\/categories?post=151041"},{"taxonomy":"post_tag","embeddable":true,"href":"https:\/\/www.europesays.com\/hu\/wp-json\/wp\/v2\/tags?post=151041"}],"curies":[{"name":"wp","href":"https:\/\/api.w.org\/{rel}","templated":true}]}}