{"id":151561,"date":"2026-06-26T08:23:07","date_gmt":"2026-06-26T08:23:07","guid":{"rendered":"https:\/\/www.europesays.com\/hu\/151561\/"},"modified":"2026-06-26T08:23:07","modified_gmt":"2026-06-26T08:23:07","slug":"index-belfold-torok-gabor-utoljara-szolalt-meg-sulyok-tamas-eltavolitasarol-szerintem-hataratlepes-tortenik","status":"publish","type":"post","link":"https:\/\/www.europesays.com\/hu\/151561\/","title":{"rendered":"Index &#8211; Belf\u00f6ld &#8211; T\u00f6r\u00f6k G\u00e1bor utolj\u00e1ra sz\u00f3lalt meg Sulyok Tam\u00e1s elt\u00e1vol\u00edt\u00e1s\u00e1r\u00f3l: Szerintem hat\u00e1r\u00e1tl\u00e9p\u00e9s t\u00f6rt\u00e9nik"},"content":{"rendered":"<p>Nem csillapodnak a ked\u00e9lyek T\u00f6r\u00f6k G\u00e1bor \u00e9s Magyar P\u00e9ter k\u00f6z\u00f6tt, a cs\u00fct\u00f6r\u00f6ki cs\u00f6rte ut\u00e1n p\u00e9nteken \u00fajabb bejegyz\u00e9ssel jelentkezett az elemz\u0151, megjegyezve, hogy ezek m\u00e1r az utols\u00f3 gondolatai a Sulyok Tam\u00e1st \u00e9rint\u0151 egymondatos alkotm\u00e1nym\u00f3dos\u00edt\u00e1ssal kapcsolatban.\u00a0<\/p>\n<p>A politikai elemz\u0151 hat pontban foglalta \u00f6ssze gondolatait az eszk\u00f6z\u00f6k, a felhatalmaz\u00e1s \u00e9s az alkotm\u00e1nyos kult\u00fara \u00f6sszef\u00fcgg\u00e9seir\u0151l:<\/p>\n<p>                        A politik\u00e1ban nem csak az sz\u00e1m\u00edt, mit akarsz el\u00e9rni, hanem az is, hogyan \u00e9red el. Az eszk\u00f6z maga is \u00fczenetet hord. \u201eA gordiuszi csom\u00f3 kibogoz\u00e1sa \u00e9s \u00e1tv\u00e1g\u00e1sa sem ugyanazt jelenti\u201d \u2013 mutatott r\u00e1.\u00a0<br \/>\n                        A v\u00e1laszt\u00f3i felhatalmaz\u00e1s val\u00f3di, de nem felt\u00e9tlen. Nem minden eszk\u00f6z elfogadhat\u00f3 csak az\u00e9rt, mert a c\u00e9l legitim. \u201eNyilv\u00e1n sokan nem helyeseln\u00e9k azt sem, ha Magyar P\u00e9ter felgy\u00fajtan\u00e1 a S\u00e1ndor-palot\u00e1t, pedig a c\u00e9lt azzal is el lehetne \u00e9rni\u201d \u2013 magyar\u00e1zta T\u00f6r\u00f6k.\u00a0<br \/>\n                        \u201eAz egymondatos jakobinus husz\u00e1rv\u00e1g\u00e1s nem ebbe a k\u00f6rbe tartozik\u201d \u2013 fogalmazott, amikor arr\u00f3l \u00edrt, hogy egy verseng\u0151 demokr\u00e1ci\u00e1ban az sz\u00e1m\u00edt teljes\u00edtm\u00e9nynek, ha valaki a szab\u00e1lyok betart\u00e1s\u00e1val gy\u0151z.<br \/>\n                        Szerinte jelenleg semmi m\u00e1s nem g\u00e1tolja a l\u00e9p\u00e9st, csak a korm\u00e1nyp\u00e1rti k\u00e9pvisel\u0151k \u00f6nm\u00e9rs\u00e9klete.<br \/>\n                        T\u00f6r\u00f6k nem szokott politikusoknak tan\u00e1csot adni, de most kiv\u00e9telt tesz: ami most t\u00f6rt\u00e9nik, az szerinte \u00e1tl\u00e9p egy hat\u00e1rt. \u201eAhogy azonban a Fidesz 2010-es alkotm\u00e1nym\u00f3dos\u00edt\u00e1sakor \u00e9s m\u00e9g n\u00e9h\u00e1ny m\u00e1s esetben is megtettem, most is fontosnak tartom, hogy r\u00f6gz\u00edts\u00fck: szerintem hat\u00e1r\u00e1tl\u00e9p\u00e9s t\u00f6rt\u00e9nik\u201d \u2013 sz\u00f6gezte le.<br \/>\n                        S\u00f3lyom L\u00e1szl\u00f3t id\u00e9zve azt \u00edrta, hogy \u201eaz alkotm\u00e1nyos kult\u00fara l\u00e9nyege, hogy vannak dolgok, amiket rendes ember akkor sem tesz meg, ha jogilag megtehetn\u00e9\u201d.<\/p>\n<p>                        Megy az adok-kapok\u00a0<\/p>\n<p>Cs\u00fct\u00f6rt\u00f6k\u00f6n arr\u00f3l \u00edrt T\u00f6r\u00f6k G\u00e1bor, hogy\u00a0a Tisza P\u00e1rt k\u00e9sz\u00fcl\u0151 alkotm\u00e1nym\u00f3dos\u00edt\u00e1sa \u2013 amellyel egyetlen mondattal t\u00e1vol\u00edtan\u00e1k el Sulyok Tam\u00e1s k\u00f6zt\u00e1rsas\u00e1gi eln\u00f6k\u00f6t \u2013 az elm\u00falt m\u00e1sf\u00e9l \u00e9vtized <a href=\"https:\/\/index.hu\/belfold\/2026\/06\/25\/torok-gabor-politikai-elemzo-orban-kormany-sulyok-tamas-magyar-peter-alkotmanymodositas\/\" id=\"hyperlink_72c4ca37329796b9c64d47b4fdfcba06\" target=\"_blank\" title=\"T\u00f6r\u00f6k G\u00e1bor szerint akik megszavazz\u00e1k Sulyok elt\u00e1vol\u00edt\u00e1s\u00e1t, azok azt hiszik, semmi nem korl\u00e1tozza \u0151ket\" rel=\"nofollow noopener\">legs\u00falyosabb alkotm\u00e1nyos precedense<\/a> lehet.<\/p>\n<p>Az elemz\u0151 fegyvermetafor\u00e1ja szerint ha az eszk\u00f6zt egyszer bevetik, az t\u00f6bb\u00e9 nem lehet\u0151s\u00e9g, hanem bevett gyakorlat: egy k\u00e9s\u0151bbi, val\u00f3ban f\u00fcggetlen eln\u00f6k\u00f6t ugyanolyan k\u00f6nnyen s\u00f6p\u00f6rhetnek f\u00e9lre, mint a mostanit.\u00a0T\u00f6r\u00f6k bejegyz\u00e9s\u00e9re Magyar P\u00e9ter t\u00fcst\u00e9nt reag\u00e1lt, ez\u00fattal csak egy mondatban:\u00a0\u00a0\u201enem lenne sz\u00e9p dolog szembemenni a demokratikus n\u00e9pakarattal \u00e9s felhatalmaz\u00e1ssal\u2026\u201d.<\/p>\n<p>Majd folytat\u00f3dott az \u00fczenget\u00e9s, <a href=\"https:\/\/index.hu\/belfold\/2026\/06\/25\/torok-gabor-magyar-peter-sulyok-tamas-alkotmanymodositas-szijjarto-peter-idezet\/\" id=\"hyperlink_c066a86e0128a4ae75334fb86c101788\" target=\"_blank\" title=\"Folytat\u00f3dott T\u00f6r\u00f6k G\u00e1bor \u00e9s Magyar P\u00e9ter cs\u00f6rt\u00e9je, az elemz\u0151 egy Szijj\u00e1rt\u00f3-id\u00e9zettel reag\u00e1lt\" data-recommendation=\"bekezdes_utan\" data-recommendation-preview=\"{&quot;og:title&quot;:&quot;Folytat\u00f3dott T\u00f6r\u00f6k G\u00e1bor \u00e9s Magyar P\u00e9ter cs\u00f6rt\u00e9je, az elemz\\u0151 egy Szijj\u00e1rt\u00f3-id\u00e9zettel reag\u00e1lt&quot;,&quot;og:description&quot;:&quot;R\u00e9g\u00f3ta nem l\u00e1tott T\u00f6r\u00f6k\u2013Magyar csata kezd\\u0151d\u00f6tt.&quot;,&quot;og:image&quot;:&quot;\\\/\\\/kep.cdn.indexvas.hu\\\/1\\\/0\\\/6953\\\/69539\\\/695393\\\/69539377_5131561_6fc47a3ff6fe5670a47734eed9c232ba_wm.jpg&quot;}\" data-recommendation-id=\"6234047\" rel=\"nofollow noopener\">T\u00f6r\u00f6k egy vide\u00f3val reag\u00e1lt<\/a>, amelyben a korm\u00e1nyf\u0151\u00a0a cs\u00fct\u00f6rt\u00f6ki korm\u00e1nysz\u00f3viv\u0151i t\u00e1j\u00e9koztat\u00f3n neki v\u00e1laszol:\u00a0\u201e\u00c9n nem javaslom senkinek, b\u00e1rmilyen elemz\u0151nek is tartja mag\u00e1t, hogy k\u00e9t fagyiz\u00e1s k\u00f6zben a demokratikus n\u00e9pakaratot fel\u00fcl akarja \u00edrni\u201d. Ezzel Magyar P\u00e9ter arra utalt, hogy az elemz\u0151 tavaly Orb\u00e1n Viktorral k\u00f6z\u00f6sen  <a href=\"https:\/\/dex.hu\/x.php?id=index_belfold_cikklink&amp;url=https%3A%2F%2Findex.hu%2Fbelfold%2F2025%2F08%2F08%2Ftorok-gabor-orban-viktor-fagyiugy-kvittek-kibekultek%2F\" id=\"hyperlink_a9cf4207fcda28cd45cb44691b159550\" target=\"_blank\" title=\"Orb\u00e1n Viktor \u00e9s T\u00f6r\u00f6k G\u00e1bor elnyaltak k\u00f6z\u00f6sen egy fagyit, \u201emost m\u00e1r kvittek\u201d\" rel=\"nofollow noopener\">elnyalt egy fagyit<\/a>, ezzel lez\u00e1rva a k\u00f6zt\u00fck l\u00e9v\u0151 konfliktust.<\/p>\n<p>Az elemz\u0151 a korm\u00e1nyf\u0151 kijelent\u00e9s\u00e9re egy 2010-b\u0151l sz\u00e1rmaz\u00f3 id\u00e9zettel reag\u00e1lt, ami Szijj\u00e1rt\u00f3 P\u00e9ter egykori k\u00fclgazdas\u00e1gi \u00e9s k\u00fcl\u00fcgyminisztert\u0151l sz\u00e1rmazik:<\/p>\n<p>\u00bbHa egy korm\u00e1nynak az a feladata, hogy megmentse az emberek nyugd\u00edj\u00e1t, akkor nem blogol\u00f3 politol\u00f3gusok v\u00e9lem\u00e9ny\u00e9t kell el\u0151zetesen kalkul\u00e1lnia.\u00ab (Szijj\u00e1rt\u00f3 P\u00e9ter 2010-ben az AB jogk\u00f6reit korl\u00e1toz\u00f3 alkotm\u00e1nym\u00f3dos\u00edt\u00e1s kapcs\u00e1n)<\/p>\n<p>\u2013 \u00edrta posztj\u00e1ban T\u00f6r\u00f6k G\u00e1bor.<\/p>\n<p>A csata azonban csak ezut\u00e1n kezd\u0151d\u00f6tt, mert a kommentszekci\u00f3ban megjelent Magyar, aki azt k\u00e9rdezte, \u201enem baj, hogy mindent el\u0151re vil\u00e1gosan elmondtunk, v\u00e1llaltunk \u00e9s ennek f\u00e9ny\u00e9ben kaptuk v\u00e1laszt\u00e1son a valaha volt legnagyobb felhatalmaz\u00e1st?\u201d.<\/p>\n<p>Term\u00e9szetesen erre meg\u00e9rkezett T\u00f6r\u00f6k reakci\u00f3ja is, az elemz\u0151 nehezm\u00e9nyezte, hogy most mag\u00e1z\u00f3dik vele a minisztereln\u00f6k, holott kor\u00e1bban, m\u00e9g tegez\u0151dtek. Itt visszautalt a fagyi-\u00fcgyre is, megjegyezte, hogy Magyarral k\u00e1v\u00e9ztak a h\u0171s\u00edt\u0151 desszert elfogyaszt\u00e1sa helyett.<\/p>\n<p>Mint meg\u00edrtuk, a Tisza-korm\u00e1ny a h\u00e9ten t\u00e1rsadalmi egyeztet\u00e9sre bocs\u00e1totta az Alapt\u00f6rv\u00e9ny tizenhetedik m\u00f3dos\u00edt\u00e1s\u00e1nak tervezet\u00e9t, amelyr\u0151l j\u00fanius 27-ig v\u00e1rj\u00e1k a v\u00e9lem\u00e9nyeket. A javaslat indokl\u00e1sa szerint a hat\u00e1lyos Alapt\u00f6rv\u00e9ny \u201enem az egys\u00e9g, hanem a megosztotts\u00e1g szimb\u00f3luma volt\u201d, ez\u00e9rt \u00e1tfog\u00f3 reformra van sz\u00fcks\u00e9g \u2013 egyel\u0151re azonban csak a legs\u00fcrget\u0151bb pontokat \u00edrn\u00e1k \u00e1t. A csomag a k\u00e9pvisel\u0151k megb\u00edzat\u00e1s\u00e1nak id\u0151korl\u00e1tj\u00e1t\u00f3l a <a href=\"https:\/\/dex.hu\/x.php?id=index_belfold_cikklink&amp;url=https%3A%2F%2Findex.hu%2Fbelfold%2F2026%2F06%2F22%2Ftisza-kormany-alaptorveny-modositas-mandatum-magyar-peter-sulyok-tamas%2F\" id=\"hyperlink_a827b5fa6e9aba54b81659753667bcec\" target=\"_blank\" title=\"Itt a Tisza alapt\u00f6rv\u00e9ny-m\u00f3dos\u00edt\u00e1si javaslata: eln\u00f6kcsere, b\u00edr\u00f3i f\u00fcggetlens\u00e9g, vagyonv\u00e9delem\" rel=\"nofollow noopener\">k\u00f6zt\u00e1rsas\u00e1gi eln\u00f6k azonnali lev\u00e1lt\u00e1s\u00e1ig<\/a> sz\u00e1mos \u00e9rz\u00e9keny ter\u00fcletet \u00e9rint.<\/p>\n<p>\n                          (Bor\u00edt\u00f3k\u00e9p: T\u00f6r\u00f6k G\u00e1bor\u00a02018. m\u00e1rcius 25-\u00e9n. Fot\u00f3:\u00a0Ajpek Orsi \/ Index)\u00a0\n                        <\/p>\n<p><a href=\"https:\/\/dex.hu\/x.php?id=googlepref_desktop&amp;url=https:\/\/google.com\/preferences\/source?q=https:\/\/index.hu\" class=\"google-pref-banner \" id=\"googlePrefBanner\" rel=\"nofollow noopener\" target=\"_blank\"><\/p>\n<p>    Itt \u00e1ll\u00edtsa be, hogy az Index az els\u0151k k\u00f6z\u00f6tt legyen a Google-tal\u00e1latokban!<\/p>\n<p><\/a><\/p>\n<p>    <img decoding=\"async\" src=\"https:\/\/index.hu\/assets\/images\/social-follow\/logo-big.svg\" alt=\"Index.hu logo\"\/><\/p>\n<p>K\u00f6vesse az Indexet Facebookon is!<\/p>\n<p>    <a href=\"https:\/\/facebook.com\/Indexhu\" target=\"_blank\" rel=\"nofollow noopener\"><\/p>\n<p>        K\u00f6vetem!<br \/>\n    <\/a><\/p>\n","protected":false},"excerpt":{"rendered":"Nem csillapodnak a ked\u00e9lyek T\u00f6r\u00f6k G\u00e1bor \u00e9s Magyar P\u00e9ter k\u00f6z\u00f6tt, a cs\u00fct\u00f6r\u00f6ki cs\u00f6rte ut\u00e1n p\u00e9nteken \u00fajabb bejegyz\u00e9ssel jelentkezett&hellip;\n","protected":false},"author":2,"featured_media":109878,"comment_status":"","ping_status":"","sticky":false,"template":"","format":"standard","meta":{"footnotes":"","_share_on_mastodon":"0"},"categories":[21],"tags":[26621,80,198,3123,137,199,44,42,40,43,944,41,13146,138,1671],"class_list":["post-151561","post","type-post","status-publish","format-standard","has-post-thumbnail","category-hiressegek","tag-alkotmanymodositas","tag-belfold","tag-celebrities","tag-csorte","tag-entertainment","tag-hiressegek","tag-hu","tag-hungarian","tag-hungary","tag-magyar","tag-magyar-peter","tag-magyarorszag","tag-sulyok-tamas","tag-szorakozas","tag-torok-gabor"],"share_on_mastodon":{"url":"https:\/\/pubeurope.com\/@hu\/116815449490039132","error":""},"_links":{"self":[{"href":"https:\/\/www.europesays.com\/hu\/wp-json\/wp\/v2\/posts\/151561","targetHints":{"allow":["GET"]}}],"collection":[{"href":"https:\/\/www.europesays.com\/hu\/wp-json\/wp\/v2\/posts"}],"about":[{"href":"https:\/\/www.europesays.com\/hu\/wp-json\/wp\/v2\/types\/post"}],"author":[{"embeddable":true,"href":"https:\/\/www.europesays.com\/hu\/wp-json\/wp\/v2\/users\/2"}],"replies":[{"embeddable":true,"href":"https:\/\/www.europesays.com\/hu\/wp-json\/wp\/v2\/comments?post=151561"}],"version-history":[{"count":0,"href":"https:\/\/www.europesays.com\/hu\/wp-json\/wp\/v2\/posts\/151561\/revisions"}],"wp:featuredmedia":[{"embeddable":true,"href":"https:\/\/www.europesays.com\/hu\/wp-json\/wp\/v2\/media\/109878"}],"wp:attachment":[{"href":"https:\/\/www.europesays.com\/hu\/wp-json\/wp\/v2\/media?parent=151561"}],"wp:term":[{"taxonomy":"category","embeddable":true,"href":"https:\/\/www.europesays.com\/hu\/wp-json\/wp\/v2\/categories?post=151561"},{"taxonomy":"post_tag","embeddable":true,"href":"https:\/\/www.europesays.com\/hu\/wp-json\/wp\/v2\/tags?post=151561"}],"curies":[{"name":"wp","href":"https:\/\/api.w.org\/{rel}","templated":true}]}}