{"id":151820,"date":"2026-06-26T12:33:13","date_gmt":"2026-06-26T12:33:13","guid":{"rendered":"https:\/\/www.europesays.com\/hu\/151820\/"},"modified":"2026-06-26T12:33:13","modified_gmt":"2026-06-26T12:33:13","slug":"index-belfold-utkozott-egy-busszal-majd-gyorsan-elhajtott-a-helyszinrol-a-skoda-soforje","status":"publish","type":"post","link":"https:\/\/www.europesays.com\/hu\/151820\/","title":{"rendered":"Index &#8211; Belf\u00f6ld &#8211; \u00dctk\u00f6z\u00f6tt egy busszal, majd gyorsan elhajtott a helysz\u00ednr\u0151l a Skoda sof\u0151rje"},"content":{"rendered":"<p>\u00d6sszesen h\u00e1rom pof\u00e1tlan \u00e9s vesz\u00e9lyes vezet\u0151i d\u00f6nt\u00e9s felv\u00e9teleit szedte \u00f6ssze a Budapesti Aut\u00f3sok oldala. Mind a h\u00e1rmat szem\u00e9lyaut\u00f3k fed\u00e9lzeti kamer\u00e1j\u00e1val k\u00e9sz\u00edtett\u00e9k.<\/p>\n<p>Az els\u0151 felv\u00e9telen l\u00e1that\u00f3 Skoda sof\u0151rje szemmel l\u00e1that\u00f3an nem tanulta meg, hogy \u201ebusszal nem vitatkozunk\u201d.\u00a0A busz a sz\u00e9ls\u0151 s\u00e1vba sorolt volna, az aut\u00f3 sof\u0151rje azonban nem adott els\u0151bbs\u00e9get neki, \u00edgy \u00f6ssze\u00e9rtek. Az aut\u00f3s ezut\u00e1n felhajtott a z\u00f6ldter\u00fcletre, \u00e9s keresztbe \u00e1llt a busz el\u0151tt, majd amikor a busz sof\u0151rje kisz\u00e1llt, az aut\u00f3s egyszer\u0171en elhajtott.<\/p>\n<p>A m\u00e1sodik jelenet\u00a0Veszpr\u00e9m k\u00fcls\u0151 k\u00f6rgy\u0171r\u0171j\u00e9n, a Csat\u00e1ri \u00e9s a v\u00e1mosi el\u00e1gaz\u00f3 k\u00f6z\u00f6tti szakaszon k\u00e9sz\u00fclt. A felv\u00e9telen egy aut\u00f3s l\u00e1that\u00f3, aki a megsz\u0171n\u0151 besorol\u00f3s\u00e1v ellen\u00e9re sem sorol vissza, hanem a f\u00fcv\u00f6n folytatja a teljes kocsisor el\u0151z\u00e9s\u00e9t.<\/p>\n<p>A bek\u00fcld\u0151 v\u00e9g\u00fcl beengedte maga el\u00e9 a szab\u00e1lytalankod\u00f3 sof\u0151rt, aki azonban k\u00f6sz\u00f6net helyett m\u00e9g be is mutatott neki.<\/p>\n<p>A jelenet j\u00f3l p\u00e9ld\u00e1zza, hogy egyesek sz\u00e1m\u00e1ra a szab\u00e1lytalan man\u0151ver sem el\u00e9g, m\u00e9g s\u00e9relmezik is, ha m\u00e1sok ezt sz\u00f3v\u00e1 teszik.<\/p>\n<p>A harmadik eset \u00dajpesten t\u00f6rt\u00e9nt, ahol egy aut\u00f3s a j\u00e1rd\u00e1t haszn\u00e1lta gyors\u00edt\u00e1sra.\u00a0\u201eA j\u00e1rd\u00e1n vett rep\u00fcl\u0151rajtot, majd k\u00e9zif\u00e9kes fordulattal ir\u00e1nyba tette a \u00bbvasat\u00ab \u00dajpesten a pil\u00f3ta\u201d \u2013 \u00edrta meg a felv\u00e9tel bek\u00fcld\u0151je.<\/p>\n<p><a href=\"https:\/\/dex.hu\/x.php?id=googlepref_desktop&amp;url=https:\/\/google.com\/preferences\/source?q=https:\/\/index.hu\" class=\"google-pref-banner \" id=\"googlePrefBanner\" rel=\"nofollow noopener\" target=\"_blank\"><\/p>\n<p>    Itt \u00e1ll\u00edtsa be, hogy az Index az els\u0151k k\u00f6z\u00f6tt legyen a Google-tal\u00e1latokban!<\/p>\n<p><\/a><\/p>\n<p>                <a href=\"https:\/\/konyvek.index.hu\/\" target=\"_blank\" rel=\"nofollow noopener\"><br \/>\n                <img decoding=\"async\" src=\"https:\/\/index.hu\/assets\/images\/konyvajanlo\/book_indapress\/book_indapress_logo.svg\" loading=\"lazy\" alt=\"Inda Press Kiad\u00f3\"\/><br \/>\n                <\/a><\/p>\n<p>                <img decoding=\"async\" src=\"https:\/\/www.europesays.com\/hu\/wp-content\/uploads\/2026\/06\/1782373156_796_hogyantudnek.png\" loading=\"lazy\" alt=\"Hogyan tudn\u00e9k \u00e9lni n\u00e9lk\u00fcled?\"\/><\/p>\n<p>Ismerd meg a film m\u00f6g\u00f6tt \u00e1ll\u00f3 m\u0171v\u00e9szek t\u00f6rt\u00e9neteit \u00e9s szerezd be a Hogyan tudn\u00e9k \u00e9lni n\u00e9lk\u00fcled? kulisszak\u00f6nyv\u00e9t!<\/p>\n<p>                <a class=\"book_index_btn\" href=\"https:\/\/indexadhu.hit.gemius.pl\/hitredir?id=nSCbubuYpDWJZLZs0TssLrbt33Lk5kbipuiZrkg89G3.g7&amp;stparam=uidhlvpiig&amp;fastid=hlkzmkpizaaluhlbedwldibviqkk&amp;nc=0&amp;url=https:\/\/www.indapresskiado.hu\/products\/hogyan-tudnek-elni-nelkuled\" target=\"_blank\" rel=\"nofollow noopener\">MEGVESZEM<\/a><\/p>\n<p>    <img loading=\"lazy\" decoding=\"async\" src=\"https:\/\/www.europesays.com\/hu\/wp-content\/uploads\/2026\/06\/1782477193_618_redot.gif\" border=\"0\" height=\"0\" width=\"0\"\/><\/p>\n<p>    <img decoding=\"async\" src=\"https:\/\/index.hu\/assets\/images\/social-follow\/logo-big.svg\" alt=\"Index.hu logo\"\/><\/p>\n<p>K\u00f6vesse az Indexet Facebookon is!<\/p>\n<p>    <a href=\"https:\/\/facebook.com\/Indexhu\" target=\"_blank\" rel=\"nofollow noopener\"><\/p>\n<p>        K\u00f6vetem!<br \/>\n    <\/a><\/p>\n","protected":false},"excerpt":{"rendered":"\u00d6sszesen h\u00e1rom pof\u00e1tlan \u00e9s vesz\u00e9lyes vezet\u0151i d\u00f6nt\u00e9s felv\u00e9teleit szedte \u00f6ssze a Budapesti Aut\u00f3sok oldala. Mind a h\u00e1rmat szem\u00e9lyaut\u00f3k&hellip;\n","protected":false},"author":2,"featured_media":151821,"comment_status":"","ping_status":"","sticky":false,"template":"","format":"standard","meta":{"footnotes":"","_share_on_mastodon":"0"},"categories":[6],"tags":[115,80,9113,537,23344,44,42,40,43,41,245],"class_list":["post-151820","post","type-post","status-publish","format-standard","has-post-thumbnail","category-magyarorszag","tag-auto","tag-belfold","tag-budapesti-autosok","tag-busz","tag-goncz-arpad-varoskozpont","tag-hu","tag-hungarian","tag-hungary","tag-magyar","tag-magyarorszag","tag-vezetes"],"share_on_mastodon":{"url":"https:\/\/pubeurope.com\/@hu\/116816433065386876","error":""},"_links":{"self":[{"href":"https:\/\/www.europesays.com\/hu\/wp-json\/wp\/v2\/posts\/151820","targetHints":{"allow":["GET"]}}],"collection":[{"href":"https:\/\/www.europesays.com\/hu\/wp-json\/wp\/v2\/posts"}],"about":[{"href":"https:\/\/www.europesays.com\/hu\/wp-json\/wp\/v2\/types\/post"}],"author":[{"embeddable":true,"href":"https:\/\/www.europesays.com\/hu\/wp-json\/wp\/v2\/users\/2"}],"replies":[{"embeddable":true,"href":"https:\/\/www.europesays.com\/hu\/wp-json\/wp\/v2\/comments?post=151820"}],"version-history":[{"count":0,"href":"https:\/\/www.europesays.com\/hu\/wp-json\/wp\/v2\/posts\/151820\/revisions"}],"wp:featuredmedia":[{"embeddable":true,"href":"https:\/\/www.europesays.com\/hu\/wp-json\/wp\/v2\/media\/151821"}],"wp:attachment":[{"href":"https:\/\/www.europesays.com\/hu\/wp-json\/wp\/v2\/media?parent=151820"}],"wp:term":[{"taxonomy":"category","embeddable":true,"href":"https:\/\/www.europesays.com\/hu\/wp-json\/wp\/v2\/categories?post=151820"},{"taxonomy":"post_tag","embeddable":true,"href":"https:\/\/www.europesays.com\/hu\/wp-json\/wp\/v2\/tags?post=151820"}],"curies":[{"name":"wp","href":"https:\/\/api.w.org\/{rel}","templated":true}]}}