{"id":152667,"date":"2026-06-27T06:24:11","date_gmt":"2026-06-27T06:24:11","guid":{"rendered":"https:\/\/www.europesays.com\/hu\/152667\/"},"modified":"2026-06-27T06:24:11","modified_gmt":"2026-06-27T06:24:11","slug":"index-belfold-lecsapott-a-kormany-a-kozmediara-szombaton-tavozik-a-vezetes","status":"publish","type":"post","link":"https:\/\/www.europesays.com\/hu\/152667\/","title":{"rendered":"Index &#8211; Belf\u00f6ld &#8211; Lecsapott a korm\u00e1ny a k\u00f6zm\u00e9di\u00e1ra, szombaton t\u00e1vozik a vezet\u00e9s"},"content":{"rendered":"<p>Szombaton megsz\u0171nik a k\u00f6zm\u00e9dia vezet\u0151inek megb\u00edzat\u00e1sa, mivel megjelent a m\u00e9diat\u00f6rv\u00e9ny m\u00f3dos\u00edt\u00e1sa a <a href=\"https:\/\/magyarkozlony.hu\/\" id=\"hyperlink_a3aea3ae1bcda37a843b33dbfefc8e6f\" rel=\"nofollow noopener\" target=\"_blank\">Magyar K\u00f6zl\u00f6nyben<\/a> p\u00e9nteken.<\/p>\n<p>A m\u00e9diaszolg\u00e1ltat\u00e1sokr\u00f3l \u00e9s a t\u00f6megkommunik\u00e1ci\u00f3r\u00f3l sz\u00f3l\u00f3 t\u00f6rv\u00e9ny m\u00f3dos\u00edt\u00e1s\u00e1nak p\u00e9nteki kihirdet\u00e9s\u00e9t k\u00f6vet\u0151 napon hat\u00e1lyba l\u00e9p\u0151 rendelkez\u00e9se szerint megsz\u0171nik:<\/p>\n<p>                        a m\u00e9diatan\u00e1cs eln\u00f6ke, Koltay Andr\u00e1s \u00e9s a test\u00fclet tagjai;<br \/>\n                        valamint a Duna M\u00e9diaszolg\u00e1ltat\u00f3 Nonprofit Zrt. vezet\u0151je, Altorjai Anita;<br \/>\n                        tov\u00e1bb\u00e1 a M\u00e9diaszolg\u00e1ltat\u00e1s-t\u00e1mogat\u00f3 \u00e9s Vagyonkezel\u0151 Alap vez\u00e9rigazgat\u00f3ja, Papp D\u00e1niel vezet\u0151 tiszts\u00e9gvisel\u0151i megb\u00edzat\u00e1sa.<\/p>\n<p>A t\u00f6rv\u00e9nym\u00f3dos\u00edt\u00e1s szerint az Orsz\u00e1ggy\u0171l\u00e9s m\u00e9dia\u00fcgyekkel foglalkoz\u00f3 \u00e1lland\u00f3 bizotts\u00e1ga az \u00e1ltala hozott hat\u00e1rozatban kijel\u00f6lt szem\u00e9ly, Gr\u00f3sz Judit k\u00f6zm\u00e9di\u00e1\u00e9rt felel\u0151s miniszteri biztos \u00fatj\u00e1n halad\u00e9ktalanul gondoskodik a sz\u00fcks\u00e9ges elj\u00e1r\u00e1s lebonyol\u00edt\u00e1s\u00e1r\u00f3l, tov\u00e1bb\u00e1 a k\u00f6zm\u00e9dia folyamatos, zavartalan m\u0171k\u00f6d\u00e9se \u00e9s \u00e1talak\u00edt\u00e1sa \u00e9rdek\u00e9ben a Duna M\u00e9diaszolg\u00e1ltat\u00f3 Nonprofit Zrt. \u00e9s az MTVA \u00e1tmeneti vezet\u00e9s\u00e9r\u0151l mindaddig, am\u00edg az e t\u00f6rv\u00e9nyben meghat\u00e1rozott \u00faj vezet\u0151 tiszts\u00e9gvisel\u0151k megb\u00edzat\u00e1sa l\u00e9tre nem j\u00f6n \u2013 sz\u00e1molt be r\u00f3la az MTI.<\/p>\n<p>                        H\u00e9t v\u00e1rmegye \u00e9l\u00e9re \u00faj f\u0151isp\u00e1n ker\u00fcl<\/p>\n<p><a href=\"https:\/\/index.hu\/belfold\/2026\/06\/26\/foispan-kinevezes-magyar-kozlony-magyar-peter-tisza-kormany-dokumentum\/\" id=\"hyperlink_6759c1f9087d3daa3b31274d3c8fbcd7\" target=\"_blank\" title=\"H\u00e9t v\u00e1rmegy\u00e9ben cser\u00e9l f\u0151isp\u00e1nt Magyar P\u00e9ter\" data-recommendation=\"bekezdes_utan\" data-recommendation-preview=\"{&quot;og:title&quot;:&quot;H\u00e9t v\u00e1rmegy\u00e9ben cser\u00e9l f\\u0151isp\u00e1nt Magyar P\u00e9ter&quot;,&quot;og:description&quot;:&quot;Megjelent a Magyar K\u00f6zl\u00f6ny.&quot;,&quot;og:image&quot;:&quot;\\\/\\\/kep.cdn.indexvas.hu\\\/1\\\/0\\\/7020\\\/70200\\\/702007\\\/70200707_5179253_559bd4ddc32285872c0224410758dcd1_wm.jpg&quot;}\" data-recommendation-id=\"6234811\" rel=\"nofollow noopener\">Mint arr\u00f3l besz\u00e1moltunk<\/a>, h\u00e9t v\u00e1rmegye \u00e9l\u00e9n cser\u00e9l\u0151dik a f\u0151isp\u00e1n j\u00fanius 29-\u00e9t\u0151l. A minisztereln\u00f6k p\u00e9nteken tette k\u00f6zz\u00e9 a kinevez\u00e9seket a Magyar K\u00f6zl\u00f6nyben.<\/p>\n<p>A dokumentum szerint a vid\u00e9k- \u00e9s telep\u00fcl\u00e9sfejleszt\u00e9si miniszter javaslat\u00e1ra<\/p>\n<p>                        Bede P\u00e9ter J\u00f3zsefet a Szabolcs-Szatm\u00e1r-Bereg V\u00e1rmegyei Korm\u00e1nyhivatal,<br \/>\n                        Bozsolik R\u00f3bert Zsoltot a Tolna V\u00e1rmegyei Korm\u00e1nyhivatal,<br \/>\n                        Cseresny\u00e9s B\u00e9l\u00e1t a Zala V\u00e1rmegyei Korm\u00e1nyhivatal,<br \/>\n                        Fr\u00f6hlichn\u00e9 Hamar Editet a Veszpr\u00e9m V\u00e1rmegyei Korm\u00e1nyhivatal,<br \/>\n                        Kov\u00e1cs \u00c9v\u00e1t a Heves V\u00e1rmegyei Korm\u00e1nyhivatal,<br \/>\n                        Sinka-\u00c1cs Juditot a Somogy V\u00e1rmegyei Korm\u00e1nyhivatal \u00e9s<br \/>\n                        Tyukodi D\u00e1vidot a Kom\u00e1rom-Esztergom V\u00e1rmegyei Korm\u00e1nyhivatal<\/p>\n<p>\u00e9l\u00e9re nevezi ki j\u00fanius 29-ei hat\u00e1llyal Magyar P\u00e9ter.<\/p>\n<p>\n                          (Bor\u00edt\u00f3k\u00e9p: Az MTVA sz\u00e9kh\u00e1za 2025. m\u00e1rcius 21-\u00e9n. Fot\u00f3: Szoll\u00e1r Zs\u00f3fi \/ Index)\u00a0\n                        <\/p>\n<p><a href=\"https:\/\/dex.hu\/x.php?id=googlepref_desktop&amp;url=https:\/\/google.com\/preferences\/source?q=https:\/\/index.hu\" class=\"google-pref-banner \" id=\"googlePrefBanner\" rel=\"nofollow noopener\" target=\"_blank\"><\/p>\n<p>    Itt \u00e1ll\u00edtsa be, hogy az Index az els\u0151k k\u00f6z\u00f6tt legyen a Google-tal\u00e1latokban!<\/p>\n<p><\/a><\/p>\n<p>    <img decoding=\"async\" src=\"https:\/\/index.hu\/assets\/images\/social-follow\/logo-big.svg\" alt=\"Index.hu logo\"\/><\/p>\n<p>K\u00f6vesse az Indexet Facebookon is!<\/p>\n<p>    <a href=\"https:\/\/facebook.com\/Indexhu\" target=\"_blank\" rel=\"nofollow noopener\"><\/p>\n<p>        K\u00f6vetem!<br \/>\n    <\/a><\/p>\n","protected":false},"excerpt":{"rendered":"Szombaton megsz\u0171nik a k\u00f6zm\u00e9dia vezet\u0151inek megb\u00edzat\u00e1sa, mivel megjelent a m\u00e9diat\u00f6rv\u00e9ny m\u00f3dos\u00edt\u00e1sa a Magyar K\u00f6zl\u00f6nyben p\u00e9nteken. A m\u00e9diaszolg\u00e1ltat\u00e1sokr\u00f3l \u00e9s&hellip;\n","protected":false},"author":2,"featured_media":152668,"comment_status":"","ping_status":"","sticky":false,"template":"","format":"standard","meta":{"footnotes":"","_share_on_mastodon":"0"},"categories":[33],"tags":[80,38,35,37,44,42,40,6528,43,1858,41,14192,33393,4211,27362,34,36,245,39],"class_list":["post-152667","post","type-post","status-publish","format-standard","has-post-thumbnail","category-hirek","tag-belfold","tag-focimek","tag-headlines","tag-hirek","tag-hu","tag-hungarian","tag-hungary","tag-kozmedia","tag-magyar","tag-magyar-kozlony","tag-magyarorszag","tag-mediatorveny","tag-megbizatas","tag-megszunes","tag-modositas","tag-news","tag-top-stories","tag-vezetes","tag-vezeto-hirek"],"share_on_mastodon":{"url":"https:\/\/pubeurope.com\/@hu\/116820643917183056","error":""},"_links":{"self":[{"href":"https:\/\/www.europesays.com\/hu\/wp-json\/wp\/v2\/posts\/152667","targetHints":{"allow":["GET"]}}],"collection":[{"href":"https:\/\/www.europesays.com\/hu\/wp-json\/wp\/v2\/posts"}],"about":[{"href":"https:\/\/www.europesays.com\/hu\/wp-json\/wp\/v2\/types\/post"}],"author":[{"embeddable":true,"href":"https:\/\/www.europesays.com\/hu\/wp-json\/wp\/v2\/users\/2"}],"replies":[{"embeddable":true,"href":"https:\/\/www.europesays.com\/hu\/wp-json\/wp\/v2\/comments?post=152667"}],"version-history":[{"count":0,"href":"https:\/\/www.europesays.com\/hu\/wp-json\/wp\/v2\/posts\/152667\/revisions"}],"wp:featuredmedia":[{"embeddable":true,"href":"https:\/\/www.europesays.com\/hu\/wp-json\/wp\/v2\/media\/152668"}],"wp:attachment":[{"href":"https:\/\/www.europesays.com\/hu\/wp-json\/wp\/v2\/media?parent=152667"}],"wp:term":[{"taxonomy":"category","embeddable":true,"href":"https:\/\/www.europesays.com\/hu\/wp-json\/wp\/v2\/categories?post=152667"},{"taxonomy":"post_tag","embeddable":true,"href":"https:\/\/www.europesays.com\/hu\/wp-json\/wp\/v2\/tags?post=152667"}],"curies":[{"name":"wp","href":"https:\/\/api.w.org\/{rel}","templated":true}]}}