{"id":153740,"date":"2026-06-28T06:00:09","date_gmt":"2026-06-28T06:00:09","guid":{"rendered":"https:\/\/www.europesays.com\/hu\/153740\/"},"modified":"2026-06-28T06:00:09","modified_gmt":"2026-06-28T06:00:09","slug":"innen-mar-minden-merkozes-elet-halal-harca-kezdodik-a-vilagbajnoksag-kieseses-szakasza-index-hu","status":"publish","type":"post","link":"https:\/\/www.europesays.com\/hu\/153740\/","title":{"rendered":"Innen m\u00e1r minden m\u00e9rk\u0151z\u00e9s \u00e9let-hal\u00e1l harca, kezd\u0151dik a vil\u00e1gbajnoks\u00e1g kies\u00e9ses szakasza &#8211; Index.hu"},"content":{"rendered":"<p><a href=\"https:\/\/news.google.com\/rss\/articles\/CBMiiwJBVV95cUxNWTVoeGlReFlhTlJzclJPS2pqMzRPSjk3ODFWb0VMVEczbjgyMlpNU3ZDNlZSbXhPOWN6Y2tPYUx2bHdxeDVNN1JwY0FITzNVR09Qd1BIVURlRXp0WmsxOC1aMk40UDROU1lnSXJ5NUpTR3B0YXI2RHRZWU8yWDVyZTdsaGdxOUZvTGVyTkwyVTZwaTVvN3lpZWp6dFp2Zmh2c3YzcGwxMk9GMmFNY1FrWmJrT0NxWHBsZ1B0NHc3dWw5X1ZCN2ZqUlVMTk0zUnB5UzJXTTdrNUoxWk1sMzRoNFFJSG9SQXlycUh2XzdUVUdZbGxtMzlKWGEyR1J3LU90M1VZRE1DMEpqZVk?oc=5\" target=\"_blank\" rel=\"nofollow noopener\">Innen m\u00e1r minden m\u00e9rk\u0151z\u00e9s \u00e9let-hal\u00e1l harca, kezd\u0151dik a vil\u00e1gbajnoks\u00e1g kies\u00e9ses szakasza<\/a>&nbsp;&nbsp;Index.hu<a href=\"https:\/\/news.google.com\/rss\/articles\/CBMi3wFBVV95cUxQZU5PVnZiSnJjZlQxakdtQjVHenZYWlJOSEJCSjBuTUZ2dkhVTGdJQ3l2bVBMZFQxN2d5WGhKaGZIbmhDRDYwd3V1WkpaU1kwbDFRUm9hR05wcmVKeEphZmx3bFdxbDBVNWJhbEdJY0RUdWJKX3dJcW1HZFAzbVY5REZncGt5MFMzWVdkSktrVjVJUmlVcHJZZTk2QTNVUzRkTG0walZwcU5TVWhwcHJJWXRNdkMzNHRNdW5FZ1NrcTdVRFA3d0xXQlRlc3lxdUE2TFBUNHdwV1g2Qk1qWlFz?oc=5\" target=\"_blank\" rel=\"nofollow noopener\">Az angolokat lesz\u00e1m\u00edtva egy \u00e1gon Eur\u00f3pa nagyjai \u2013 \u00edme, a kies\u00e9ses szakasz programja \u00e9s a k\u00f6zvet\u00edt\u00e9sek<\/a>&nbsp;&nbsp;M4 Sport<a href=\"https:\/\/news.google.com\/rss\/articles\/CBMizgFBVV95cUxOcEk4emFrN3A0WC1LRF9Ma0pGbXVEUUtwVnlndkdzakM5SnJ3a3VibDBtZ0VENmVISXBlYkFYV0pzRUZOWnF2M3Q0Vkk4MXQyVmhDY1ZWX2JFM3ZlNFNxOGlBdFVUT0ZWdGV6WGpKVUhkYWw0LWMyTjg5SUJrRms3WVpXVFRYV1QxVGFNME9BdnZVWHRKQ0xWckdyRHdzRGFTY1dIZHhQSmt2Ry1lX1pDQ3UwZk1PUDc4QUJEcTlaWmxOWFV3TnFQTzF0b2xndw?oc=5\" target=\"_blank\" rel=\"nofollow noopener\">Amerikai pite: Portug\u00e1lia csak mag\u00e1nak k\u00f6sz\u00f6nheti a nehezebb \u00e1gat \u2013 vb-kibesz\u00e9l\u0151, 17. nap<\/a>&nbsp;&nbsp;Nemzeti Sport<a href=\"https:\/\/news.google.com\/rss\/articles\/CBMijgFBVV95cUxPX0JEaE1XZE9MeUVweWI5OGJzeVBjd191ZjJxV0Q4NHh0T0RSSGt6akpIb1NPRm5hVFFhZmFnMmd3UGxIZXN0SEhFV05jOWo3eVVueWNhVy1OYi1NMGsxZXBsVnh1cFlPQ1dRV2lQejEwZU42UDlZYUVaT0Q2QUFyYkN5dXFHekEyS1FjMFR3?oc=5\" target=\"_blank\" rel=\"nofollow noopener\">Jord\u00e1nia-Argent\u00edna 1-2, Alg\u00e9ria-Ausztria 1-2, Kolumbia rangad\u00f3ba l\u00f6kte Ronald\u00f3\u00e9kat, Kane \u00e9s Modric t\u00f6rt\u00e9nelmet \u00edrt \u2013 \u00e9l\u0151 h\u00edrfolyam a vil\u00e1gbajnoks\u00e1g 17. j\u00e1t\u00e9knapj\u00e1r\u00f3l<\/a>&nbsp;&nbsp;24.hu<a href=\"https:\/\/news.google.com\/rss\/articles\/CBMiowFBVV95cUxNX0ozQzgzamhZYTdWWkwyV3k5aWFvUGhxM2VtSlpyYzVvTldBdHM4UTNrcnFnYXg0SmcyX0lUcS1QeC1aSGpBa0w1aWo0TndnOXNVTXhIOWpKaFNTeHVsekVYN2Z2am1XWEtpQ2pLOWRoX1ZJZGFoQ2RiMWpQQXpBc0ppRmQtSzNRS0NybXZNZHM2Wi1oNFR3YmVlUTFpa3VjYjA0?oc=5\" target=\"_blank\" rel=\"nofollow noopener\">Kialakult a legjobb 32 mez\u0151nye a labdar\u00fag\u00f3 vil\u00e1gbajnoks\u00e1gon<\/a>&nbsp;&nbsp;Kontroll<\/p>\n","protected":false},"excerpt":{"rendered":"Innen m\u00e1r minden m\u00e9rk\u0151z\u00e9s \u00e9let-hal\u00e1l harca, kezd\u0151dik a vil\u00e1gbajnoks\u00e1g kies\u00e9ses szakasza&nbsp;&nbsp;Index.huAz angolokat lesz\u00e1m\u00edtva egy \u00e1gon Eur\u00f3pa nagyjai \u2013&hellip;\n","protected":false},"author":2,"featured_media":153741,"comment_status":"","ping_status":"","sticky":false,"template":"","format":"standard","meta":{"footnotes":"","_share_on_mastodon":"0"},"categories":[14],"tags":[4871,1557,40852,24069,18361,44,42,40,1889,46430,43,41,6149,41674,45,131,4411,4710],"class_list":["post-153740","post","type-post","status-publish","format-standard","has-post-thumbnail","category-sport","tag-anglia","tag-argentina","tag-del-afrika","tag-futball-vb","tag-futball-vb-2026","tag-hu","tag-hungarian","tag-hungary","tag-kanada","tag-kieseses-szakasz","tag-magyar","tag-magyarorszag","tag-portugalia","tag-psvilagbajnoksag2026","tag-sport","tag-sports","tag-vb-2026","tag-vilagbajnoksag"],"share_on_mastodon":{"url":"https:\/\/pubeurope.com\/@hu\/116826211929218561","error":""},"_links":{"self":[{"href":"https:\/\/www.europesays.com\/hu\/wp-json\/wp\/v2\/posts\/153740","targetHints":{"allow":["GET"]}}],"collection":[{"href":"https:\/\/www.europesays.com\/hu\/wp-json\/wp\/v2\/posts"}],"about":[{"href":"https:\/\/www.europesays.com\/hu\/wp-json\/wp\/v2\/types\/post"}],"author":[{"embeddable":true,"href":"https:\/\/www.europesays.com\/hu\/wp-json\/wp\/v2\/users\/2"}],"replies":[{"embeddable":true,"href":"https:\/\/www.europesays.com\/hu\/wp-json\/wp\/v2\/comments?post=153740"}],"version-history":[{"count":0,"href":"https:\/\/www.europesays.com\/hu\/wp-json\/wp\/v2\/posts\/153740\/revisions"}],"wp:featuredmedia":[{"embeddable":true,"href":"https:\/\/www.europesays.com\/hu\/wp-json\/wp\/v2\/media\/153741"}],"wp:attachment":[{"href":"https:\/\/www.europesays.com\/hu\/wp-json\/wp\/v2\/media?parent=153740"}],"wp:term":[{"taxonomy":"category","embeddable":true,"href":"https:\/\/www.europesays.com\/hu\/wp-json\/wp\/v2\/categories?post=153740"},{"taxonomy":"post_tag","embeddable":true,"href":"https:\/\/www.europesays.com\/hu\/wp-json\/wp\/v2\/tags?post=153740"}],"curies":[{"name":"wp","href":"https:\/\/api.w.org\/{rel}","templated":true}]}}