{"id":153807,"date":"2026-06-28T07:23:12","date_gmt":"2026-06-28T07:23:12","guid":{"rendered":"https:\/\/www.europesays.com\/hu\/153807\/"},"modified":"2026-06-28T07:23:12","modified_gmt":"2026-06-28T07:23:12","slug":"index-kultur-luxuspalotabol-iranyitotta-nemzetkozi-gyarat-a-festozseni","status":"publish","type":"post","link":"https:\/\/www.europesays.com\/hu\/153807\/","title":{"rendered":"Index &#8211; Kult\u00far &#8211; Luxuspalot\u00e1b\u00f3l ir\u00e1ny\u00edtotta nemzetk\u00f6zi gy\u00e1r\u00e1t a fest\u0151zseni"},"content":{"rendered":"<p>Peter Paul Rubens nem csup\u00e1n a flamand barokk zsenije, hanem kor\u00e1nak egyik legmagabiztosabb \u00e9s legsikeresebb kultur\u00e1lis menedzsere is volt. Antwerpeni otthona \u00e9s m\u0171terme, a Rubenshuis ma m\u00fazeumk\u00e9nt m\u0171k\u00f6dik, de a tizenhetedik sz\u00e1zad els\u0151 fel\u00e9ben Nyugat-Eur\u00f3pa egyik legp\u00f6rg\u0151sebb m\u0171v\u00e9szeti k\u00f6zpontjak\u00e9nt \u00e9s diplom\u00e1ciai tal\u00e1lkoz\u00f3helyek\u00e9nt funkcion\u00e1lt \u2013 \u00edrja a <a href=\"https:\/\/www.spottinghistory.com\/view\/5423\/rubenshuis\/?utm_source=chatgpt.com\" id=\"hyperlink_bdcd2e18b160bdf32be34b3607b97a49\" rel=\"nofollow noopener\" target=\"_blank\">Spotting History<\/a>.<\/p>\n<p>                        \u00d6nkifejez\u00e9s it\u00e1liai mint\u00e1ra<\/p>\n<p>A t\u00f6rt\u00e9net 1609-ben kezd\u0151d\u00f6tt, amikor Rubens feles\u00e9g\u00fcl vette Isabella Brantot. Egy \u00e9vvel a menyegz\u0151 ut\u00e1n a fest\u0151 nagyszab\u00e1s\u00fa \u00e9p\u00edtkez\u00e9sbe kezdett az akkori Herentalse Vaart csatorna partj\u00e1n. Rubens nem egyszer\u0171en vett egy h\u00e1zat Antwerpenben, hanem fel\u00e9p\u00edtette mag\u00e1nak saj\u00e1t renesz\u00e1nsz palot\u00e1j\u00e1t. Olaszorsz\u00e1gi \u00fatjain ugyanis leny\u0171g\u00f6zt\u00e9k a genovai \u00e9s r\u00f3mai nemesi rezidenci\u00e1k, \u00e9s amikor hazat\u00e9rt, olyan otthont akart, amelyb\u0151l minden l\u00e1togat\u00f3 r\u00f6gt\u00f6n meg\u00e9rti:\u00a0\u0151 nem k\u00e9zm\u0171ves, hanem az eur\u00f3pai <a href=\"https:\/\/index.hu\/kultur\/klassz\/rubens_0711\/\" id=\"hyperlink_596718b28ca782d10b8890c8bf8f45a6\" target=\"_blank\" title=\"H\u00faszmilli\u00e1rd forint egy Rubens festm\u00e9ny\u00e9rt\" rel=\"nofollow noopener\">elit tagja<\/a>.<\/p>\n<p>A XVII. sz\u00e1zadban a fest\u0151ket m\u00e9g gyakran mesterembereknek tekintett\u00e9k, Rubens viszont diplomat\u00e1kkal, hercegekkel \u00e9s kir\u00e1lyokkal vacsor\u00e1zott, a h\u00e1za pedig ennek a t\u00e1rsadalmi felemelked\u00e9snek volt a l\u00e1tv\u00e1nyos bizony\u00edt\u00e9ka.<\/p>\n<p>Nem b\u00edzta m\u00e1sra a munk\u00e1t: a vill\u00e1t \u00f6nmaga tervezte. Az ihletet val\u00f3ban az it\u00e1liai renesz\u00e1nsz palot\u00e1k \u00e9p\u00edt\u00e9szet\u00e9r\u0151l folytatott tanulm\u00e1nyai adt\u00e1k, amelyek egy\u00fattal a\u00a0Palazzi di Genova\u00a0c\u00edm\u0171 \u00e9p\u00edt\u00e9szeti k\u00f6tet\u00e9nek alapj\u00e1ul is szolg\u00e1ltak. A komplexum terv\u00e9ben a lak\u00f3h\u00e1z mellett egy monument\u00e1lis oszlopcsarnok (portikusz) \u00e9s egy bels\u0151 udvar is helyet kapott, amely az \u00e1ltala meg\u00e1lmodott barokk kertbe torkollott.<\/p>\n<p>A h\u00e1z bels\u0151 tereiben Rubens elk\u00e9peszt\u0151 gy\u0171jt\u0151szenved\u00e9lye is testet \u00f6lt\u00f6tt. Az \u00e9p\u00fclet tele volt antik szobrokkal, r\u00f3mai \u00e9rm\u00e9kkel, k\u00f6nyvekkel \u00e9s ritkas\u00e1gokkal. A korabeli l\u00e1togat\u00f3k besz\u00e1mol\u00f3i szerint Rubens otthona sokkal ink\u00e1bb eml\u00e9keztetett egy tud\u00f3s fejedelem rezidenci\u00e1j\u00e1ra, mint egy hagyom\u00e1nyos fest\u0151 lak\u00e1s\u00e1ra. B\u00e1r a <a href=\"https:\/\/index.hu\/kultur\/2020\/01\/06\/rubens_van_dyck_flamand_festeszet_kiallitas_szepmuveszeti\/\" id=\"hyperlink_1bcf2970975522084daed9ce8e80dea4\" target=\"_blank\" title=\"Ha eddig azt hitte, Rubens csak meztelen plus size modelleket festett, meg fog lep\u0151dni\" rel=\"nofollow noopener\">gy\u0171jtem\u00e9ny<\/a> egy r\u00e9sze k\u00e9s\u0151bb sz\u00e9tsz\u00f3r\u00f3dott Eur\u00f3p\u00e1ban, a rezidencia kisug\u00e1rz\u00e1sa m\u00e1r akkor is egyed\u00fcl\u00e1ll\u00f3 volt.<\/p>\n<p>                        Olt\u00e1rk\u00e9p \u00e9s nemzetk\u00f6zi t\u00e1rgyal\u00e1s<\/p>\n<p>Rubens h\u00edrneve gyorsan terjedt, \u00e9s hamarosan hatalmas megrendel\u00e9sek \u00e9rkeztek hozz\u00e1 Angli\u00e1b\u00f3l, Franciaorsz\u00e1gb\u00f3l, Spanyolorsz\u00e1gb\u00f3l \u00e9s Bajororsz\u00e1gb\u00f3l. B\u00e1r a romantikus k\u00e9p szerint a m\u0171v\u00e9sz mag\u00e1nyosan alkotott a m\u0171term\u00e9ben, a val\u00f3s\u00e1g ink\u00e1bb egy modern kreat\u00edv \u00fcgyn\u00f6ks\u00e9gre eml\u00e9keztetett: a falak k\u00f6z\u00f6tt igazi m\u0171v\u00e9szeti gy\u00e1r m\u0171k\u00f6d\u00f6tt.<\/p>\n<p>A megrendel\u0151i ig\u00e9nyek kiel\u00e9g\u00edt\u00e9s\u00e9re a palota szomsz\u00e9ds\u00e1g\u00e1ban egy rendk\u00edv\u00fcl j\u00f3l szervezett m\u0171helyt \u00e9s m\u0171termet hozott l\u00e9tre, ahol egyszerre t\u00f6bb tucat seg\u00e9d \u00e9s tan\u00edtv\u00e1ny dolgozott. Rubens k\u00e9sz\u00edtette a terveket, a kompoz\u00edci\u00f3kat \u00e9s a kulcsfontoss\u00e1g\u00fa r\u00e9szleteket, de a h\u00e1tt\u00e9ren, a ruh\u00e1kon, az \u00e1llatokon vagy a dekor\u00e1ci\u00f3kon gyakran m\u00e1sok dolgoztak. A m\u0171hely olyan sikeres volt, hogy Eur\u00f3pa-szerte uralkod\u00f3k rendeltek t\u0151le k\u00e9peket, a h\u00e1zban folyamatos nemzetk\u00f6zi termel\u00e9s zajlott.<\/p>\n<p>A palota falai k\u00f6z\u00f6tt komoly diplom\u00e1ciai t\u00e1rgyal\u00e1sok is folytak, ami tal\u00e1n a legkev\u00e9sb\u00e9 ismert t\u00f6rt\u00e9net a h\u00e1z \u00e9let\u00e9b\u0151l.<\/p>\n<p>Rubens ugyanis nemcsak fest\u0151 volt, hanem a spanyol N\u00e9metalf\u00f6ld hivatalos diplom\u00e1ciai megb\u00edzottja is. Akt\u00edvan k\u00f6zvet\u00edtett Anglia \u00e9s Spanyolorsz\u00e1g k\u00f6z\u00f6tt a h\u00e1bor\u00fas id\u0151szakban, \u00e9s t\u00f6bb titkos politikai k\u00fcldet\u00e9st is teljes\u00edtett. A Rubenshuisban emiatt id\u0151nk\u00e9nt olyan magas rang\u00fa emberek fordultak meg, akik egy\u00e1ltal\u00e1n nem k\u00e9pek\u00e9rt, hanem k\u00e9nyes politikai \u00fcgyekben \u00e9rkeztek a mesterhez.<\/p>\n<p>Nem sok fest\u0151r\u0151l mondhat\u00f3 el a t\u00f6rt\u00e9nelemben, hogy a m\u0171term\u00e9ben egyszerre k\u00e9sz\u00fclt olt\u00e1rk\u00e9p \u00e9s zajlott nemzetk\u00f6zi b\u00e9ket\u00e1rgyal\u00e1s.<\/p>\n<p>A fest\u0151 \u00e9lete nagy r\u00e9sz\u00e9t ebben a palot\u00e1ban t\u00f6lt\u00f6tte, hal\u00e1la ut\u00e1n az \u00e9p\u00fclet sorsa bizonytalann\u00e1 v\u00e1lt. M\u00e1sodik feles\u00e9ge, Helena Fourment b\u00e9rbe adta a brit polg\u00e1rh\u00e1bor\u00fa el\u0151l menek\u00fcl\u0151 William Cavendish-nek \u00e9s feles\u00e9g\u00e9nek. Miut\u00e1n \u0151k 1660-ban elhagyt\u00e1k Antwerpent, a h\u00e1zat eladt\u00e1k.<\/p>\n<p>A fordulatot 1937 hozta el, amikor Antwerpen v\u00e1rosa megv\u00e1s\u00e1rolta az \u00e9p\u00fcletet. \u00c1tfog\u00f3 restaur\u00e1l\u00e1si folyamat ut\u00e1n a Rubenshuis 1946-ban nyitotta meg kapuit a nagyk\u00f6z\u00f6ns\u00e9g el\u0151tt. A l\u00e1togat\u00f3k a korabeli b\u00fatorok mellett Rubens \u00e9s kort\u00e1rsai tucatnyi m\u0171alkot\u00e1s\u00e1t tekinthetik meg, k\u00f6zt\u00fck a mester korai, 1600 k\u00f6r\u00fcl k\u00e9sz\u00fclt \u00c1d\u00e1m \u00e9s \u00c9va c\u00edm\u0171 festm\u00e9ny\u00e9t, valamint azt az \u00f6narck\u00e9pet, amelyet \u00f6tven\u00e9ves kora k\u00f6r\u00fcl alkotott. A Rubens \u00e9letm\u0171v\u00e9nek kutat\u00e1s\u00e1ra dedik\u00e1lt k\u00f6zpont, a Rubenianum a mai napig a kert m\u00f6g\u00f6tti \u00e9p\u00fcletben m\u0171k\u00f6dik.<\/p>\n<p>Most pedig tesztelheti, mennyit tud Peter Paul Rubensr\u0151l.<\/p>\n<p>(Bor\u00edt\u00f3k\u00e9p: Peter Paul Rubens portr\u00e9ja. Fot\u00f3:\u00a0 Fine Art \/ Getty Images)<\/p>\n<p><a href=\"https:\/\/dex.hu\/x.php?id=googlepref_desktop&amp;url=https:\/\/google.com\/preferences\/source?q=https:\/\/index.hu\" class=\"google-pref-banner \" id=\"googlePrefBanner\" rel=\"nofollow noopener\" target=\"_blank\"><\/p>\n<p>    Itt \u00e1ll\u00edtsa be, hogy az Index az els\u0151k k\u00f6z\u00f6tt legyen a Google-tal\u00e1latokban!<\/p>\n<p><\/a><\/p>\n<p>                <a href=\"https:\/\/konyvek.index.hu\/\" target=\"_blank\" rel=\"nofollow noopener\"><br \/>\n                <img decoding=\"async\" src=\"https:\/\/index.hu\/assets\/images\/konyvajanlo\/book_indapress\/book_indapress_logo.svg\" loading=\"lazy\" alt=\"Inda Press Kiad\u00f3\"\/><br \/>\n                <\/a><\/p>\n<p>                <img decoding=\"async\" src=\"https:\/\/www.europesays.com\/hu\/wp-content\/uploads\/2026\/06\/1782541876_154_weiler.png\" loading=\"lazy\" alt=\"Weiler\"\/><\/p>\n<p>Weiler P\u00e9ter k\u00e9pz\u0151m\u0171v\u00e9sz munk\u00e1ss\u00e1ga \u00e9s portf\u00f3li\u00f3ja mesters\u00e9ges intelligenci\u00e1val f\u0171szerezve.<\/p>\n<p>                <a class=\"book_index_btn\" href=\"https:\/\/indexadhu.hit.gemius.pl\/hitredir?id=nSCbubuYpDWJZLZs0TssLrbt33Lk5kbipuiZrkg89G3.g7&amp;stparam=ziqlgsqujx&amp;fastid=fgbosddliklnesklmglpufovvgkr&amp;nc=0&amp;url=https:\/\/www.indapresskiado.hu\/products\/kocsis-katica-weiler?_pos=1&amp;_sid=6bb0f2f84&amp;_ss=r\" target=\"_blank\" rel=\"nofollow noopener\">MEGVESZEM<\/a><\/p>\n<p>    <img decoding=\"async\" src=\"https:\/\/www.europesays.com\/hu\/wp-content\/uploads\/2026\/06\/1782631392_784_redot.gif\"\/><\/p>\n<p>    <img decoding=\"async\" src=\"https:\/\/index.hu\/assets\/images\/social-follow\/logo-big.svg\" alt=\"Index.hu logo\"\/><\/p>\n<p>K\u00f6vesse az Indexet Facebookon is!<\/p>\n<p>    <a href=\"https:\/\/facebook.com\/Indexhu\" target=\"_blank\" rel=\"nofollow noopener\"><\/p>\n<p>        K\u00f6vetem!<br \/>\n    <\/a><\/p>\n","protected":false},"excerpt":{"rendered":"Peter Paul Rubens nem csup\u00e1n a flamand barokk zsenije, hanem kor\u00e1nak egyik legmagabiztosabb \u00e9s legsikeresebb kultur\u00e1lis menedzsere is&hellip;\n","protected":false},"author":2,"featured_media":153808,"comment_status":"","ping_status":"","sticky":false,"template":"","format":"standard","meta":{"footnotes":"","_share_on_mastodon":"0"},"categories":[16],"tags":[151,152,137,14987,44,42,40,2360,150,460,43,41,46445,138],"class_list":["post-153807","post","type-post","status-publish","format-standard","has-post-thumbnail","category-szorakozas","tag-ce-femina","tag-ce-napi","tag-entertainment","tag-festomuvesz","tag-hu","tag-hungarian","tag-hungary","tag-kepzomuveszet","tag-kultur","tag-kviz","tag-magyar","tag-magyarorszag","tag-peter-paul-rubens","tag-szorakozas"],"share_on_mastodon":{"url":"https:\/\/pubeurope.com\/@hu\/116826542595788125","error":""},"_links":{"self":[{"href":"https:\/\/www.europesays.com\/hu\/wp-json\/wp\/v2\/posts\/153807","targetHints":{"allow":["GET"]}}],"collection":[{"href":"https:\/\/www.europesays.com\/hu\/wp-json\/wp\/v2\/posts"}],"about":[{"href":"https:\/\/www.europesays.com\/hu\/wp-json\/wp\/v2\/types\/post"}],"author":[{"embeddable":true,"href":"https:\/\/www.europesays.com\/hu\/wp-json\/wp\/v2\/users\/2"}],"replies":[{"embeddable":true,"href":"https:\/\/www.europesays.com\/hu\/wp-json\/wp\/v2\/comments?post=153807"}],"version-history":[{"count":0,"href":"https:\/\/www.europesays.com\/hu\/wp-json\/wp\/v2\/posts\/153807\/revisions"}],"wp:featuredmedia":[{"embeddable":true,"href":"https:\/\/www.europesays.com\/hu\/wp-json\/wp\/v2\/media\/153808"}],"wp:attachment":[{"href":"https:\/\/www.europesays.com\/hu\/wp-json\/wp\/v2\/media?parent=153807"}],"wp:term":[{"taxonomy":"category","embeddable":true,"href":"https:\/\/www.europesays.com\/hu\/wp-json\/wp\/v2\/categories?post=153807"},{"taxonomy":"post_tag","embeddable":true,"href":"https:\/\/www.europesays.com\/hu\/wp-json\/wp\/v2\/tags?post=153807"}],"curies":[{"name":"wp","href":"https:\/\/api.w.org\/{rel}","templated":true}]}}