{"id":154065,"date":"2026-06-28T12:24:10","date_gmt":"2026-06-28T12:24:10","guid":{"rendered":"https:\/\/www.europesays.com\/hu\/154065\/"},"modified":"2026-06-28T12:24:10","modified_gmt":"2026-06-28T12:24:10","slug":"retvari-bence-szerint-alibi-volt-a-kihelyezett-kormanyules-a-pride-miatt","status":"publish","type":"post","link":"https:\/\/www.europesays.com\/hu\/154065\/","title":{"rendered":"R\u00e9tv\u00e1ri Bence szerint alibi volt a kihelyezett korm\u00e1ny\u00fcl\u00e9s a Pride miatt"},"content":{"rendered":"<p>Magyar P\u00e9ter a pilisszentkereszti kihelyezett korm\u00e1ny\u00fcl\u00e9sr\u0151l posztolt fot\u00f3t. Ezt <a target=\"_blank\" href=\"https:\/\/www.facebook.com\/RetvariBence\/posts\/pfbid02ZgUfvoEnWQ5xC25rdHHeYyMGG5SL8v72Z6MeKpz2QDbdWejLkTb35YPKjQdohRdGl\" rel=\"nofollow noopener\">osztotta \u00fajra<\/a> R\u00e9tv\u00e1ri Bence Facebookon, amihez azt \u00edrta:<\/p>\n<p>B\u00e1r Magyar P\u00e9ter azt mondogatja a parlamentben, hogy a Pride \u2013 \u00e9s az eg\u00e9sz gender k\u00e9rd\u00e9s \u2013 sokadrang\u00fa t\u00e9ma \u00e9s nem \u00e9rdekel senkit, m\u00e9gis annyira megijedt a Pride-t\u00f3l, hogy az eg\u00e9sz korm\u00e1nyt h\u00e1rom napra elvitte vid\u00e9kre. Szem\u00e9lyes fel\u00fcgyelet alatt tartott mindenkit. \u00cdgy nem mer\u00fclt fel a k\u00e9rd\u00e9s, hogy ki megy a korm\u00e1nytagok k\u00f6z\u00fcl a Pride-ra \u00e9s ki nem, mert mindenkinek volt \u00bbalibije\u00ab. Nem kellett megindokolni a sajt\u00f3ban senkinek se a r\u00e9szv\u00e9telt vagy a t\u00e1volmarad\u00e1st. \u00cdgy a vezet\u0151 Tisz\u00e1s politikusokat ett\u0151l a t\u00e9m\u00e1t\u00f3l fizikailag is t\u00e1vol tartotta.<\/p>\n<p>Szerinte ez az \u00e1ltal\u00e1nos taktika a Tisz\u00e1ban: \u201esemmilyen \u00e9rt\u00e9k k\u00e9rd\u00e9sr\u0151l nem mondani semmit. B\u00e1rmilyen \u00e9rt\u00e9k k\u00e9rd\u00e9s ugyanis \u00e9lesen megosztan\u00e1 a Tisza-t\u00e1bort. Nincs k\u00f6z\u00f6s \u00e9rt\u00e9krend. Csak a Fidesz-gy\u0171l\u00f6let a k\u00f6z\u00f6s benn\u00fck, ez\u00e9rt csak azzal foglalkozik a Tisza. Azon k\u00edv\u00fcl pedig marad a vil\u00e1gn\u00e9zeti \u00fcress\u00e9g\u201d.<\/p>\n<p>A most szombaton megrendezett Pride-r\u00f3l t\u00f6bb anyagban is foglalkoztunk:<\/p>\n","protected":false},"excerpt":{"rendered":"Magyar P\u00e9ter a pilisszentkereszti kihelyezett korm\u00e1ny\u00fcl\u00e9sr\u0151l posztolt fot\u00f3t. Ezt osztotta \u00fajra R\u00e9tv\u00e1ri Bence Facebookon, amihez azt \u00edrta: B\u00e1r&hellip;\n","protected":false},"author":2,"featured_media":154066,"comment_status":"","ping_status":"","sticky":false,"template":"","format":"standard","meta":{"footnotes":"","_share_on_mastodon":"0"},"categories":[6],"tags":[44,42,40,43,944,41,3414,5892],"class_list":["post-154065","post","type-post","status-publish","format-standard","has-post-thumbnail","category-magyarorszag","tag-hu","tag-hungarian","tag-hungary","tag-magyar","tag-magyar-peter","tag-magyarorszag","tag-pride","tag-retvari-bence"],"share_on_mastodon":{"url":"https:\/\/pubeurope.com\/@hu\/116827721707335810","error":""},"_links":{"self":[{"href":"https:\/\/www.europesays.com\/hu\/wp-json\/wp\/v2\/posts\/154065","targetHints":{"allow":["GET"]}}],"collection":[{"href":"https:\/\/www.europesays.com\/hu\/wp-json\/wp\/v2\/posts"}],"about":[{"href":"https:\/\/www.europesays.com\/hu\/wp-json\/wp\/v2\/types\/post"}],"author":[{"embeddable":true,"href":"https:\/\/www.europesays.com\/hu\/wp-json\/wp\/v2\/users\/2"}],"replies":[{"embeddable":true,"href":"https:\/\/www.europesays.com\/hu\/wp-json\/wp\/v2\/comments?post=154065"}],"version-history":[{"count":0,"href":"https:\/\/www.europesays.com\/hu\/wp-json\/wp\/v2\/posts\/154065\/revisions"}],"wp:featuredmedia":[{"embeddable":true,"href":"https:\/\/www.europesays.com\/hu\/wp-json\/wp\/v2\/media\/154066"}],"wp:attachment":[{"href":"https:\/\/www.europesays.com\/hu\/wp-json\/wp\/v2\/media?parent=154065"}],"wp:term":[{"taxonomy":"category","embeddable":true,"href":"https:\/\/www.europesays.com\/hu\/wp-json\/wp\/v2\/categories?post=154065"},{"taxonomy":"post_tag","embeddable":true,"href":"https:\/\/www.europesays.com\/hu\/wp-json\/wp\/v2\/tags?post=154065"}],"curies":[{"name":"wp","href":"https:\/\/api.w.org\/{rel}","templated":true}]}}