{"id":154182,"date":"2026-06-28T14:31:07","date_gmt":"2026-06-28T14:31:07","guid":{"rendered":"https:\/\/www.europesays.com\/hu\/154182\/"},"modified":"2026-06-28T14:31:07","modified_gmt":"2026-06-28T14:31:07","slug":"index-belfold-retvari-bence-szamonkerte-magyar-petert-alibinek-nevezte-a-kormanyulest-a-pride-miatt","status":"publish","type":"post","link":"https:\/\/www.europesays.com\/hu\/154182\/","title":{"rendered":"Index &#8211; Belf\u00f6ld &#8211; R\u00e9tv\u00e1ri Bence sz\u00e1monk\u00e9rte Magyar P\u00e9tert, alibinek nevezte a korm\u00e1ny\u00fcl\u00e9st a Pride miatt"},"content":{"rendered":"<p>\n                Magyar P\u00e9ter nem vett r\u00e9szt a Pride-on, \u00e9s a korm\u00e1nytagok sem \u2013 R\u00e9tv\u00e1ri Bence szerint ez nem v\u00e9letlen: a minisztereln\u00f6k azzal, hogy a Pride h\u00e9tv\u00e9g\u00e9j\u00e9n h\u00e1romnapos kihelyezett korm\u00e1ny\u00fcl\u00e9st tartott Pilisszentkereszten, mindenki sz\u00e1m\u00e1ra alibit biztos\u00edtott, \u00e9s fizikailag is t\u00e1vol tartotta vezet\u0151 politikusait a rendezv\u00e9nyt\u0151l. A KDNP frakci\u00f3vezet\u0151je szerint mindez a Tisza P\u00e1rt \u00e1ltal\u00e1nos taktik\u00e1j\u00e1t t\u00fckr\u00f6zi: az \u00e9rt\u00e9kk\u00e9rd\u00e9sek ker\u00fcl\u00e9se, mert azok \u00e9lesen megosztan\u00e1k a t\u00e1bort, amelyet szerinte nem k\u00f6z\u00f6s \u00e9rt\u00e9krend, csak a Fidesz-gy\u0171l\u00f6let tart \u00f6ssze.            <\/p>\n<p>R\u00e9tv\u00e1ri Bence, a KNDP orsz\u00e1ggy\u0171l\u00e9si k\u00e9pvisel\u0151je <a href=\"https:\/\/www.facebook.com\/photo\/?fbid=1585138472975244&amp;set=a.433494191473017\" id=\"hyperlink_3bd8d918fef38aecac93569cb4d5db78\" rel=\"nofollow noopener\" target=\"_blank\">k\u00f6z\u00f6ss\u00e9gi oldal\u00e1n<\/a>\u00a0megosztotta Magyar P\u00e9ter korm\u00e1ny\u00fcl\u00e9sr\u0151l k\u00f6zz\u00e9tett k\u00e9p\u00e9t, majd le\u00edrta v\u00e9lem\u00e9ny\u00e9t arr\u00f3l, hogy a minisztereln\u00f6k mi\u00e9rt nem vett r\u00e9szt a Pride-on, illetve, hogy a korm\u00e1nyf\u0151 ink\u00e1bb h\u00e1romnapos <a href=\"https:\/\/index.hu\/belfold\/2026\/06\/26\/magyar-peter-kihelyejezett-kormanyules-tisztitotuz-muvelet-buntetes-vegrehajtas\/\" id=\"hyperlink_ce99a0a3d2474e74e7c2960d341b3292\" target=\"_blank\" title=\"A kihelyezett korm\u00e1ny\u00fcl\u00e9sr\u0151l jelentkezett Magyar P\u00e9ter\" rel=\"nofollow noopener\">kihelyezett korm\u00e1ny\u00fcl\u00e9st<\/a> tartott Pilisszentkereszten.<\/p>\n<p>Az ellenz\u00e9ki politikus kiemelte, hogy a minisztereln\u00f6k szerint a Pride \u00e9s az eg\u00e9sz genderk\u00e9rd\u00e9s sokadrang\u00fa t\u00e9ma, \u00e9s nem \u00e9rdekel senkit, m\u00e9gis annyira megijedt t\u0151le, hogy az eg\u00e9sz korm\u00e1nyt <a href=\"https:\/\/www.facebook.com\/photo?fbid=27996093026665113&amp;set=a.571632796204506&amp;locale=hu_HU\" id=\"hyperlink_68ae53d875ab3016b16d2d6d9eb58639\" rel=\"nofollow noopener\" target=\"_blank\">h\u00e1rom napra elvitte vid\u00e9kre<\/a>. R\u00e9tv\u00e1ri Bence szerint ezzel Magyar P\u00e9ter szem\u00e9lyes fel\u00fcgyelet alatt tartott mindenkit, \u00e9s nem mer\u00fclt fel a k\u00e9rd\u00e9s, hogy ki megy a korm\u00e1nytagok k\u00f6z\u00fcl a <a href=\"https:\/\/index.hu\/belfold\/2026\/06\/27\/budapest-pride-buszkeseg-felvonulas-fovaros-hoseg-meleg-karacsony-gergely\/\" id=\"hyperlink_41b3952e8210889a48358313a1e95397\" target=\"_blank\" title=\"Fura rend\u0151ri akci\u00f3 a Pride-on, ellent\u00fcntet\u0151k a Parlamentn\u00e9l\" rel=\"nofollow noopener\">Pride<\/a>-ra, mert mindenkinek volt alibije, \u00e9s a vezet\u0151 tisz\u00e1s politikusokat ett\u0151l a rendezv\u00e9nyt\u0151l fizikailag is t\u00e1vol tartotta.<\/p>\n<p>A KDNP frakci\u00f3vezet\u0151je ezt \u00e1ltal\u00e1nos taktik\u00e1nak nevezte a Tisza P\u00e1rt r\u00e9sz\u00e9r\u0151l, vagyis szerinte semmilyen \u00e9rt\u00e9kk\u00e9rd\u00e9sr\u0151l nem mondanak semmit.\u00a0\u201eB\u00e1rmilyen \u00e9rt\u00e9kk\u00e9rd\u00e9s ugyanis \u00e9lesen megosztan\u00e1 a Tisza-t\u00e1bort. Nincs k\u00f6z\u00f6s \u00e9rt\u00e9krend. Csak a Fidesz-gy\u0171l\u00f6let a k\u00f6z\u00f6s benn\u00fck, ez\u00e9rt csak azzal foglalkozik a Tisza. Azonk\u00edv\u00fcl pedig marad a vil\u00e1gn\u00e9zeti \u00fcress\u00e9g\u201d\u00a0\u2212 fogalmazott R\u00e9tv\u00e1ri Bence.<\/p>\n<p>\n                          (Bor\u00edt\u00f3k\u00e9p: R\u00e9tv\u00e1ri Bence 2026. j\u00fanius 9-\u00e9n. Fot\u00f3:\u00a0Szoll\u00e1r Zs\u00f3fi \/ Index)\u00a0\n                        <\/p>\n<p><a href=\"https:\/\/dex.hu\/x.php?id=googlepref_desktop&amp;url=https:\/\/google.com\/preferences\/source?q=https:\/\/index.hu\" class=\"google-pref-banner \" id=\"googlePrefBanner\" rel=\"nofollow noopener\" target=\"_blank\"><\/p>\n<p>    Itt \u00e1ll\u00edtsa be, hogy az Index az els\u0151k k\u00f6z\u00f6tt legyen a Google-tal\u00e1latokban!<\/p>\n<p><\/a><\/p>\n<p>    <img decoding=\"async\" src=\"https:\/\/index.hu\/assets\/images\/social-follow\/logo-big.svg\" alt=\"Index.hu logo\"\/><\/p>\n<p>K\u00f6vesse az Indexet Facebookon is!<\/p>\n<p>    <a href=\"https:\/\/facebook.com\/Indexhu\" target=\"_blank\" rel=\"nofollow noopener\"><\/p>\n<p>        K\u00f6vetem!<br \/>\n    <\/a><\/p>\n","protected":false},"excerpt":{"rendered":"Magyar P\u00e9ter nem vett r\u00e9szt a Pride-on, \u00e9s a korm\u00e1nytagok sem \u2013 R\u00e9tv\u00e1ri Bence szerint ez nem v\u00e9letlen:&hellip;\n","protected":false},"author":2,"featured_media":154183,"comment_status":"","ping_status":"","sticky":false,"template":"","format":"standard","meta":{"footnotes":"","_share_on_mastodon":"0"},"categories":[6],"tags":[80,44,42,40,10916,43,944,41,27031,3414,5892],"class_list":["post-154182","post","type-post","status-publish","format-standard","has-post-thumbnail","category-magyarorszag","tag-belfold","tag-hu","tag-hungarian","tag-hungary","tag-kormanyules","tag-magyar","tag-magyar-peter","tag-magyarorszag","tag-pilisszentkereszt","tag-pride","tag-retvari-bence"],"share_on_mastodon":{"url":"https:\/\/pubeurope.com\/@hu\/116828221559615058","error":""},"_links":{"self":[{"href":"https:\/\/www.europesays.com\/hu\/wp-json\/wp\/v2\/posts\/154182","targetHints":{"allow":["GET"]}}],"collection":[{"href":"https:\/\/www.europesays.com\/hu\/wp-json\/wp\/v2\/posts"}],"about":[{"href":"https:\/\/www.europesays.com\/hu\/wp-json\/wp\/v2\/types\/post"}],"author":[{"embeddable":true,"href":"https:\/\/www.europesays.com\/hu\/wp-json\/wp\/v2\/users\/2"}],"replies":[{"embeddable":true,"href":"https:\/\/www.europesays.com\/hu\/wp-json\/wp\/v2\/comments?post=154182"}],"version-history":[{"count":0,"href":"https:\/\/www.europesays.com\/hu\/wp-json\/wp\/v2\/posts\/154182\/revisions"}],"wp:featuredmedia":[{"embeddable":true,"href":"https:\/\/www.europesays.com\/hu\/wp-json\/wp\/v2\/media\/154183"}],"wp:attachment":[{"href":"https:\/\/www.europesays.com\/hu\/wp-json\/wp\/v2\/media?parent=154182"}],"wp:term":[{"taxonomy":"category","embeddable":true,"href":"https:\/\/www.europesays.com\/hu\/wp-json\/wp\/v2\/categories?post=154182"},{"taxonomy":"post_tag","embeddable":true,"href":"https:\/\/www.europesays.com\/hu\/wp-json\/wp\/v2\/tags?post=154182"}],"curies":[{"name":"wp","href":"https:\/\/api.w.org\/{rel}","templated":true}]}}