{"id":154376,"date":"2026-06-28T17:44:24","date_gmt":"2026-06-28T17:44:24","guid":{"rendered":"https:\/\/www.europesays.com\/hu\/154376\/"},"modified":"2026-06-28T17:44:24","modified_gmt":"2026-06-28T17:44:24","slug":"mediafuture-marcomm-tavozik-a-ferrari-marketingvezetoje-de-allitolag-nem-a-luce-negativ-visszhangja-miatt","status":"publish","type":"post","link":"https:\/\/www.europesays.com\/hu\/154376\/","title":{"rendered":"MediaFuture &#8211; MarComm &#8211; T\u00e1vozik a Ferrari marketingvezet\u0151je, de \u00e1ll\u00edt\u00f3lag nem a Luce negat\u00edv visszhangja miatt"},"content":{"rendered":"<p>\n    K\u00fcl\u00f6n\u00f6sen rosszkor t\u00e1vozik a Ferrari marketingvezet\u0151je: Enrico Galliera bejelent\u00e9se alig n\u00e9h\u00e1ny nappal k\u00f6vette a m\u00e1rka els\u0151 elektromos aut\u00f3ja, a Luce vitatott bemutat\u00f3j\u00e1t. B\u00e1r a v\u00e1llalat szerint a vezet\u0151v\u00e1lt\u00e1s h\u00f3napok \u00f3ta napirenden volt, sokak sz\u00e1m\u00e1ra t\u0171nhet \u00fagy, mintha a negat\u00edv fogadtat\u00e1sra adott reakci\u00f3 lenne.<\/p>\n<p>Az aut\u00f3k megjelen\u00e9s\u00e9nek hajnal\u00e1n nem volt sz\u00fcks\u00e9g a ma ismert marketingstrat\u00e9gi\u00e1kra, hiszen\u00a0az emberek azt vett\u00e9k, amit megengedhettek maguknak \u00e9s ami el\u00e9rhet\u0151 volt. Ahogyan azonban \u00fajabb \u00e9s \u00fajabb aut\u00f3m\u00e1rk\u00e1k jelentek meg, \u00fagy lett ki\u00e9lezettebb a verseny. Egyes brandek a megb\u00edzhat\u00f3s\u00e1ggal, m\u00e1sok a biztons\u00e1ggal rekl\u00e1mozt\u00e1k term\u00e9keiket.<\/p>\n<p>Mindek\u00f6zben a lovasversenyek helyett m\u00e1r a motorsportok sz\u00f3l\u00edtott\u00e1k meg a t\u00f6megeket, \u00e9s az esem\u00e9nyeken j\u00f3l teljes\u00edt\u0151 m\u00e1rk\u00e1knak jobb marketingre nem is volt sz\u00fcks\u00e9g\u00fck. A legjobbak k\u00f6z\u00f6tt pedig ott szerepelt az \u00e1gaskod\u00f3 l\u00f3, a Ferrari is.<\/p>\n<p>A brand legnagyobb vonzerej\u00e9t a megnyer\u0151 olasz st\u00edlus \u00e9s a kiemelked\u0151 versenyteljes\u00edtm\u00e9ny egy\u00fcttese adta. A m\u00e1rka gondosan \u00f3vta \u00e9s t\u00e1pl\u00e1lta ezt \u00e9vtizedeken kereszt\u00fcl, p\u00e9ld\u00e1ul a Formula-1 \u00e9s Le Mans versenyeken val\u00f3 r\u00e9szv\u00e9tel\u00e9vel.<\/p>\n<p>                        Hidegzuhany<\/p>\n<p>Az ipar\u00e1gat k\u00f6vet\u0151k m\u00e1r r\u00e9g\u00f3ta tudt\u00e1k, m\u00e1jus 25-\u00e9n pedig <a href=\"https:\/\/totalcar.hu\/hirek\/2026\/05\/26\/legyen-feny-megerkezett-a-ferrari-tortenetenek-elso-elektromos-autoja-ferrari-luce\/\" id=\"hyperlink_e47cd70e4afd00ae35a386f15b846c68\" rel=\"nofollow noopener\" target=\"_blank\">hivatalosan is bemutatt\u00e1k<\/a> a m\u00e1rka els\u0151 teljesen elektromos aut\u00f3j\u00e1t, ami a Luce (f\u00e9ny) nevet kapta.<\/p>\n<p>Az aut\u00f3 k\u00e9t szempontb\u00f3l is szak\u00edtott a hagyom\u00e1nyokkal. Egyr\u00e9szt nem a Ferrari legend\u00e1s k\u00e9zzel k\u00e9sz\u00fclt benzinmotorjai ker\u00fcltek bele, ami m\u00e1r \u00f6nmag\u00e1ban is meglep\u0151 a m\u00e1rka szerelmeseinek. Az azonban tal\u00e1n m\u00e9g nagyobb visszhangot keltett, hogy nem a maranell\u00f3i g\u00e1rda saj\u00e1t formatervez\u00e9si r\u00e9szlege, hanem <a href=\"http:\/\/mediafuture.hu\/content\/2025\/10\/22\/jony-ive-portre-open-ai-apple-steve-jobs\/\" id=\"hyperlink_01d068a03259e3f6a9b44e222e5553a2\" target=\"_blank\" title=\"Jony Ive egy \u00fajabb technol\u00f3giai forradalomban lehet kulcsszerepl\u0151\" rel=\"nofollow noopener\">Jony Ive<\/a> \u00e9s Marc Newson, az Apple kor\u00e1bbi formatervez\u0151i \u00e1lmodt\u00e1k meg a koncepci\u00f3t.<\/p>\n<p>Ez ut\u00f3bbi pedig sokak szerint sajnos meg is l\u00e1tszik, hiszen az aut\u00f3\u00a0a Ferrari log\u00f3t lesz\u00e1m\u00edtva ink\u00e1bb t\u0171nik egy sportosabb Tesl\u00e1nak, mint Enzo Ferrari legend\u00e1s v\u00e1llalata gyermek\u00e9nek. A kritikus hangok napokig uralt\u00e1k a k\u00f6z\u00f6ss\u00e9gi m\u00e9di\u00e1t \u00e9s a szakmai sajt\u00f3t, a bemutat\u00f3t k\u00f6vet\u0151en a Ferrari r\u00e9szv\u00e9nyei is \u00e9rezhet\u0151en nyom\u00e1s al\u00e1 ker\u00fcltek. A Luce deb\u00fct\u00e1l\u00e1sa \u00edgy kor\u00e1ntsem nevezhet\u0151 ide\u00e1lisnak.<\/p>\n<p>                        V\u00e9letlen lenne?<\/p>\n<p>Ebben az am\u00fagy is fesz\u00fclt helyzetben \u00e9rkezett a h\u00edr, hogy t\u00e1vozik Enrico Galliera, a Ferrari marketing- \u00e9s kereskedelmi igazgat\u00f3ja, aki t\u00f6bb mint m\u00e1sf\u00e9l \u00e9vtizedig meghat\u00e1roz\u00f3 szerepet j\u00e1tszott a m\u00e1rka glob\u00e1lis poz\u00edcion\u00e1l\u00e1s\u00e1ban. A v\u00e1llalat hangs\u00falyozta, hogy a vezet\u0151v\u00e1lt\u00e1st m\u00e1r h\u00f3napokkal kor\u00e1bban eld\u00f6nt\u00f6tt\u00e9k, Galliera pedig kifejezetten az\u00e9rt maradt eddig, hogy v\u00e9gigvigye a Ferrari t\u00f6rt\u00e9net\u00e9nek egyik legfontosabb \u00faj\u00edt\u00e1s\u00e1t. A negat\u00edv fogadtat\u00e1s miatt azonban az id\u0151z\u00edt\u00e9s rendk\u00edv\u00fcl szerencs\u00e9tlen\u00fcl sikeredett.<\/p>\n<p>A PR egyik alapszab\u00e1lya, hogy a k\u00f6z\u00f6ns\u00e9g az esem\u00e9nyeket nem k\u00fcl\u00f6n\u00e1ll\u00f3 t\u00f6rt\u00e9netekk\u00e9nt, hanem ok-okozati \u00f6sszef\u00fcgg\u00e9sekben \u00e9rtelmezi. Ha egy vezet\u0151 k\u00f6zvetlen\u00fcl egy negat\u00edv visszhangot kiv\u00e1lt\u00f3 term\u00e9kbemutat\u00f3 ut\u00e1n t\u00e1vozik, sokak sz\u00e1m\u00e1ra term\u00e9szetes k\u00f6vetkeztet\u00e9s lesz, hogy a kett\u0151 \u00f6sszef\u00fcgg. M\u00e9g akkor is, ha a h\u00e1tt\u00e9rben val\u00f3j\u00e1ban hossz\u00fa h\u00f3napokkal kor\u00e1bban megtervezett ut\u00f3dl\u00e1si folyamat zajlott.<\/p>\n<p>Enrico Galliera ut\u00f3dja Massimiliano Di Silvestre, a BMW Italia kor\u00e1bbi vez\u00e9rigazgat\u00f3ja lesz, aki j\u00falius 1-j\u00e9n veszi \u00e1t a Ferrari marketing- \u00e9s kereskedelmi igazgat\u00f3i posztj\u00e1t. A konkurenci\u00e1t\u00f3l \u00e9rkez\u0151 szakember az\u00e9rt is k\u00fcl\u00f6n\u00f6s v\u00e1laszt\u00e1s, mert kor\u00e1bban a Ferrari legink\u00e1bb h\u00e1zon bel\u00fclr\u0151l t\u00f6lt\u00f6tte ki\u00a0a meg\u00fcresed\u0151 poz\u00edci\u00f3kat.<\/p>\n<p>                        F\u00e1jdalmas helyr\u0151l \u00e9rkezett kritika<\/p>\n<p>Az eg\u00e9sz helyzetet m\u00e1s megvil\u00e1g\u00edt\u00e1sba helyezi, hogy a Ferrari t\u00f6rt\u00e9net\u00e9nek egyik legmeghat\u00e1roz\u00f3bb alakja, <a href=\"https:\/\/totalcar.hu\/hirek\/2026\/05\/28\/utos-kritika-meg-a-kinaiak-sem-koppintanak-az-uj-ferrarit\/\" id=\"hyperlink_90bc1b52754d194be378c52f42e5ddc0\" rel=\"nofollow noopener\" target=\"_blank\">Luca Cordero di Montezemolo<\/a> k\u00fcl\u00f6n\u00f6sen \u00e9lesen b\u00edr\u00e1lta a Luce bemutat\u00e1s\u00e1t. Az \u00fczletember 1991 \u00e9s 2014 k\u00f6z\u00f6tt volt a Ferrari eln\u00f6ke, ir\u00e1ny\u00edt\u00e1sa alatt a v\u00e1llalat p\u00e9nz\u00fcgyileg is meger\u0151s\u00f6d\u00f6tt, a m\u00e1rka meg\u0151rizte exkluzivit\u00e1s\u00e1t \u00e9s a Formula\u20131-ben is rendk\u00edv\u00fcl sikeres id\u0151szakot \u00e9lt meg, t\u00f6bbek k\u00f6z\u00f6tt Michael Schumachernek k\u00f6sz\u00f6nhet\u0151en. Sokan neki tulajdon\u00edtj\u00e1k, hogy a Ferrari a vil\u00e1g egyik leg\u00e9rt\u00e9kesebb luxusm\u00e1rk\u00e1j\u00e1v\u00e1 v\u00e1lt.<\/p>\n<p>\u00c9ppen ez\u00e9rt k\u00fcl\u00f6n\u00f6s s\u00falya volt annak, amikor a Luce bemutat\u00f3ja ut\u00e1n \u00fagy fogalmazott: ha \u0151szint\u00e9n elmondan\u00e1 a v\u00e9lem\u00e9ny\u00e9t, azzal \u00e1rtana a Ferrarinak, mert szerinte \u201eegy m\u00edtosz lerombol\u00e1s\u00e1t kock\u00e1ztatj\u00e1k\u201d.<\/p>\n<p>Olyannyira idegennek tartotta az aut\u00f3 formavil\u00e1g\u00e1t a m\u00e1rka hagyom\u00e1nyait\u00f3l, hogy azt is kijelentette:<\/p>\n<p>rem\u00e9li, hogy legal\u00e1bb az \u00e1gaskod\u00f3 l\u00f3 embl\u00e9m\u00e1t leveszik r\u00f3la.<\/p>\n<p>Kritik\u00e1ja els\u0151sorban nem az elektromos hajt\u00e1snak sz\u00f3lt, hanem annak, hogy a Luce szerinte sem megjelen\u00e9s\u00e9ben, sem karakter\u00e9ben nem hordozza azt az egyedi Ferrari-identit\u00e1st, amelyet a m\u00e1rka \u00e9vtizedek alatt fel\u00e9p\u00edtett.<\/p>\n<p>Kijelent\u00e9se ut\u00e1n megk\u00e9rdezt\u00e9k arr\u00f3l is, hogy mit gondol a k\u00ednai aut\u00f3k hat\u00e1s\u00e1r\u00f3l, ezzel pedig bevitte az utols\u00f3 d\u00f6f\u00e9st:<\/p>\n<p>Ezt az aut\u00f3t m\u00e9g a k\u00ednaiak sem m\u00e1soln\u00e1k le.<\/p>\n<p><a href=\"http:\/\/mediafuture.hu\/knowhow\/2026\/06\/04\/varga-zsombor-geely-kinai-automarka\/\" id=\"hyperlink_55dd4897c9fc767386a684a852e310a6\" target=\"_blank\" title=\"\u201eF\u00e9l \u00e9v alatt reag\u00e1lnak arra, amire m\u00e1shol \u00e9veket kell v\u00e1rni\u201d \u2013 Varga Zsombor a Geely kult\u00far\u00e1j\u00e1r\u00f3l\" data-recommendation=\"bekezdes_utan\" data-recommendation-preview=\"{&quot;og:title&quot;:&quot;\u201eF\u00e9l \u00e9v alatt reag\u00e1lnak arra, amire m\u00e1shol \u00e9veket kell v\u00e1rni\u201d \u2013 Varga Zsombor a Geely kult\u00far\u00e1j\u00e1r\u00f3l&quot;,&quot;og:description&quot;:&quot;Mit\\u0151l m\\u0171k\u00f6dik m\u00e1sk\u00e9nt egy k\u00ednai aut\u00f3gy\u00e1rt\u00f3, mint a hagyom\u00e1nyos szerepl\\u0151k? Varga Zsombor szerint a v\u00e1lasz az alkalmazkod\u00f3k\u00e9pess\u00e9gben rejlik.&quot;,&quot;og:image&quot;:&quot;\\\/\\\/kep.cdn.indexvas.hu\\\/1\\\/0\\\/6976\\\/69765\\\/697654\\\/69765441_5147737_4caa9c905356b5bd02915b5fddfe8d09_wm.jpg&quot;}\" data-recommendation-id=\"6220141\" rel=\"nofollow noopener\">A k\u00ednai aut\u00f3ipar az ut\u00f3bbi \u00e9vekben r\u00e1ad\u00e1sul egyre er\u0151sebb\u00e9 v\u00e1lt<\/a>, m\u00e1r Eur\u00f3p\u00e1ban is jelent\u0151s piaci r\u00e9szesed\u00e9se van. A Ferrari \u00e9s a t\u00f6bbi eur\u00f3pai m\u00e1rka \u00e9ppen ez\u00e9rt nem kock\u00e1ztathat ilyen mell\u00e9ny\u00fal\u00e1sokat, <a href=\"http:\/\/mediafuture.hu\/knowhow\/2026\/06\/01\/automotive-summit-wachtler-tamas-mullner-zsolt\/\" id=\"hyperlink_3163466b59b11a81875862ac3f4d9060\" target=\"_blank\" title=\"A k\u00ednai aut\u00f3m\u00e1rk\u00e1k egyre nagyobb figyelemnek \u00f6rvendenek az eur\u00f3pai piacon\" data-recommendation=\"bekezdes_utan\" data-recommendation-preview=\"{&quot;og:title&quot;:&quot;A k\u00ednai aut\u00f3m\u00e1rk\u00e1k egyre nagyobb figyelemnek \u00f6rvendenek az eur\u00f3pai piacon&quot;,&quot;og:description&quot;:&quot;Automotive Summit az aut\u00f3ipar \u00e1talakul\u00e1s\u00e1nak legfontosabb k\u00e9rd\u00e9seit j\u00e1rta k\u00f6r\u00fcl, ez\u00fattal az \u00e9rt\u00e9kes\u00edt\\u0151k strat\u00e9gi\u00e1it vessz\u00fck g\u00f3rcs\\u0151 al\u00e1.&quot;,&quot;og:image&quot;:&quot;\\\/\\\/kep.cdn.indexvas.hu\\\/1\\\/0\\\/6962\\\/69621\\\/696211\\\/69621187_5137473_5486a126be34642813683098fc950a37_wm.jpg&quot;}\" data-recommendation-id=\"6216887\" rel=\"nofollow noopener\">k\u00fcl\u00f6nben hamar h\u00e1tt\u00e9rbe szorulhatnak.<\/a><\/p>\n<p><a href=\"https:\/\/dex.hu\/x.php?id=googlepref_desktop_mediafuture&amp;url=https:\/\/google.com\/preferences\/source?q=https:\/\/mediafuture.hu\/\" class=\"google-pref-banner \" id=\"googlePrefBanner\" rel=\"nofollow noopener\" target=\"_blank\"><\/p>\n<p>        \u00c1ll\u00edtsd be a Google keres\u0151j\u00e9t, hogy a tal\u00e1latok k\u00f6z\u00f6tt biztos ott legyen a MediaFuture!<\/p>\n<p><\/a><\/p>\n","protected":false},"excerpt":{"rendered":"K\u00fcl\u00f6n\u00f6sen rosszkor t\u00e1vozik a Ferrari marketingvezet\u0151je: Enrico Galliera bejelent\u00e9se alig n\u00e9h\u00e1ny nappal k\u00f6vette a m\u00e1rka els\u0151 elektromos aut\u00f3ja,&hellip;\n","protected":false},"author":2,"featured_media":154377,"comment_status":"","ping_status":"","sticky":false,"template":"","format":"standard","meta":{"footnotes":"","_share_on_mastodon":"0"},"categories":[12],"tags":[638,44,42,40,4515,43,41,833,7867,121,120,125,122,124,123],"class_list":["post-154376","post","type-post","status-publish","format-standard","has-post-thumbnail","category-tudomany-es-technologia","tag-ferrari","tag-hu","tag-hungarian","tag-hungary","tag-luce","tag-magyar","tag-magyarorszag","tag-marcomm","tag-pr","tag-science","tag-science-technology","tag-technologia","tag-technology","tag-tudomany","tag-tudomany-es-technologia"],"share_on_mastodon":{"url":"https:\/\/pubeurope.com\/@hu\/116828980395487585","error":""},"_links":{"self":[{"href":"https:\/\/www.europesays.com\/hu\/wp-json\/wp\/v2\/posts\/154376","targetHints":{"allow":["GET"]}}],"collection":[{"href":"https:\/\/www.europesays.com\/hu\/wp-json\/wp\/v2\/posts"}],"about":[{"href":"https:\/\/www.europesays.com\/hu\/wp-json\/wp\/v2\/types\/post"}],"author":[{"embeddable":true,"href":"https:\/\/www.europesays.com\/hu\/wp-json\/wp\/v2\/users\/2"}],"replies":[{"embeddable":true,"href":"https:\/\/www.europesays.com\/hu\/wp-json\/wp\/v2\/comments?post=154376"}],"version-history":[{"count":0,"href":"https:\/\/www.europesays.com\/hu\/wp-json\/wp\/v2\/posts\/154376\/revisions"}],"wp:featuredmedia":[{"embeddable":true,"href":"https:\/\/www.europesays.com\/hu\/wp-json\/wp\/v2\/media\/154377"}],"wp:attachment":[{"href":"https:\/\/www.europesays.com\/hu\/wp-json\/wp\/v2\/media?parent=154376"}],"wp:term":[{"taxonomy":"category","embeddable":true,"href":"https:\/\/www.europesays.com\/hu\/wp-json\/wp\/v2\/categories?post=154376"},{"taxonomy":"post_tag","embeddable":true,"href":"https:\/\/www.europesays.com\/hu\/wp-json\/wp\/v2\/tags?post=154376"}],"curies":[{"name":"wp","href":"https:\/\/api.w.org\/{rel}","templated":true}]}}