{"id":154522,"date":"2026-06-28T20:25:15","date_gmt":"2026-06-28T20:25:15","guid":{"rendered":"https:\/\/www.europesays.com\/hu\/154522\/"},"modified":"2026-06-28T20:25:15","modified_gmt":"2026-06-28T20:25:15","slug":"index-belfold-egyre-tobb-helyen-van-aramszunet-budapesten-es-kornyeken-sokak-szerint-a-hoseg-miatt","status":"publish","type":"post","link":"https:\/\/www.europesays.com\/hu\/154522\/","title":{"rendered":"Index &#8211; Belf\u00f6ld &#8211; Egyre t\u00f6bb helyen van \u00e1ramsz\u00fcnet Budapesten \u00e9s k\u00f6rny\u00e9k\u00e9n, sokak szerint a h\u0151s\u00e9g miatt"},"content":{"rendered":"<p>Az Index egyik olvas\u00f3ja jelezte szerkeszt\u0151s\u00e9g\u00fcnknek, hogy vas\u00e1rnap 20 \u00f3ra \u00f3ta Budapest XI. \u00e9s XIV. ker\u00fclet\u00e9nek t\u00f6bb pontj\u00e1n nincs \u00e1ram, a k\u00f6rny\u00e9ken szir\u00e9n\u00e1z\u00e1st is hallani.<\/p>\n<p>Elmond\u00e1sa alapj\u00e1n az MVM \u00fcgyf\u00e9lszolg\u00e1lata szerint akadozik az \u00e9rintett ter\u00fcleteken az \u00e1ramfogyaszt\u00e1s, val\u00f3sz\u00edn\u0171leg a k\u00e1nikula okozta t\u00falfogyaszt\u00e1s miatt. A helyre\u00e1ll\u00edt\u00e1sig a fogyaszt\u00f3k t\u00fcrelm\u00e9t k\u00e9rte a szolg\u00e1ltat\u00f3.<\/p>\n<p>T\u00f6bb nyilv\u00e1nos Facebook-csoportban panaszkodtak a tagok az \u00e1ramkimarad\u00e1sok miatt, feltehet\u0151leg nem csak k\u00e9t ker\u00fcletet \u00e9rint a probl\u00e9ma. A XXI. ker\u00fcletben, a <a href=\"https:\/\/www.facebook.com\/photo\/?fbid=1905868263592412&amp;set=a.1176299076549338\" id=\"hyperlink_d34fefd0cf6d01d9934431d4d75b2820\" rel=\"nofollow noopener\" target=\"_blank\">Csepel-Kir\u00e1lyerd\u0151<\/a> v\u00e1rosr\u00e9szben t\u00f6bb utc\u00e1n is elment az \u00e1ram a nap folyam\u00e1n, de t\u00f6bb hozz\u00e1sz\u00f3l\u00f3 meger\u0151s\u00edtette, hogy este 20 \u00f3ra ut\u00e1n helyre\u00e1llt az \u00e1ramszolg\u00e1ltat\u00e1s.<\/p>\n<p>                        Nem csak Budapestet \u00e9rintheti a probl\u00e9ma<\/p>\n<p>Pest v\u00e1rmegye t\u00f6bb telep\u00fcl\u00e9s\u00e9n hasonl\u00f3r\u00f3l sz\u00e1moltak be, a <a href=\"https:\/\/www.facebook.com\/groups\/491484661025309\/posts\/3256236594550088\" id=\"hyperlink_1aa0bb9bc96b9cda6f1174dc37752afd\" rel=\"nofollow noopener\" target=\"_blank\">T\u00f6k\u00f6li k\u00f6z\u00fcgyek<\/a> Facebook-csoport tagjai szerint az Alkotm\u00e1ny utcai transzform\u00e1torral akadt probl\u00e9ma, ez\u00e9rt az MVM szerel\u0151i lassan haladnak a helyre\u00e1ll\u00edt\u00e1si munk\u00e1latokkal.<\/p>\n<p>A <a href=\"https:\/\/www.facebook.com\/groups\/szigethalmi.forum\/posts\/27838729772419986\" id=\"hyperlink_82f09eb9225bdbc40181b9faa02ac15e\" rel=\"nofollow noopener\" target=\"_blank\">Szigethalmi F\u00f3rumban<\/a> pedig <a href=\"https:\/\/www.facebook.com\/groups\/szigethalmi.forum\/posts\/27838718215754475\" id=\"hyperlink_ce1b940fa5cbc6c18049b05573213eeb\" rel=\"nofollow noopener\" target=\"_blank\">t\u00f6bb bejegyz\u00e9sben<\/a> is arr\u00f3l panaszkodtak, hogy a Fiumei utc\u00e1n nincs \u00e1ram, de a v\u00e1ros t\u00f6bb ter\u00fclet\u00e9n is tapasztalt\u00e1k a probl\u00e9m\u00e1t.<\/p>\n<p>Ahogy arr\u00f3l besz\u00e1moltunk, cs\u00fct\u00f6rt\u00f6k este arra k\u00e9rte Kapit\u00e1ny Istv\u00e1n a lakoss\u00e1got, hogy este <a href=\"https:\/\/index.hu\/belfold\/2026\/06\/25\/aramfogyasztas-csokkenes-gazdasagi-es-energetikai-miniszter-kapitany-istvan-este\/\" id=\"hyperlink_a0c275f7ac081386defc480d452b40b6\" target=\"_blank\" title=\"Felsz\u00f3l\u00edtotta a lakoss\u00e1got Kapit\u00e1ny Istv\u00e1n, az \u00e1ramfogyaszt\u00e1s cs\u00f6kkent\u00e9s\u00e9t k\u00e9rte az esti \u00f3r\u00e1kban\" rel=\"nofollow noopener\">18 \u00e9s 21 \u00f3ra k\u00f6z\u00f6tt\u00a0cs\u00f6kkents\u00e9k az \u00e1ramfogyaszt\u00e1sukat<\/a>, \u00edgy zavartalanul tud m\u0171k\u00f6dni Magyarorsz\u00e1g villamosenergia-ell\u00e1t\u00e1sa. A kl\u00edmaberendez\u00e9sek haszn\u00e1lat\u00e1val kapcsolatban azt javasolta a gazdas\u00e1gi \u00e9s energetikai miniszter, \u00e9jszaka vagy a hajnali \u00f3r\u00e1kban h\u0171tse le mindenki az otthon\u00e1t.<\/p>\n<p>B\u0151vebb inform\u00e1ci\u00f3k\u00e9rt kerest\u00fck az Orsz\u00e1gos Katasztr\u00f3fav\u00e9delmi F\u0151igazgat\u00f3s\u00e1got, valamint az MVM-et is, amint v\u00e1laszolnak, friss\u00edtj\u00fck cikk\u00fcnket.<\/p>\n<p>\n                          (Bor\u00edt\u00f3k\u00e9p: K\u00e9p\u00fcnk illusztr\u00e1ci\u00f3! Fot\u00f3:\u00a0Shutterstock)\u00a0\n                        <\/p>\n<p><a href=\"https:\/\/dex.hu\/x.php?id=googlepref_desktop&amp;url=https:\/\/google.com\/preferences\/source?q=https:\/\/index.hu\" class=\"google-pref-banner \" id=\"googlePrefBanner\" rel=\"nofollow noopener\" target=\"_blank\"><\/p>\n<p>    Itt \u00e1ll\u00edtsa be, hogy az Index az els\u0151k k\u00f6z\u00f6tt legyen a Google-tal\u00e1latokban!<\/p>\n<p><\/a><\/p>\n<p>                <a href=\"https:\/\/konyvek.index.hu\/\" target=\"_blank\" rel=\"nofollow noopener\"><br \/>\n                <img decoding=\"async\" src=\"https:\/\/index.hu\/assets\/images\/konyvajanlo\/book_indapress\/book_indapress_logo.svg\" loading=\"lazy\" alt=\"Inda Press Kiad\u00f3\"\/><br \/>\n                <\/a><\/p>\n<p>                <img decoding=\"async\" src=\"https:\/\/www.europesays.com\/hu\/wp-content\/uploads\/2026\/06\/1782677421_2_budapest.png\" loading=\"lazy\" alt=\"23 \u2013 Nagy budapesti ker\u00fclethat\u00e1roz\u00f3\"\/><\/p>\n<p>Izgalmas t\u00f6rt\u00e9netek, rejtett kincsek, \u00e9rdekes \u00e9p\u00fcletek &#8211; nem csak budapestieknek.<\/p>\n<p>                <a class=\"book_index_btn\" href=\"https:\/\/indexadhu.hit.gemius.pl\/hitredir?id=nSCbubuYpDWJZLZs0TssLrbt33Lk5kbipuiZrkg89G3.g7&amp;stparam=yoojcxjrby&amp;fastid=maqqjzmjjiorpyjhphrcutrnpkmz&amp;nc=0&amp;url=https:\/\/www.indapresskiado.hu\/products\/23-nagy-budapesti-ker-hat\" target=\"_blank\" rel=\"nofollow noopener\">MEGVESZEM<\/a><\/p>\n<p>    <img decoding=\"async\" src=\"https:\/\/www.europesays.com\/hu\/wp-content\/uploads\/2026\/06\/1782678315_43_redot.gif\"\/><\/p>\n<p>    <img decoding=\"async\" src=\"https:\/\/index.hu\/assets\/images\/social-follow\/logo-big.svg\" alt=\"Index.hu logo\"\/><\/p>\n<p>K\u00f6vesse az Indexet Facebookon is!<\/p>\n<p>    <a href=\"https:\/\/facebook.com\/Indexhu\" target=\"_blank\" rel=\"nofollow noopener\"><\/p>\n<p>        K\u00f6vetem!<br \/>\n    <\/a><\/p>\n","protected":false},"excerpt":{"rendered":"Az Index egyik olvas\u00f3ja jelezte szerkeszt\u0151s\u00e9g\u00fcnknek, hogy vas\u00e1rnap 20 \u00f3ra \u00f3ta Budapest XI. \u00e9s XIV. ker\u00fclet\u00e9nek t\u00f6bb pontj\u00e1n&hellip;\n","protected":false},"author":2,"featured_media":154523,"comment_status":"","ping_status":"","sticky":false,"template":"","format":"standard","meta":{"footnotes":"","_share_on_mastodon":"0"},"categories":[33],"tags":[3768,2400,80,73,152,38,35,37,1632,32517,44,42,40,278,43,41,3067,34,645,20903,46599,36,39,4801],"class_list":["post-154522","post","type-post","status-publish","format-standard","has-post-thumbnail","category-hirek","tag-aram","tag-aramkimaradas","tag-belfold","tag-budapest","tag-ce-napi","tag-focimek","tag-headlines","tag-hirek","tag-homerseklet","tag-hoseg","tag-hu","tag-hungarian","tag-hungary","tag-idojaras","tag-magyar","tag-magyarorszag","tag-mvm","tag-news","tag-radar","tag-szigethalom","tag-tokol","tag-top-stories","tag-vezeto-hirek","tag-zuglo"],"share_on_mastodon":{"url":"https:\/\/pubeurope.com\/@hu\/116829613456454629","error":""},"_links":{"self":[{"href":"https:\/\/www.europesays.com\/hu\/wp-json\/wp\/v2\/posts\/154522","targetHints":{"allow":["GET"]}}],"collection":[{"href":"https:\/\/www.europesays.com\/hu\/wp-json\/wp\/v2\/posts"}],"about":[{"href":"https:\/\/www.europesays.com\/hu\/wp-json\/wp\/v2\/types\/post"}],"author":[{"embeddable":true,"href":"https:\/\/www.europesays.com\/hu\/wp-json\/wp\/v2\/users\/2"}],"replies":[{"embeddable":true,"href":"https:\/\/www.europesays.com\/hu\/wp-json\/wp\/v2\/comments?post=154522"}],"version-history":[{"count":0,"href":"https:\/\/www.europesays.com\/hu\/wp-json\/wp\/v2\/posts\/154522\/revisions"}],"wp:featuredmedia":[{"embeddable":true,"href":"https:\/\/www.europesays.com\/hu\/wp-json\/wp\/v2\/media\/154523"}],"wp:attachment":[{"href":"https:\/\/www.europesays.com\/hu\/wp-json\/wp\/v2\/media?parent=154522"}],"wp:term":[{"taxonomy":"category","embeddable":true,"href":"https:\/\/www.europesays.com\/hu\/wp-json\/wp\/v2\/categories?post=154522"},{"taxonomy":"post_tag","embeddable":true,"href":"https:\/\/www.europesays.com\/hu\/wp-json\/wp\/v2\/tags?post=154522"}],"curies":[{"name":"wp","href":"https:\/\/api.w.org\/{rel}","templated":true}]}}