{"id":154821,"date":"2026-06-29T06:14:18","date_gmt":"2026-06-29T06:14:18","guid":{"rendered":"https:\/\/www.europesays.com\/hu\/154821\/"},"modified":"2026-06-29T06:14:18","modified_gmt":"2026-06-29T06:14:18","slug":"egyre-tobb-helyen-van-aramszunet-a-fovarosban-es-kornyeken-a-kanikula-lehet-az-oka-otthon","status":"publish","type":"post","link":"https:\/\/www.europesays.com\/hu\/154821\/","title":{"rendered":"Egyre t\u00f6bb helyen van \u00e1ramsz\u00fcnet a f\u0151v\u00e1rosban \u00e9s k\u00f6rny\u00e9k\u00e9n: a k\u00e1nikula lehet az oka &#8211; Otthon"},"content":{"rendered":"<p>Budapest XI. \u00e9s XIV. ker\u00fclet\u00e9ben t\u00f6bb helyen is elment az \u00e1ram vas\u00e1rnap, val\u00f3sz\u00edn\u0171leg a h\u0151s\u00e9g miatti t\u00falfogyaszt\u00e1s \u00e1llhat a h\u00e1tt\u00e9rben. Hasonl\u00f3 probl\u00e9m\u00e1kr\u00f3l adtak t\u00e1j\u00e9koztat\u00e1st T\u00f6k\u00f6li \u00e9s szigethalmi lakosok is, de Budapest m\u00e1s ker\u00fcleteiben is akadozott az \u00e1ramell\u00e1t\u00e1s.<\/p>\n<p>                        \u00c1ramsz\u00fcnet Budapesten \u00e9s k\u00f6rny\u00e9k\u00e9n<\/p>\n<p>Az Index egyik olvas\u00f3ja jelezte a szerkeszt\u0151s\u00e9gnek, hogy vas\u00e1rnap 20 \u00f3ra \u00f3ta Budapest XI. \u00e9s XIV. ker\u00fclet\u00e9nek t\u00f6bb pontj\u00e1n nincs \u00e1ram, \u00e9s a k\u00f6rny\u00e9ken szir\u00e9n\u00e1z\u00e1st is hallani lehet.<\/p>\n<p>Elmond\u00e1sa alapj\u00e1n az E.ON \u00fcgyf\u00e9lszolg\u00e1lata szerint akadozik az \u00e9rintett ter\u00fcleteken az \u00e1ramfogyaszt\u00e1s, val\u00f3sz\u00edn\u0171s\u00edthet\u0151leg a k\u00e1nikula okozta t\u00falfogyaszt\u00e1s miatt. A szolg\u00e1ltat\u00f3 a helyre\u00e1ll\u00edt\u00e1sig a fogyaszt\u00f3k t\u00fcrelm\u00e9t k\u00e9rte.<\/p>\n<p>Az <a href=\"https:\/\/index.hu\/belfold\/2026\/06\/28\/budapest-zuglo-aram-mvm-aramkimaradas-tokol-szigethalom-radar-hoseg-homerseklet\/\" id=\"hyperlink_9a75ad14e7baef0fb3624e07a0493cb9\" rel=\"nofollow noopener\" target=\"_blank\">Index cikke<\/a> szerint t\u00f6bb nyilv\u00e1nos Facebook-csoportban is panaszkodtak a tagok az \u00e1ramkimarad\u00e1sok miatt, \u00edgy feltehet\u0151leg nem csak k\u00e9t ker\u00fcletet \u00e9rint a probl\u00e9ma. A XXI. ker\u00fcletben, a Csepel-Kir\u00e1lyerd\u0151 v\u00e1rosr\u00e9szben t\u00f6bb utc\u00e1n is elment az \u00e1ram vas\u00e1rnap folyam\u00e1n, de t\u00f6bb hozz\u00e1sz\u00f3l\u00f3 meger\u0151s\u00edtette, hogy este 20 \u00f3ra ut\u00e1n helyre\u00e1llt az \u00e1ramszolg\u00e1ltat\u00e1s.<\/p>\n<p>                            <img decoding=\"async\" id=\"kep_szerkfoto_image_70227837\" src=\"https:\/\/www.europesays.com\/hu\/wp-content\/uploads\/2026\/06\/70227837_9d9b17bf7a60201adfd927d04c13d29e_wm.jpg\" loading=\"lazy\" alt=\"\u00e1ramsz\u00fcnet (5)\" data-image_width=\"1500\" data-image_height=\"1000\" width=\"1500\" height=\"1000\"\/><\/p>\n<p>Fot\u00f3: Antonio Hugo Photo \/ Getty Images Hungary<\/p>\n<p><a href=\"https:\/\/femina.hu\/terasz\/tuzoltok-kutya-albertirsa\/\" id=\"hyperlink_2a19d078ea4c1082a5b052395849e3ef\" target=\"_self\" rel=\"nofollow noopener\">Pest v\u00e1rmegye<\/a> t\u00f6bb telep\u00fcl\u00e9s\u00e9n is hasonl\u00f3 probl\u00e9m\u00e1r\u00f3l sz\u00e1moltak be, a <a href=\"https:\/\/www.facebook.com\/groups\/491484661025309\/posts\/3256236594550088\" id=\"hyperlink_1aa0bb9bc96b9cda6f1174dc37752afd\" rel=\"nofollow noopener\" target=\"_blank\">T\u00f6k\u00f6li k\u00f6z\u00fcgyek<\/a> Facebook-csoport tagjai szerint az Alkotm\u00e1ny utcai transzform\u00e1torral akadt probl\u00e9ma, ez\u00e9rt a szerel\u0151k lassan haladnak a helyre\u00e1ll\u00edt\u00e1si munk\u00e1latokkal.<\/p>\n<p>A <a href=\"https:\/\/www.facebook.com\/groups\/szigethalmi.forum\/posts\/27838729772419986\" id=\"hyperlink_82f09eb9225bdbc40181b9faa02ac15e\" rel=\"nofollow noopener\" target=\"_blank\">Szigethalmi F\u00f3rumban<\/a> t\u00f6bb bejegyz\u00e9sben is arr\u00f3l panaszkodtak, hogy a Fiumei utc\u00e1n nincs \u00e1ram, de a v\u00e1ros t\u00f6bb ter\u00fclet\u00e9n is tapasztalt\u00e1k a probl\u00e9m\u00e1t.<\/p>\n<p>Az Index cikk\u00e9nek megjelen\u00e9se ut\u00e1n a\u00a0Budapest, Pest v\u00e1rmegye \u00e9s a Dun\u00e1nt\u00fal villamosh\u00e1l\u00f3zat\u00e1t \u00fczemeltet\u0151 E.ON Hung\u00e1ria Csoport t\u00e1j\u00e9koztat\u00e1st adott a port\u00e1lnak, amelyben \u00edgy fogalmaztak:\u00a0<\/p>\n<p>Az elm\u00falt napok tart\u00f3s, extr\u00e9m h\u0151hull\u00e1ma \u00e9rezhet\u0151en n\u00f6veli a villamosenergia-h\u00e1l\u00f3zat terhel\u00e9s\u00e9t, ami az \u00e1tlagosn\u00e1l l\u00e9nyegesen t\u00f6bb \u00fczemzavart eredm\u00e9nyez Budapest \u00e9s Pest v\u00e1rmegye ter\u00fclet\u00e9n. A magas nappali h\u0151m\u00e9rs\u00e9klet \u00e9s az \u00e9jszakai leh\u0171l\u00e9s elmarad\u00e1sa egyar\u00e1nt fokozott ig\u00e9nybev\u00e9telt jelent a h\u00e1l\u00f3zati berendez\u00e9sek sz\u00e1m\u00e1ra.\u00a0Az esetek d\u00f6nt\u0151 t\u00f6bbs\u00e9g\u00e9ben az E.ON szakemberei n\u00e9h\u00e1ny \u00f3r\u00e1n bel\u00fcl helyre\u00e1ll\u00edtott\u00e1k az \u00e1ramszolg\u00e1ltat\u00e1st.<\/p>\n<p>Az E.ON teljes k\u00f6zlem\u00e9ny\u00e9t az Index cikk\u00e9ben olvashatod el, <a href=\"https:\/\/index.hu\/belfold\/2026\/06\/28\/budapest-zuglo-aram-mvm-aramkimaradas-tokol-szigethalom-radar-hoseg-homerseklet\/\" id=\"hyperlink_9a75ad14e7baef0fb3624e07a0493cb9\" rel=\"nofollow noopener\" target=\"_blank\">ide kattintva.<\/a><\/p>\n<p>                                    <a href=\"https:\/\/femina.hu\/otthon\/orszagos-veszelyjelzes-hetfo-forrosag\/\" title=\"\" rel=\"nofollow noopener\" target=\"_blank\"><br \/>\n                                    <img decoding=\"async\" src=\"https:\/\/www.europesays.com\/hu\/wp-content\/uploads\/2026\/06\/70225395_5181099_ba4b2ca1341af06a77a1237820a4cf17_wm.jpg\" alt=\"\" title=\"\"\/><br \/>\n                                <\/a><\/p>\n<p>                                Fontos figyelmeztet\u00e9st adtak ki h\u00e9tf\u0151re: nem csak a brut\u00e1lis forr\u00f3s\u00e1g miatt kell agg\u00f3dni<\/p>\n<p class=\"lead\">Figyelmeztetnek a meteorol\u00f3gusok.<\/p>\n<p>                                <a href=\"https:\/\/femina.hu\/otthon\/orszagos-veszelyjelzes-hetfo-forrosag\/\" class=\"btn btn-normal\" rel=\"nofollow noopener\" target=\"_blank\">Elolvasom<\/a><\/p>\n<p>\n                          K\u00e9pek: Getty Images Hungary\n                        <\/p>\n<p>                                    <img loading=\"lazy\" decoding=\"async\" src=\"https:\/\/www.europesays.com\/hu\/wp-content\/uploads\/2026\/06\/1782711496_923_69438631_1f27342f2cf6a098516eb11de6d71ad5_wm.jpg\" width=\"198\" height=\"256\" alt=\"\"\/><br \/>\n                            \t    \tAz illatok ter\u00e1pi\u00e1s ereje<\/p>\n<p>M\u00e1r <a href=\"https:\/\/www.indapresskiado.hu\/products\/a-lathatatlan-gyogyito\" rel=\"nofollow noopener\" target=\"_blank\">megv\u00e1s\u00e1rolhat\u00f3<\/a>\u00a0a Femina els\u0151 k\u00f6nyve:\u00a0<\/p>\n<p>A l\u00e1thatatlan gy\u00f3gy\u00edt\u00f3<\/p>\n<p>Moln\u00e1r \u00c9va k\u00f6tete egy k\u00fcl\u00f6nleges utaz\u00e1sra h\u00edv az illatok gy\u00f3gy\u00edt\u00f3 vil\u00e1g\u00e1ba \u2014 az \u00f3kori f\u00fcst\u00f6l\u0151kt\u0151l eg\u00e9szen a modern olfakt\u00edv ter\u00e1pi\u00e1ig.<br \/>Hogyan hatnak r\u00e1nk az illatok? Mi\u00e9rt kapcsol\u00f3dik \u00f6ssze ennyire m\u00e9lyen az eml\u00e9kezet, a l\u00e9lek \u00e9s a szagl\u00e1s? \u00c9s hogyan seg\u00edthetnek az illatok a testi-lelki harm\u00f3nia megtal\u00e1l\u00e1s\u00e1ban?\u00a0<\/p>\n<p class=\"promocio\">Prom\u00f3ci\u00f3<\/p>\n<p><a href=\"https:\/\/dex.hu\/x.php?id=googlepref_desktop_femina&amp;url=https:\/\/google.com\/preferences\/source?q=https:\/\/femina.hu\/\" class=\"google-pref-banner \" id=\"googlePrefBanner\" rel=\"nofollow noopener\" target=\"_blank\"><\/p>\n<p>        \u00c1ll\u00edtsd be a Google keres\u0151j\u00e9t, hogy a tal\u00e1latok k\u00f6z\u00f6tt biztos ott legyen a Femina!<\/p>\n<p><\/a><\/p>\n","protected":false},"excerpt":{"rendered":"Budapest XI. \u00e9s XIV. ker\u00fclet\u00e9ben t\u00f6bb helyen is elment az \u00e1ram vas\u00e1rnap, val\u00f3sz\u00edn\u0171leg a h\u0151s\u00e9g miatti t\u00falfogyaszt\u00e1s \u00e1llhat&hellip;\n","protected":false},"author":2,"featured_media":154822,"comment_status":"","ping_status":"","sticky":false,"template":"","format":"standard","meta":{"footnotes":"","_share_on_mastodon":"0"},"categories":[22],"tags":[3768,1321,73,44,42,40,35548,43,41,670,1516],"class_list":["post-154821","post","type-post","status-publish","format-standard","has-post-thumbnail","category-budapest","tag-aram","tag-aramszunet","tag-budapest","tag-hu","tag-hungarian","tag-hungary","tag-kanikula","tag-magyar","tag-magyarorszag","tag-otthon","tag-pest-megye"],"share_on_mastodon":{"url":"https:\/\/pubeurope.com\/@hu\/116831929570790259","error":""},"_links":{"self":[{"href":"https:\/\/www.europesays.com\/hu\/wp-json\/wp\/v2\/posts\/154821","targetHints":{"allow":["GET"]}}],"collection":[{"href":"https:\/\/www.europesays.com\/hu\/wp-json\/wp\/v2\/posts"}],"about":[{"href":"https:\/\/www.europesays.com\/hu\/wp-json\/wp\/v2\/types\/post"}],"author":[{"embeddable":true,"href":"https:\/\/www.europesays.com\/hu\/wp-json\/wp\/v2\/users\/2"}],"replies":[{"embeddable":true,"href":"https:\/\/www.europesays.com\/hu\/wp-json\/wp\/v2\/comments?post=154821"}],"version-history":[{"count":0,"href":"https:\/\/www.europesays.com\/hu\/wp-json\/wp\/v2\/posts\/154821\/revisions"}],"wp:featuredmedia":[{"embeddable":true,"href":"https:\/\/www.europesays.com\/hu\/wp-json\/wp\/v2\/media\/154822"}],"wp:attachment":[{"href":"https:\/\/www.europesays.com\/hu\/wp-json\/wp\/v2\/media?parent=154821"}],"wp:term":[{"taxonomy":"category","embeddable":true,"href":"https:\/\/www.europesays.com\/hu\/wp-json\/wp\/v2\/categories?post=154821"},{"taxonomy":"post_tag","embeddable":true,"href":"https:\/\/www.europesays.com\/hu\/wp-json\/wp\/v2\/tags?post=154821"}],"curies":[{"name":"wp","href":"https:\/\/api.w.org\/{rel}","templated":true}]}}