{"id":155437,"date":"2026-06-29T16:04:07","date_gmt":"2026-06-29T16:04:07","guid":{"rendered":"https:\/\/www.europesays.com\/hu\/155437\/"},"modified":"2026-06-29T16:04:07","modified_gmt":"2026-06-29T16:04:07","slug":"oriasi-a-vita-a-parlamentben-magyar-petertol-is-megvontak-a-szot-index-hu","status":"publish","type":"post","link":"https:\/\/www.europesays.com\/hu\/155437\/","title":{"rendered":"\u00d3ri\u00e1si a vita a parlamentben, Magyar P\u00e9tert\u0151l is megvont\u00e1k a sz\u00f3t &#8211; Index.hu"},"content":{"rendered":"<p><a href=\"https:\/\/news.google.com\/rss\/articles\/CBMi5gFBVV95cUxPTlM1RmZ2TFZEUVg1ak1Bak1xT1VkOEZiVm9ENWdkNFlKX0xacHVKcjRGNk5RemI3TElsOXl1THQ0LWEwYzdveHpFVTM2NW1ZMFRLb3dUR0VKem0zQ2kzMmtiNk9kY3I5U0N4SG5qeDhZWUY4VzVybDJYMngyOWtHcV9OckZJaURrMVZIWGFwell4b3pEQmJUV1NtMHJxQXpkb1ZkdmtMbnJhOU51cER6al92aUV1V1VFMlZuenFrOWVLWHg0VEk0akhNYWNKczFrelVsM1NwdGVIdExLME9JUE1sampQZw?oc=5\" target=\"_blank\" rel=\"nofollow noopener\">\u00d3ri\u00e1si a vita a parlamentben, Magyar P\u00e9tert\u0151l is megvont\u00e1k a sz\u00f3t<\/a>&nbsp;&nbsp;Index.hu<a href=\"https:\/\/news.google.com\/rss\/articles\/CBMiqgFBVV95cUxNcW91QXBfcTExbVctdXJVcTRvM2M3MWFSbXU4b05fcl9rZlF2UGpwdHZLVlNFWTg0QVBXbXdxNmxDWUZyRDZZaVRwUkxQRF9Vd0pDZm5HUXJHWkNKeVpDeERPYjhQNUs0alRmVnBZSXFoazR4Q0J1dkdsVGVremwtQnIyOHhqV1FLa2w4U2w3LUxMTmotclRlY1RBMVZOMzlNODZBbWNSNngxdw?oc=5\" target=\"_blank\" rel=\"nofollow noopener\">Forsthoffer fegyelmezett, Magyar szerint a Fidesz csak 19 sz\u00e1zal\u00e9kon \u00e1ll &#8211; vide\u00f3 a Parlamentb\u0151l<\/a>&nbsp;&nbsp;| hvg.hu<a href=\"https:\/\/news.google.com\/rss\/articles\/CBMieEFVX3lxTE5hXzdSREJfZWJfRkJFM2xjeFNIQktOelpSS3VkTlEybkI0b2dNQVlmOVJCX3R3TVNBNV9aNTBBZTcxRnVzOGlBZGZ1Z3FsdlVzSVVHSXZWVW1yQkhOSGtxTnJKb0xhT0VvaHNSZzljazg0RzRhVXNWbw?oc=5\" target=\"_blank\" rel=\"nofollow noopener\">Magyar P\u00e9ter a b\u0151rtang\u00e1k szak\u00e9rt\u0151j\u00e9nek nevezte Tak\u00e1cs P\u00e9tert, Forsthoffer \u00c1gnesnek rendet kellett tennie a parlamentben<\/a>&nbsp;&nbsp;24.hu<a href=\"https:\/\/news.google.com\/rss\/articles\/CBMiiwFBVV95cUxQNnQ3d2F0czExTXRhVnZYWXVrWk4tOVpqaFJvV2lRbjBHd0hRYUJvY25nTElocllMZW4ydG1JRmFnM0lZTUo2U1ZETHk3OFJ2bF8zc0Y0Rmh4NkR2U0htcndhSnZfakZQcEU5TG1sblE2OVZ5MS1oNlVhU1JlT2F5elJ1TFhpZFVOdjJV?oc=5\" target=\"_blank\" rel=\"nofollow noopener\">\u201eT\u00e9nyleg sz\u00e9gyellje mag\u00e1t Heged\u0171s Barbara!\u201d \u2013 Forsthoffer \u00c1gnes elvette a sz\u00f3t Magyar P\u00e9tert\u0151l a parlamentben<\/a>&nbsp;&nbsp;| hvg.hu<a href=\"https:\/\/news.google.com\/rss\/articles\/CBMikgFBVV95cUxQN2dMQllOXzhKSWtFTGNhWmFOb2ZSYTN5bDkzNF9iNGxtbE5tQ1luN1pTdm4tZmtxNjAyeXBlRlRJbE5VZFhtWldOZjZMbzVQbTZzbEJtUUFhQ19xNzZTV2ZtbTZaT0xqQkdmYWo2c0pUSzg1MUhFbnBNOFlvWHRacThnbVROYW9mNzAyb25EcDBuQQ?oc=5\" target=\"_blank\" rel=\"nofollow noopener\">Guly\u00e1s Gergely szerint a Fidesz is hazahozta volna az EU-s p\u00e9nzeket, Forsthoffer \u00c1gnes elvette a sz\u00f3t Magyar P\u00e9tert\u0151l<\/a>&nbsp;&nbsp;N\u00e9pszava<\/p>\n","protected":false},"excerpt":{"rendered":"\u00d3ri\u00e1si a vita a parlamentben, Magyar P\u00e9tert\u0151l is megvont\u00e1k a sz\u00f3t&nbsp;&nbsp;Index.huForsthoffer fegyelmezett, Magyar szerint a Fidesz csak 19&hellip;\n","protected":false},"author":2,"featured_media":149185,"comment_status":"","ping_status":"","sticky":false,"template":"","format":"standard","meta":{"footnotes":"","_share_on_mastodon":"0"},"categories":[33],"tags":[80,89,38,5443,35,37,44,42,40,4434,43,944,41,4184,34,2307,3485,5892,945,36,4804,39],"class_list":["post-155437","post","type-post","status-publish","format-standard","has-post-thumbnail","category-hirek","tag-belfold","tag-fidesz","tag-focimek","tag-gulyas-gergely","tag-headlines","tag-hirek","tag-hu","tag-hungarian","tag-hungary","tag-kdnp","tag-magyar","tag-magyar-peter","tag-magyarorszag","tag-mi-hazank-mozgalom","tag-news","tag-orszaggyules","tag-parlament","tag-retvari-bence","tag-tisza-part","tag-top-stories","tag-toroczkai-laszlo","tag-vezeto-hirek"],"share_on_mastodon":{"url":"https:\/\/pubeurope.com\/@hu\/116834249700809072","error":""},"_links":{"self":[{"href":"https:\/\/www.europesays.com\/hu\/wp-json\/wp\/v2\/posts\/155437","targetHints":{"allow":["GET"]}}],"collection":[{"href":"https:\/\/www.europesays.com\/hu\/wp-json\/wp\/v2\/posts"}],"about":[{"href":"https:\/\/www.europesays.com\/hu\/wp-json\/wp\/v2\/types\/post"}],"author":[{"embeddable":true,"href":"https:\/\/www.europesays.com\/hu\/wp-json\/wp\/v2\/users\/2"}],"replies":[{"embeddable":true,"href":"https:\/\/www.europesays.com\/hu\/wp-json\/wp\/v2\/comments?post=155437"}],"version-history":[{"count":0,"href":"https:\/\/www.europesays.com\/hu\/wp-json\/wp\/v2\/posts\/155437\/revisions"}],"wp:featuredmedia":[{"embeddable":true,"href":"https:\/\/www.europesays.com\/hu\/wp-json\/wp\/v2\/media\/149185"}],"wp:attachment":[{"href":"https:\/\/www.europesays.com\/hu\/wp-json\/wp\/v2\/media?parent=155437"}],"wp:term":[{"taxonomy":"category","embeddable":true,"href":"https:\/\/www.europesays.com\/hu\/wp-json\/wp\/v2\/categories?post=155437"},{"taxonomy":"post_tag","embeddable":true,"href":"https:\/\/www.europesays.com\/hu\/wp-json\/wp\/v2\/tags?post=155437"}],"curies":[{"name":"wp","href":"https:\/\/api.w.org\/{rel}","templated":true}]}}