{"id":155678,"date":"2026-06-29T20:18:10","date_gmt":"2026-06-29T20:18:10","guid":{"rendered":"https:\/\/www.europesays.com\/hu\/155678\/"},"modified":"2026-06-29T20:18:10","modified_gmt":"2026-06-29T20:18:10","slug":"tobb-ezer-ember-maradt-aram-nelkul-budapest-negy-keruleteben-egy-koruti-kocsmaban-vezetek-gyulladt-ki","status":"publish","type":"post","link":"https:\/\/www.europesays.com\/hu\/155678\/","title":{"rendered":"T\u00f6bb ezer ember maradt \u00e1ram n\u00e9lk\u00fcl Budapest n\u00e9gy ker\u00fclet\u00e9ben, egy k\u00f6r\u00fati kocsm\u00e1ban vezet\u00e9k gyulladt ki"},"content":{"rendered":"<p>Ezrek maradtak \u00e1ram n\u00e9lk\u00fcl Budapsten \u2013 \u00edrta meg a <a rel=\"nofollow noopener\" href=\"https:\/\/telex.hu\/belfold\/2026\/06\/29\/ezrek-maradtak-aram-nelkul-budapesten\" target=\"_blank\">Telex<\/a>, jelezve, hogy az E.ON \u00e1ramsz\u00fcnet t\u00e9rk\u00e9pe szerint transzform\u00e1tor meghib\u00e1sod\u00e1s miatt este f\u00e9l kilenc k\u00f6r\u00fcl b\u0151 k\u00e9tezer \u00fcgyf\u00e9ln\u00e9l nem volt \u00e1ram a XX. ker\u00fcletben. Az I. ker\u00fcletben k\u00f6zel ezer \u00fcgyfelet \u00e9rintett hasonl\u00f3 probl\u00e9ma, de a XIV. ker\u00fclet lakosai sem \u00faszt\u00e1k meg.<\/p>\n<p>A 24.hu-hoz a VII. ker\u00fcletb\u0151l \u00e9rkeztek jelz\u00e9sek, k\u00f6zelebbr\u0151l az, hogy egy Erzs\u00e9bet k\u00f6r\u00fati kocsm\u00e1ban kigyulladt egy bet\u00e1p vezet\u00e9k, aminek k\u00f6vetkezt\u00e9ben az eml\u00edtett egys\u00e9gben, a szomsz\u00e9dos Rossmanban \u00e9s a k\u00f6rnyez\u0151 t\u00e1rsash\u00e1zak lak\u00e1saiban is \u00e1ramprobl\u00e9m\u00e1k keletkeztek. A bet\u00e1p vezet\u00e9k kigyullad\u00e1s\u00e1t a F\u0151v\u00e1rosi Katasztr\u00f3fav\u00e9delmi Igazgat\u00f3s\u00e1g is meger\u0151s\u00edtette lapunknak, hozz\u00e1t\u00e9ve, hogy a probl\u00e9ma kezel\u00e9s\u00e9t az Elektromos M\u0171vek szakemberei vett\u00e9k \u00e1t.<\/p>\n<p>Olvas\u00f3nk azt \u00edrta, a lak\u00e1sokba k\u00e9s\u0151bb visszat\u00e9rt az \u00e1ram \u00e1tmenetileg, tart\u00f3s megold\u00e1sra azonban holnapig v\u00e1rni kell.<\/p>\n","protected":false},"excerpt":{"rendered":"Ezrek maradtak \u00e1ram n\u00e9lk\u00fcl Budapsten \u2013 \u00edrta meg a Telex, jelezve, hogy az E.ON \u00e1ramsz\u00fcnet t\u00e9rk\u00e9pe szerint transzform\u00e1tor&hellip;\n","protected":false},"author":2,"featured_media":155679,"comment_status":"","ping_status":"","sticky":false,"template":"","format":"standard","meta":{"footnotes":"","_share_on_mastodon":"0"},"categories":[22],"tags":[3768,2400,73,44,42,40,43,41],"class_list":["post-155678","post","type-post","status-publish","format-standard","has-post-thumbnail","category-budapest","tag-aram","tag-aramkimaradas","tag-budapest","tag-hu","tag-hungarian","tag-hungary","tag-magyar","tag-magyarorszag"],"share_on_mastodon":{"url":"https:\/\/pubeurope.com\/@hu\/116835248089545999","error":""},"_links":{"self":[{"href":"https:\/\/www.europesays.com\/hu\/wp-json\/wp\/v2\/posts\/155678","targetHints":{"allow":["GET"]}}],"collection":[{"href":"https:\/\/www.europesays.com\/hu\/wp-json\/wp\/v2\/posts"}],"about":[{"href":"https:\/\/www.europesays.com\/hu\/wp-json\/wp\/v2\/types\/post"}],"author":[{"embeddable":true,"href":"https:\/\/www.europesays.com\/hu\/wp-json\/wp\/v2\/users\/2"}],"replies":[{"embeddable":true,"href":"https:\/\/www.europesays.com\/hu\/wp-json\/wp\/v2\/comments?post=155678"}],"version-history":[{"count":0,"href":"https:\/\/www.europesays.com\/hu\/wp-json\/wp\/v2\/posts\/155678\/revisions"}],"wp:featuredmedia":[{"embeddable":true,"href":"https:\/\/www.europesays.com\/hu\/wp-json\/wp\/v2\/media\/155679"}],"wp:attachment":[{"href":"https:\/\/www.europesays.com\/hu\/wp-json\/wp\/v2\/media?parent=155678"}],"wp:term":[{"taxonomy":"category","embeddable":true,"href":"https:\/\/www.europesays.com\/hu\/wp-json\/wp\/v2\/categories?post=155678"},{"taxonomy":"post_tag","embeddable":true,"href":"https:\/\/www.europesays.com\/hu\/wp-json\/wp\/v2\/tags?post=155678"}],"curies":[{"name":"wp","href":"https:\/\/api.w.org\/{rel}","templated":true}]}}