{"id":155995,"date":"2026-06-30T05:32:09","date_gmt":"2026-06-30T05:32:09","guid":{"rendered":"https:\/\/www.europesays.com\/hu\/155995\/"},"modified":"2026-06-30T05:32:09","modified_gmt":"2026-06-30T05:32:09","slug":"nb-i-el-indulo-vinne-a-zte-magyar-vedojet-1-millio-euros-uzlet-keszulhet-sajtohir","status":"publish","type":"post","link":"https:\/\/www.europesays.com\/hu\/155995\/","title":{"rendered":"NB I: EL-indul\u00f3 vinn\u00e9 a ZTE magyar v\u00e9d\u0151j\u00e9t, 1 milli\u00f3 eur\u00f3s \u00fczlet k\u00e9sz\u00fclhet &#8211; sajt\u00f3h\u00edr"},"content":{"rendered":"<p>                    <a href=\"https:\/\/news.google.com\/publications\/CAAqJQgKIh9DQklTRVFnTWFnMEtDMk56WVd0bWIyTnBMbWgxS0FBUAE\" target=\"_blank\" class=\"google-news\" rel=\"nofollow noopener\">A legfrissebb h\u00edrek\u00e9rt k\u00f6vess minket a Csakfoci Google News oldal\u00e1n is!<\/a><\/p>\n<p>Sacha Tavolieri inform\u00e1ci\u00f3i szerint V\u00e1rkonyi Bence, a Zalaegerszeg labdar\u00fag\u00f3ja az azeri Qarabag csapat\u00e1hoz igazolhat. A h\u00edrek alapj\u00e1n a 24 \u00e9ves bels\u0151 v\u00e9d\u0151 egymilli\u00f3 eur\u00f3s \u00e1tigazol\u00e1si d\u00edj ellen\u00e9ben v\u00e1lthat klubot, \u00e9s egy h\u00e1rom \u00e9vre sz\u00f3l\u00f3 szerz\u0151d\u00e9st \u00edrhat al\u00e1 \u00faj egy\u00fcttes\u00e9vel.<\/p>\n<p>A h\u00e1tv\u00e9d az MTK-ban nevelkedett, majd az \u00e9lvonalban 2021-ben mutatkozott be. Egy koz\u00e1rmislenyi kit\u00e9r\u0151t k\u00f6vet\u0151en el\u0151sz\u00f6r k\u00f6lcs\u00f6nben, majd 2024 nyar\u00e1n v\u00e9gleg a ZTE-hez ker\u00fclt, ahol az el\u0151z\u0151 szezonban alapembernek sz\u00e1m\u00edtott: 30 bajnoki \u00e9s hat Magyar Kupa-tal\u00e1lkoz\u00f3n l\u00e9pett p\u00e1ly\u00e1ra. A h\u00e1tv\u00e9d eddigi p\u00e1lyafut\u00e1sa sor\u00e1n m\u00e1r 83 alkalommal szerepelt a magyar \u00e9lvonalban.<\/p>\n<p>Lehets\u00e9ges leend\u0151 csapata, a Qarabag hamarosan az Eur\u00f3pa Liga selejtez\u0151j\u00e9ben is megm\u00e9retteti mag\u00e1t, ahol j\u00falius k\u00f6zep\u00e9n az izlandi Vestri ellen l\u00e9p p\u00e1ly\u00e1ra.<\/p>\n<p lang=\"en\" dir=\"ltr\">\ud83c\udded\ud83c\uddfa Bence V\u00e1rkonyi joins Qarabag from ZTE in a deal worth around \u20ac1M \ud83d\udcb0<\/p>\n<p>The 24-year-old centre-back is expected to sign a 3-year contract \u270d\ufe0f. A key starter for ZTE, he now takes the next step by joining Azerbaijan\u2019s biggest club \ud83c\udde6\ud83c\uddff\ud83e\udd85. <a href=\"https:\/\/t.co\/qd4RTIOCs6\" rel=\"nofollow\">pic.twitter.com\/qd4RTIOCs6<\/a><\/p>\n<p>\u2014 Sacha Tavolieri (@sachatavolieri) <a href=\"https:\/\/x.com\/sachatavolieri\/status\/2071646353885970472?ref_src=twsrc%5Etfw\" rel=\"nofollow\">June 29, 2026<\/a><\/p>\n<p><a href=\"https:\/\/www.csakfoci.hu\/magyar-foci\/eto-ujabb-edzo-tavozott-a-gyori-szakmai-stabbol-hivatalos\" class=\"embed-article\" rel=\"nofollow noopener\" target=\"_blank\"><\/p>\n<p>Olvastad m\u00e1r?<\/p>\n<p>            <img loading=\"lazy\" decoding=\"async\" class=\"lazy-img\" src=\"https:\/\/www.europesays.com\/hu\/wp-content\/uploads\/2026\/06\/bernd-thijs-e1782758905514-768x433.webp\" width=\"768\" height=\"433\" alt=\"\"\/><\/p>\n<p>ETO: \u00dajabb edz\u0151 t\u00e1vozott a gy\u0151ri szakmai st\u00e1bb\u00f3l &#8211; hivatalos<\/p>\n<p>T\u00e1vozik az ETO FC belga p\u00e1lyaedz\u0151je, Bernd Thijs.<\/p>\n<p>Elolvasom<\/p>\n<p><\/a><\/p>\n<p>                                    <script async src=\"https:\/\/platform.twitter.com\/widgets.js\" charset=\"utf-8\"><\/script><\/p>\n","protected":false},"excerpt":{"rendered":"A legfrissebb h\u00edrek\u00e9rt k\u00f6vess minket a Csakfoci Google News oldal\u00e1n is! Sacha Tavolieri inform\u00e1ci\u00f3i szerint V\u00e1rkonyi Bence, a&hellip;\n","protected":false},"author":2,"featured_media":155996,"comment_status":"","ping_status":"","sticky":false,"template":"","format":"standard","meta":{"footnotes":"","_share_on_mastodon":"0"},"categories":[14],"tags":[1069,5652,44,42,40,43,1067,41,1068,46909,45,131,46910,471,5653,1744],"class_list":["post-155995","post","type-post","status-publish","format-standard","has-post-thumbnail","category-sport","tag-atigazolasok","tag-hazai-atigazolasi-hirek","tag-hu","tag-hungarian","tag-hungary","tag-magyar","tag-magyar-foci","tag-magyarorszag","tag-nb-i","tag-qarabag","tag-sport","tag-sports","tag-varkonyi-bence","tag-zalaegerszeg","tag-zalaegerszegi-te-fc","tag-zte"],"share_on_mastodon":{"url":"https:\/\/pubeurope.com\/@hu\/116837426514951234","error":""},"_links":{"self":[{"href":"https:\/\/www.europesays.com\/hu\/wp-json\/wp\/v2\/posts\/155995","targetHints":{"allow":["GET"]}}],"collection":[{"href":"https:\/\/www.europesays.com\/hu\/wp-json\/wp\/v2\/posts"}],"about":[{"href":"https:\/\/www.europesays.com\/hu\/wp-json\/wp\/v2\/types\/post"}],"author":[{"embeddable":true,"href":"https:\/\/www.europesays.com\/hu\/wp-json\/wp\/v2\/users\/2"}],"replies":[{"embeddable":true,"href":"https:\/\/www.europesays.com\/hu\/wp-json\/wp\/v2\/comments?post=155995"}],"version-history":[{"count":0,"href":"https:\/\/www.europesays.com\/hu\/wp-json\/wp\/v2\/posts\/155995\/revisions"}],"wp:featuredmedia":[{"embeddable":true,"href":"https:\/\/www.europesays.com\/hu\/wp-json\/wp\/v2\/media\/155996"}],"wp:attachment":[{"href":"https:\/\/www.europesays.com\/hu\/wp-json\/wp\/v2\/media?parent=155995"}],"wp:term":[{"taxonomy":"category","embeddable":true,"href":"https:\/\/www.europesays.com\/hu\/wp-json\/wp\/v2\/categories?post=155995"},{"taxonomy":"post_tag","embeddable":true,"href":"https:\/\/www.europesays.com\/hu\/wp-json\/wp\/v2\/tags?post=155995"}],"curies":[{"name":"wp","href":"https:\/\/api.w.org\/{rel}","templated":true}]}}