{"id":156229,"date":"2026-06-30T09:49:11","date_gmt":"2026-06-30T09:49:11","guid":{"rendered":"https:\/\/www.europesays.com\/hu\/156229\/"},"modified":"2026-06-30T09:49:11","modified_gmt":"2026-06-30T09:49:11","slug":"index-kulfold-dronnal-utkozott-egy-repulo-a-new-york-i-jfk-repuloter-kozeleben","status":"publish","type":"post","link":"https:\/\/www.europesays.com\/hu\/156229\/","title":{"rendered":"Index &#8211; K\u00fclf\u00f6ld &#8211; Dr\u00f3nnal \u00fctk\u00f6z\u00f6tt egy rep\u00fcl\u0151 a New York-i JFK rep\u00fcl\u0151t\u00e9r k\u00f6zel\u00e9ben"},"content":{"rendered":"<p>Dr\u00f3nnal \u00fctk\u00f6z\u00f6tt egy lesz\u00e1ll\u00e1shoz k\u00e9sz\u00fcl\u0151 utassz\u00e1ll\u00edt\u00f3 rep\u00fcl\u0151g\u00e9p a New York-i John F. Kennedy Nemzetk\u00f6zi Rep\u00fcl\u0151t\u00e9r k\u00f6zel\u00e9ben \u2013 k\u00f6z\u00f6lt\u00e9k sz\u00f6vets\u00e9gi hat\u00f3s\u00e1gok h\u00e9tf\u0151n.<\/p>\n<p>A Sz\u00f6vets\u00e9gi L\u00e9g\u00fcgyi Hivatal (Federal Aviation Administration, FAA) bejelent\u00e9se szerint a JetBlue l\u00e9git\u00e1rsas\u00e1g Las Vegasb\u00f3l \u00e9rkez\u0151 j\u00e1rata csaknem ezer m\u00e9teres magass\u00e1gban \u00fctk\u00f6z\u00f6tt \u00f6ssze a dr\u00f3nnal, amit a pil\u00f3ta jelentett az ir\u00e1ny\u00edt\u00f3toronynak.<\/p>\n<p>A besz\u00e1mol\u00f3 szerint a dr\u00f3n a pil\u00f3taf\u00fclke ablaka f\u00f6l\u00f6tt tal\u00e1lta el az Airbus 321 t\u00f6rzs\u00e9t, a landol\u00e1s rendben megt\u00f6rt\u00e9nt.<\/p>\n<p>A g\u00e9pet fel\u00fclvizsg\u00e1latra kivont\u00e1k a k\u00f6zleked\u00e9sb\u0151l. A l\u00e9git\u00e1rsas\u00e1g az eset vizsg\u00e1lat\u00e1hoz teljes egy\u00fcttm\u0171k\u00f6d\u00e9st \u00edg\u00e9rt \u00e9s k\u00f6z\u00f6lte, hogy az \u00fctk\u00f6z\u00e9s nem okozott s\u00e9r\u00fcl\u00e9st, annak nem maradt nyoma a g\u00e9p t\u00f6rzs\u00e9n.<\/p>\n<p>Az incidens nyomoz\u00e1s\u00e1t a Sz\u00f6vets\u00e9gi L\u00e9g\u00fcgyi Hivatal vezeti, amely eml\u00e9keztetett arra, hogy a rep\u00fcl\u0151terek k\u00f6zel\u00e9ben t\u00f6rv\u00e9nybe \u00fctk\u00f6z\u0151 a dr\u00f3nok reptet\u00e9se, ami p\u00e9nzb\u00edrs\u00e1ggal, de s\u00falyosabb esetben ak\u00e1r b\u00f6rt\u00f6nnel is s\u00fajthat\u00f3.<\/p>\n<p>A t\u00f6rv\u00e9nyi szigor ellen\u00e9re az amerikai rep\u00fcl\u0151terek k\u00f6zel\u00e9ben a l\u00e9giir\u00e1ny\u00edt\u00f3k \u00e9s a pil\u00f3t\u00e1k gyakran \u00e9szlelnek dr\u00f3nokat, amelyek tulajdonosai az esetek t\u00f6bbs\u00e9g\u00e9ben rep\u00fcl\u0151g\u00e9pekr\u0151l k\u00e9sz\u00edtenek l\u00e9gi felv\u00e9teleket.<\/p>\n<p><a href=\"https:\/\/dex.hu\/x.php?id=googlepref_desktop&amp;url=https:\/\/google.com\/preferences\/source?q=https:\/\/index.hu\" class=\"google-pref-banner \" id=\"googlePrefBanner\" rel=\"nofollow noopener\" target=\"_blank\"><\/p>\n<p>    Itt \u00e1ll\u00edtsa be, hogy az Index az els\u0151k k\u00f6z\u00f6tt legyen a Google-tal\u00e1latokban!<\/p>\n<p><\/a><\/p>\n<p>    <img decoding=\"async\" src=\"https:\/\/index.hu\/assets\/images\/social-follow\/logo-big.svg\" alt=\"Index.hu logo\"\/><\/p>\n<p>K\u00f6vesse az Indexet Facebookon is!<\/p>\n<p>    <a href=\"https:\/\/facebook.com\/Indexhu\" target=\"_blank\" rel=\"nofollow noopener\"><\/p>\n<p>        K\u00f6vetem!<br \/>\n    <\/a><\/p>\n","protected":false},"excerpt":{"rendered":"Dr\u00f3nnal \u00fctk\u00f6z\u00f6tt egy lesz\u00e1ll\u00e1shoz k\u00e9sz\u00fcl\u0151 utassz\u00e1ll\u00edt\u00f3 rep\u00fcl\u0151g\u00e9p a New York-i John F. Kennedy Nemzetk\u00f6zi Rep\u00fcl\u0151t\u00e9r k\u00f6zel\u00e9ben \u2013 k\u00f6z\u00f6lt\u00e9k&hellip;\n","protected":false},"author":2,"featured_media":156230,"comment_status":"","ping_status":"","sticky":false,"template":"","format":"standard","meta":{"footnotes":"","_share_on_mastodon":"0"},"categories":[8],"tags":[1550,303,42,64,43,1034,34,452,1499,94,93,92],"class_list":["post-156229","post","type-post","status-publish","format-standard","has-post-thumbnail","category-vilag","tag-dron","tag-egyesult-allamok","tag-hungarian","tag-kulfold","tag-magyar","tag-new-york","tag-news","tag-repuloter","tag-utkozes","tag-vilag","tag-world","tag-world-news"],"share_on_mastodon":{"url":"https:\/\/pubeurope.com\/@hu\/116838437123788585","error":""},"_links":{"self":[{"href":"https:\/\/www.europesays.com\/hu\/wp-json\/wp\/v2\/posts\/156229","targetHints":{"allow":["GET"]}}],"collection":[{"href":"https:\/\/www.europesays.com\/hu\/wp-json\/wp\/v2\/posts"}],"about":[{"href":"https:\/\/www.europesays.com\/hu\/wp-json\/wp\/v2\/types\/post"}],"author":[{"embeddable":true,"href":"https:\/\/www.europesays.com\/hu\/wp-json\/wp\/v2\/users\/2"}],"replies":[{"embeddable":true,"href":"https:\/\/www.europesays.com\/hu\/wp-json\/wp\/v2\/comments?post=156229"}],"version-history":[{"count":0,"href":"https:\/\/www.europesays.com\/hu\/wp-json\/wp\/v2\/posts\/156229\/revisions"}],"wp:featuredmedia":[{"embeddable":true,"href":"https:\/\/www.europesays.com\/hu\/wp-json\/wp\/v2\/media\/156230"}],"wp:attachment":[{"href":"https:\/\/www.europesays.com\/hu\/wp-json\/wp\/v2\/media?parent=156229"}],"wp:term":[{"taxonomy":"category","embeddable":true,"href":"https:\/\/www.europesays.com\/hu\/wp-json\/wp\/v2\/categories?post=156229"},{"taxonomy":"post_tag","embeddable":true,"href":"https:\/\/www.europesays.com\/hu\/wp-json\/wp\/v2\/tags?post=156229"}],"curies":[{"name":"wp","href":"https:\/\/api.w.org\/{rel}","templated":true}]}}