{"id":157446,"date":"2026-07-01T09:40:11","date_gmt":"2026-07-01T09:40:11","guid":{"rendered":"https:\/\/www.europesays.com\/hu\/157446\/"},"modified":"2026-07-01T09:40:11","modified_gmt":"2026-07-01T09:40:11","slug":"itthon-bodis-kriszta-gyenge-kozbiztonsagot-drogterjesztest-es-ellatatlan-hajlektalanokat-lat-a-korzeteben","status":"publish","type":"post","link":"https:\/\/www.europesays.com\/hu\/157446\/","title":{"rendered":"Itthon: B\u00f3dis Kriszta gyenge k\u00f6zbiztons\u00e1got, drogterjeszt\u00e9st \u00e9s ell\u00e1tatlan hajl\u00e9ktalanokat l\u00e1t a k\u00f6rzet\u00e9ben"},"content":{"rendered":"<p>Gyenge k\u00f6zbiztons\u00e1gr\u00f3l, a k\u00f6ztisztas\u00e1g hi\u00e1ny\u00e1r\u00f3l, szerhaszn\u00e1latr\u00f3l, drogterjeszt\u00e9sr\u0151l \u00e9s ell\u00e1tatlan hajl\u00e9ktalanokr\u00f3l sz\u00e1molt be k\u00f6rzet\u00e9ben B\u00f3dis Kriszta. A Tisza politikusa Budapest 2-es egy\u00e9ni v\u00e1laszt\u00f3ker\u00fclet\u00e9b\u0151l ker\u00fclt be az Orsz\u00e1ggy\u0171l\u00e9sbe, amely mag\u00e1ban foglalja J\u00f3zsefv\u00e1ros \u00e9s Ferencv\u00e1ros egyes r\u00e9szeit is. B\u00f3dis a bejegyz\u00e9s\u00e9ben meg is nevezte a g\u00f3cpontokat: a legt\u00f6bb probl\u00e9m\u00e1t a N\u00e9psz\u00ednh\u00e1z utca k\u00f6rny\u00e9k\u00e9r\u0151l, az Orczy t\u00e9rr\u0151l, a Baross utc\u00e1b\u00f3l \u00e9s a Ferenc t\u00e9rr\u0151l jelentik.<\/p>\n<p>Mint \u00edrta: a Tisza Szigetek tagjai az elm\u00falt \u00f6tven napban munkacsoportokat alak\u00edtottak, \u0151k \u00f6sszes\u00edtett\u00e9k \u00e9s elemezt\u00e9k a kamp\u00e1ny alatt \u00e9s az\u00f3ta be\u00e9rkezett \u00fczeneteket \u00e9s panaszokat.\u00a0 Az \u00e1ltaluk rendszerezett probl\u00e9m\u00e1k h\u00e1rom nagy csoportra bonthat\u00f3k, amelyek az elm\u00falt \u00e9vtizedek sor\u00e1n halmoz\u00f3dtak fel. \u201eA k\u00f6zbiztons\u00e1g \u00e9s a k\u00f6ztisztas\u00e1g hi\u00e1nya, a hajl\u00e9ktalans\u00e1g, a ny\u00edlt szerhaszn\u00e1lat \u00e9s drogterjeszt\u00e9s, valamint a gyenge hat\u00f3s\u00e1gi jelenl\u00e9t az elm\u00falt hatalmi rezsim \u00e9s rosszul m\u0171k\u00f6dtetett \u00e1llami strukt\u00far\u00e1k hi\u00e1nyoss\u00e1gait t\u00fckr\u00f6zik\u201d \u2013 \u00edrta.<\/p>\n<p>B\u00f3dis \u00edg\u00e9rete szerint a szigetek tagjai \u00f6sszegy\u0171jt\u00f6tt\u00e9k azokat a javaslatokat is, amelyekkel a helyiek eddig hi\u00e1ba kopogtattak a hivatalok ajtaj\u00e1n, \u0151 pedig csapat\u00e1val kint van a terepen, \u00e9s \u201ekonkr\u00e9t l\u00e9p\u00e9seket\u201d tesznek a k\u00f6z\u00f6ss\u00e9g bevon\u00e1s\u00e1val, valamint az \u00e1llami \u00e9s \u00f6nkorm\u00e1nyzati felel\u0151s\u00f6kkel is egyeztet. Hogy mik lehetnek ezek a konkr\u00e9t l\u00e9p\u00e9sek, arr\u00f3l egyel\u0151re nem osztott meg inform\u00e1ci\u00f3t.<\/p>\n<p>Nem B\u00f3dis Kriszta az egyetlen, aki az elm\u00falt napokban a roml\u00f3 budapesti k\u00f6zbiztons\u00e1ggal foglalkozott: Pik\u00f3 Andr\u00e1s, a VIII. ker\u00fclet polg\u00e1rmestere \u00e9s J\u00e1mbor Andr\u00e1s, a ker\u00fclet kor\u00e1bbi orsz\u00e1ggy\u0171l\u00e9si k\u00e9pvisel\u0151je is.<\/p>\n<p>\u201eP\u00f6r\u00f6gnek a durv\u00e1bbn\u00e1l durv\u00e1bb k\u00e9pek \u00e9s sztorik. Emberek sora \u00edr arr\u00f3l, hogy f\u00e9lnek hazamenni\u201d \u2013 tette hozz\u00e1 <a href=\"https:\/\/www.facebook.com\/jamborandrasoldala\/posts\/pfbid02tGAVkRt7BJZvYgDUNLnqRAMS7Doi5AUgPPbBfRMbLzwVFZA9sc68L3X3VgvRt9aul\" target=\"_blank\" rel=\"nofollow noopener\">J\u00e1mbor<\/a>. Pik\u00f3 pedig arr\u00f3l \u00edrt, hogy \u201ek\u00e1b\u00edt\u00f3szerekt\u0151l be\u00e1llt fiatalok fenyegetnek agressz\u00edvan helyi lakosokat\u201d.<\/p>\n<p>A j\u00f3zsefv\u00e1rosi polg\u00e1rmester \u00edg\u00e9rete szerint a j\u00f6v\u0151 h\u00e9ten tal\u00e1lkoznak majd Budapest \u00faj rend\u0151rkapit\u00e1ny\u00e1val, a ker\u00fcleti szint\u0171 k\u00e9r\u00e9sek mellett javasolj\u00e1k majd a f\u0151v\u00e1rosi rend\u0151r\u00f6k sz\u00e1m\u00e1ra a Budapest-p\u00f3tl\u00e9kot, \u00e9s kezdem\u00e9nyezik a rendv\u00e9delmi probl\u00e9m\u00e1kat is okoz\u00f3 doh\u00e1nyboltok nyitvatart\u00e1s\u00e1nak helyi szab\u00e1lyoz\u00e1s\u00e1t.<\/p>\n<p> <a href=\"https:\/\/hvg.hu\/itthon\/20260630_piko-andras-budapest-nyolcadik-kerulet-jozsefvaros-szerhasznalat-problema-rendorseg-fidesz-kormany-szocialis-ellatas\" target=\"_self\" rel=\"nofollow noopener\"> <\/p>\n<p>https:\/\/hvg.hu\/itthon\/20260630_piko-andras-budapest-nyolcadik-kerulet-jozsefvaros-szerhasznalat-problema-rendorseg-fidesz-kormany-szocialis-ellatas<\/p>\n<p>Fot\u00f3: HVG \/ Reviczky Zsolt<\/p>\n","protected":false},"excerpt":{"rendered":"Gyenge k\u00f6zbiztons\u00e1gr\u00f3l, a k\u00f6ztisztas\u00e1g hi\u00e1ny\u00e1r\u00f3l, szerhaszn\u00e1latr\u00f3l, drogterjeszt\u00e9sr\u0151l \u00e9s ell\u00e1tatlan hajl\u00e9ktalanokr\u00f3l sz\u00e1molt be k\u00f6rzet\u00e9ben B\u00f3dis Kriszta. A Tisza politikusa&hellip;\n","protected":false},"author":2,"featured_media":75771,"comment_status":"","ping_status":"","sticky":false,"template":"","format":"standard","meta":{"footnotes":"","_share_on_mastodon":"0"},"categories":[22],"tags":[91,12695,73,44,42,40,5615,27563,43,41,25695],"class_list":["post-157446","post","type-post","status-publish","format-standard","has-post-thumbnail","category-budapest","tag-belpolitika","tag-bodis-kriszta","tag-budapest","tag-hu","tag-hungarian","tag-hungary","tag-jozsefvaros","tag-kozbiztonsag","tag-magyar","tag-magyarorszag","tag-piko-andras"],"share_on_mastodon":{"url":"https:\/\/pubeurope.com\/@hu\/116844064253225738","error":""},"_links":{"self":[{"href":"https:\/\/www.europesays.com\/hu\/wp-json\/wp\/v2\/posts\/157446","targetHints":{"allow":["GET"]}}],"collection":[{"href":"https:\/\/www.europesays.com\/hu\/wp-json\/wp\/v2\/posts"}],"about":[{"href":"https:\/\/www.europesays.com\/hu\/wp-json\/wp\/v2\/types\/post"}],"author":[{"embeddable":true,"href":"https:\/\/www.europesays.com\/hu\/wp-json\/wp\/v2\/users\/2"}],"replies":[{"embeddable":true,"href":"https:\/\/www.europesays.com\/hu\/wp-json\/wp\/v2\/comments?post=157446"}],"version-history":[{"count":0,"href":"https:\/\/www.europesays.com\/hu\/wp-json\/wp\/v2\/posts\/157446\/revisions"}],"wp:featuredmedia":[{"embeddable":true,"href":"https:\/\/www.europesays.com\/hu\/wp-json\/wp\/v2\/media\/75771"}],"wp:attachment":[{"href":"https:\/\/www.europesays.com\/hu\/wp-json\/wp\/v2\/media?parent=157446"}],"wp:term":[{"taxonomy":"category","embeddable":true,"href":"https:\/\/www.europesays.com\/hu\/wp-json\/wp\/v2\/categories?post=157446"},{"taxonomy":"post_tag","embeddable":true,"href":"https:\/\/www.europesays.com\/hu\/wp-json\/wp\/v2\/tags?post=157446"}],"curies":[{"name":"wp","href":"https:\/\/api.w.org\/{rel}","templated":true}]}}