{"id":158073,"date":"2026-07-01T18:53:13","date_gmt":"2026-07-01T18:53:13","guid":{"rendered":"https:\/\/www.europesays.com\/hu\/158073\/"},"modified":"2026-07-01T18:53:13","modified_gmt":"2026-07-01T18:53:13","slug":"index-futball-futball-vb-2026-257","status":"publish","type":"post","link":"https:\/\/www.europesays.com\/hu\/158073\/","title":{"rendered":"Index &#8211; Futball &#8211; Futball-vb 2026"},"content":{"rendered":"<p>Meg\u00fajult Anglia \u00e9rkezett az idei vil\u00e1gbajnoks\u00e1gra, nyolc \u00e9v ut\u00e1n a 1966-os vb-gy\u0151ztes elk\u00f6sz\u00f6nt Gareth Southgate-t\u0151l, tavaly pedig a n\u00e9met Thomas Tuchel vette \u00e1t a sz\u00f6vets\u00e9gi kapit\u00e1ny szerepk\u00f6r\u00e9t, akivel a vil\u00e1gbajnoks\u00e1g el\u0151tti m\u00e1sf\u00e9l \u00e9vben 12 m\u00e9rk\u0151z\u00e9s\u00e9b\u0151l 9 gy\u0151zelmet, 1 d\u00f6ntetlent \u00e9s 2 veres\u00e9g k\u00f6nyvelhetett el szigetorsz\u00e1gi csapat.<\/p>\n<p>A n\u00e9met tr\u00e9ner r\u00e1ad\u00e1sul egy r\u00e9gi angol \u201ehagyom\u00e1nnyal\u201d is szak\u00edtott, a \u201eh\u00e1romoroszl\u00e1nosok\u201d kerethirdet\u00e9sekor ugyanis bevall\u00e1sa szerint a lehet\u0151 legt\u00f6bb szt\u00e1r bev\u00e1logat\u00e1sa helyett a taktikai \u00f6sszhangot \u00e9s soksz\u00edn\u0171s\u00e9get vette figyelembe a j\u00e1t\u00e9kosok kiv\u00e1laszt\u00e1sakor, \u00edgy p\u00e9ld\u00e1ul az orsz\u00e1gos m\u00e9dia felh\u00f6rd\u00fcl\u00e9s\u00e9re Cole Palmert, Phil Fodent vagy \u00e9ppen\u00a0Trent Alexander-Arnoldot is kihagyta a vb-re utaz\u00f3 26 f\u0151s csapatb\u00f3l.<\/p>\n<p>Az angol csapat v\u00e9g\u00fcl csoportels\u0151k\u00e9nt mas\u00edrozott tov\u00e1bb a kies\u00e9ses szakaszba, miut\u00e1n Horv\u00e1torsz\u00e1g (4\u20132) \u00e9s Panama (2\u20130) ellen is k\u00e9nyelmes gy\u0151zelmet siker\u00fclt aratni, b\u00e1r Gh\u00e1na ellen a mez\u0151nyf\u00f6l\u00e9ny ellen\u00e9re nem siker\u00fclt betal\u00e1lni (0\u20130).<\/p>\n<p>A Kong\u00f3i DK-ra m\u00e1r egy k\u00fczd\u0151sebb csoportk\u00f6r v\u00e1rt. A t\u00f6rt\u00e9nete m\u00e1sodik vil\u00e1gtorn\u00e1j\u00e1n r\u00e9sztvev\u0151 nemzet els\u0151 meccs\u00e9n kisebb meglepet\u00e9sre pontot csent a portug\u00e1lokt\u00f3l (1\u20131), majd veres\u00e9get szenvedett Kolumbia ellen (0\u20131), v\u00e9g\u00fcl pedig az \u00fajonc \u00fczb\u00e9gek (3\u20131) ellen mind a h\u00e1rom pontot siker\u00fclt begy\u0171jteni\u00fck, \u00edgy legjobb csoportharmadikk\u00e9nt harcolt\u00e1k ki a tov\u00e1bbjut\u00e1st.<\/p>\n<p>\n                          Kezd\u0151csapatok:\n                        <\/p>\n<p>                        Anglia: Pickford \u2013 Spence, Konsa, Gu\u00e9hi, O&#8217;Reilly \u2013 E. Anderson, Rice \u2013 Madueke, Bellingham, Rashford \u2013 Kane.<br \/>\n                        Kong\u00f3i DK: Mpasi \u2013 Wan-Bissaka, Tuanzebe, Mbemba, Masuaka \u2013 Moutoussamy, Sadiki \u2013 Mbuku, Mukau, Cipenge \u2013 Wissa.<\/p>\n<p>A tal\u00e1lkoz\u00f3n hat \u00e9s f\u00e9l perc eltelt\u00e9vel m\u00e1r borultak az el\u0151rejelz\u00e9sek, a kong\u00f3i csapat ugyanis egy gyors t\u00e1mad\u00e1s ut\u00e1n vezet\u00e9st szerzett. Chancel Mbemba jobb oldali \u00edvel\u00e9se ut\u00e1n a teljesen \u00fcresen marad\u00f3 Brian Cipenga fordulhatott Jordan Pickford kapuja fel\u00e9, majd a tizenhatoson bel\u00fclre \u00e9rve balr\u00f3l, nagyj\u00e1b\u00f3l 11 m\u00e9terr\u0151l a jobb als\u00f3 sarokba t\u00fczelt (0\u20131).\u00a0<\/p>\n<p>Az angolok j\u00e1t\u00e9ka l\u00e1tv\u00e1nyosan akadozott, egyszer\u0171en mintha fejben m\u00e9g nem \u00e9rkeztek meg volna a p\u00e1ly\u00e1ra Jude Bellingham\u00e9k, ami az iv\u00f3sz\u00fcnetig nem is v\u00e1ltozott meg.<\/p>\n<p>V\u00e9g\u00fcl \u00e9ppen a 23 \u00e9ves futballista el\u0151tt ad\u00f3dott az els\u0151 komolyabb helyzete Angli\u00e1nak, a 30. percben Declan Rice jobb oldali bead\u00e1s\u00e1ra Bellingham \u00e9rkezett, \u00e1m a k\u00f6z\u00e9pre tart\u00f3 k\u00f6zeli fejest nagy brav\u00farral h\u00e1r\u00edtotta Lionel Mpasi.\u00a0 Nem sokkal k\u00e9s\u0151bb \u00fajabb helyzetet alak\u00edtottak ki a felb\u00e1torodott feh\u00e9rmezeseknek, Noni\u00a0Madueke t\u00f6rt be jobbr\u00f3l a tizenhatoson bel\u00fclre, majd az alapvonalhoz \u00e9rte k\u00f6z\u00e9pre p\u00f6ck\u00f6lte a labd\u00e1t, ami Morgan Rogersen tov\u00e1bb pattanva v\u00e9g\u00fcl Marcus Rashford el\u0151tt landolt, a t\u00e1mad\u00f3 l\u00f6v\u00e9s\u00e9t azonban a g\u00f3lvonalr\u00f3l tiszt\u00e1zta Aaron Wan-Bissaka.<\/p>\n<p>A f\u00e9lid\u0151 utols\u00f3 \u00f6t perce sem maradt ad\u00f3s akci\u00f3val, el\u0151bb Yoan Wissa dupl\u00e1zhatta volna meg a Kong\u00f3i DK el\u0151ny\u00e9t Wan-Bissaka jobb oldali lapos bead\u00e1sa ut\u00e1n, \u00e1m a Newcastle t\u00e1mad\u00f3j\u00e1nak l\u00f6v\u00e9se k\u00f6zelr\u0151l a bal kapuf\u00e1n csattant.\u00a0<\/p>\n<p>Nem sokkal k\u00e9s\u0151bb a m\u00e1sik oldalon\u00a0Harry Kane-t ugratt\u00e1k ki k\u00f6z\u00e9pen, a vb-n m\u00e1r h\u00e1romg\u00f3los csat\u00e1rt v\u00e9g\u00fcl a kapuj\u00e1b\u00f3l kij\u00f6v\u0151 Mpasi szerelte, azonban a j\u00e1t\u00e9kvezet\u0151 szerint a Bayern M\u00fcnchen j\u00e1t\u00e9kosa dobta mag\u00e1t, b\u00e1r az ebben az esetben j\u00e1r\u00f3 s\u00e1rga lapot m\u00e1r nem osztotta ki, s\u0151t, a vide\u00f3b\u00edr\u00f3 visszaj\u00e1tsz\u00e1sa sor\u00e1n l\u00e1that\u00f3an volt kontakt a k\u00e9t j\u00e1t\u00e9kos k\u00f6z\u00f6tt, \u00edgy az eur\u00f3pai nemzet r\u00e9sz\u00e9r\u0151l t\u00f6bben is \u00e9rtetlenkedtek az \u00edt\u00e9let ut\u00e1n.<\/p>\n<p>De m\u00e9g itt sem \u00e9rtek v\u00e9get az izgalmak, n\u00e9h\u00e1ny perccel k\u00e9s\u0151bb m\u00e1r Bellingham fejes\u00e9t szedte ki a jobb als\u00f3 sarokb\u00f3l a kong\u00f3i kapus, majd a sz\u00fcnet el\u0151tti pillanatokban Kane sz\u00f6glet ut\u00e1ni k\u00f6zeli bomb\u00e1j\u00e1t is sikerrel h\u00e1r\u00edtotta Mpasi!<\/p>\n<p>A f\u00e9lidei sz\u00e1mokon is egy\u00e9rtelm\u0171en \u00e9rz\u0151d\u00f6tt a h\u00e1tr\u00e1nyban l\u00e9v\u0151 Anglia f\u00f6l\u00e9nye, ahogy labdabirtokl\u00e1sban (59:41), \u00fagy kapura l\u00f6v\u00e9sek (8\u20133) \u00e9s v\u00e1rhat\u00f3 g\u00f3lok (xG) ter\u00e9n is (1,26 \u20130,69)\u00a0 Tuchel\u00e9k bizonyultak jobbnak.\u00a0<\/p>\n<p>                        <img decoding=\"async\" id=\"kep_szerkfoto_image_70288237\" src=\"https:\/\/www.europesays.com\/hu\/wp-content\/uploads\/2026\/07\/70288237_5185583_1ff764e45ae965ffd187e64a33613d98_wm.jpg\" loading=\"lazy\" alt=\"Aaron Wan-Bissaka (balra) \u00e9s Marcus Rashford (jobbra)\" data-image_width=\"758\" data-image_height=\"428\"\/>Aaron Wan-Bissaka (balra) \u00e9s Marcus Rashford (jobbra)<\/p>\n<p>Fot\u00f3: Sebastian Frej \/ Getty Images<\/p>\n<p>A t\u00e9rf\u00e9lcsere ut\u00e1n Rashford ker\u00fclt helyzetbe az 51. percben, \u00e1m a t\u00e1mad\u00f3 l\u00f6v\u00e9se v\u00e9g\u00fcl csak a jobb oldalh\u00e1l\u00f3t tal\u00e1lta el nagyj\u00e1b\u00f3l 12 m\u00e9terr\u0151l. A k\u00f6vetkez\u0151 t\u00e1mad\u00e1s sor\u00e1n m\u00e1r Bellingham l\u0151tt hasonl\u00f3 poz\u00edci\u00f3b\u00f3l, amit Mpasi az \u00e9gbe \u00fctve h\u00e1r\u00edtott, majd a kapu fel\u00e9 visszahull\u00f3 labd\u00e1t v\u00e9d\u0151je gyorsan kibomb\u00e1zta a vesz\u00e9lyz\u00f3n\u00e1b\u00f3l.<\/p>\n<p>A k\u00f6vetkez\u0151 iv\u00f3sz\u00fcnetig azonban ism\u00e9t visszaesett az angolok j\u00e1t\u00e9ka, amelyet egyre kev\u00e9sb\u00e9 b\u00edrt elviselni Tuchel mester, \u00edgy szinte megsokszoroz\u00f3dott azon bej\u00e1tsz\u00e1sok sz\u00e1ma, amelyen \u00e9ppen j\u00e1t\u00e9kosaival ord\u00edt a n\u00e9met tr\u00e9ner.<\/p>\n<p>A szigetorsz\u00e1giak \u00e1tt\u00f6r\u00e9se v\u00e9g\u00fcl a 75. percben j\u00f6tt el, Anthony Gordon\u00a0bead\u00e1sa ut\u00e1n Kane ford\u00edtotta figyelm\u00e9t a kapura, majd remek\u00fcl fejelt nagyj\u00e1b\u00f3l t\u00edz m\u00e9terr\u0151l a jobb als\u00f3 sarokba, ezzel kiegyenl\u00edtve a tal\u00e1lkoz\u00f3t\u00a0(1\u20131)!<\/p>\n<p>A hajr\u00e1ra a kong\u00f3iak szemmel l\u00e1that\u00f3an elf\u00e1radtak, b\u00e1r a tal\u00e1lkoz\u00f3t tal\u00e1n nem is ez, hanem Kane klasszisa d\u00f6nt\u00f6tte el,<\/p>\n<p>az angol t\u00e1mad\u00f3 a 86. percben ism\u00e9t Gordon passz\u00e1b\u00f3l fordulhatott a kong\u00f3i kapu ir\u00e1ny\u00e1ba, majd mesterien a bal fels\u0151 sarokba bomb\u00e1zta a labd\u00e1t 14 m\u00e9terr\u0151l\u00a0(2\u20131), ez pedig m\u00e1r el\u00e9g is volt a tov\u00e1bbjut\u00e1shoz!<\/p>\n<p>Anglia majd Mexik\u00f3val tal\u00e1lkozik j\u00falius 6-\u00e1n magyar id\u0151 szerint hajnali 2 \u00f3rakor a nyolcadd\u00f6nt\u0151ben.<\/p>\n<p>                        Labdar\u00fag\u00f3-vil\u00e1gbajnoks\u00e1g 2026, kies\u00e9ses szakasz<\/p>\n<p>\n                          A nyolcadd\u00f6nt\u0151be jut\u00e1s\u00e9rt:\n                        <\/p>\n<p>                        Anglia\u2013Kong\u00f3i DK 2\u20131 (Kane 75., 86., ill.,\u00a0Cipenga 7.)<\/p>\n<p>\n                          <a href=\"https:\/\/dex.hu\/x.php?id=index_sport_cikklink&amp;url=https%3A%2F%2Findex.hu%2Fsport%2Ffutball%2F2026%2Fvb%2F\" id=\"hyperlink_d9a7aeaa85334bc3b6711d3ca7a39b2d\" target=\"_blank\" rel=\"nofollow noopener\">B\u00f6ng\u00e9ssze az Index vil\u00e1gbajnoki mell\u00e9klet\u00e9t<\/a>, ahol a cikkek mellett megtal\u00e1lja a menetrendet, a csoportok \u00e1ll\u00e1s\u00e1t, a j\u00e1t\u00e9koskereteket, a csapatle\u00edr\u00e1sokat \u00e9s a helysz\u00edneket is. J\u00e1t\u00e9kunkban megtippelheti a vb-gy\u0151ztest, v\u00e1rakoz\u00e1sait a k\u00f6z\u00f6ss\u00e9gi m\u00e9di\u00e1ban is megoszthatja.\n                        <\/p>\n<p>\n                           Tartsanak vel\u00fcnk t\u00f6bb mint egy h\u00f3napon \u00e1t, hiszen helysz\u00edni tud\u00f3s\u00edt\u00f3nk rendszeresen exkluz\u00edv tartalmakkal jelentkezik a tengerent\u00falr\u00f3l. Meccs\u00f6sszefoglal\u00f3k, riportok, interj\u00fak, podcastok, vide\u00f3k, \u00e9rdekess\u00e9gek \u2013 minden egy helyen, minden az Indexen!\n                        <\/p>\n<p>(Bor\u00edt\u00f3k\u00e9p: Harry Kane \u00fcnnepli az angolok els\u0151 g\u00f3lj\u00e1t a Kong\u00f3i DK ellen 2026. j\u00falius 1-j\u00e9n.\u00a0 Martin Rickett &#8211; PA Images\/Getty Images )<\/p>\n<p><a href=\"https:\/\/dex.hu\/x.php?id=googlepref_desktop&amp;url=https:\/\/google.com\/preferences\/source?q=https:\/\/index.hu\" class=\"google-pref-banner \" id=\"googlePrefBanner\" rel=\"nofollow noopener\" target=\"_blank\"><\/p>\n<p>    Itt \u00e1ll\u00edtsa be, hogy az Index az els\u0151k k\u00f6z\u00f6tt legyen a Google-tal\u00e1latokban!<\/p>\n<p><\/a><\/p>\n<p>                <a href=\"https:\/\/konyvek.index.hu\/\" target=\"_blank\" rel=\"nofollow noopener\"><br \/>\n                <img decoding=\"async\" src=\"https:\/\/index.hu\/assets\/images\/konyvajanlo\/book_indapress\/book_indapress_logo.svg\" loading=\"lazy\" alt=\"Inda Press Kiad\u00f3\"\/><br \/>\n                <\/a><\/p>\n<p>                <img decoding=\"async\" src=\"https:\/\/www.europesays.com\/hu\/wp-content\/uploads\/2026\/07\/1782931991_548_rossi.png\" loading=\"lazy\" alt=\"Rossi\"\/><\/p>\n<p>Ismerd meg a magyar labdar\u00fag\u00e1s h\u0151s\u00e9nek eml\u00e9kezetes pillanatait!<br \/>Folytassa, Mister!<\/p>\n<p>                <a class=\"book_index_btn\" href=\"https:\/\/indexadhu.hit.gemius.pl\/hitredir\/id=nSCbubuYpDWJZLZs0TssLrbt33Lk5kbipuiZrkg89G3.g7\/stparam=uciklwjurk\/fastid=efdamtuhsxcjschvtzobuxredglq\/nc=0\/url=https:\/\/www.indapresskiado.hu\/products\/marco-rossi?_pos=1&amp;_psq=rossi&amp;_ss=e&amp;_v=1.0\" target=\"_blank\" rel=\"nofollow noopener\">MEGVESZEM<\/a><\/p>\n<p>    <img loading=\"lazy\" decoding=\"async\" src=\"https:\/\/www.europesays.com\/hu\/wp-content\/uploads\/2026\/07\/1782931993_137_nc=0.gif\" border=\"0\" height=\"0\" width=\"0\"\/><\/p>\n<p>    <img decoding=\"async\" src=\"https:\/\/index.hu\/assets\/images\/social-follow\/logo-big.svg\" alt=\"Index.hu logo\"\/><\/p>\n<p>K\u00f6vesse az Indexet Facebookon is!<\/p>\n<p>    <a href=\"https:\/\/facebook.com\/Indexhu\" target=\"_blank\" rel=\"nofollow noopener\"><\/p>\n<p>        K\u00f6vetem!<br \/>\n    <\/a><\/p>\n","protected":false},"excerpt":{"rendered":"Meg\u00fajult Anglia \u00e9rkezett az idei vil\u00e1gbajnoks\u00e1gra, nyolc \u00e9v ut\u00e1n a 1966-os vb-gy\u0151ztes elk\u00f6sz\u00f6nt Gareth Southgate-t\u0151l, tavaly pedig a&hellip;\n","protected":false},"author":2,"featured_media":158074,"comment_status":"","ping_status":"","sticky":false,"template":"","format":"standard","meta":{"footnotes":"","_share_on_mastodon":"0"},"categories":[14],"tags":[4871,13202,24069,18361,44,42,40,46430,2058,35159,43567,43,41,45,131,4411],"class_list":["post-158073","post","type-post","status-publish","format-standard","has-post-thumbnail","category-sport","tag-anglia","tag-angol-valogatott","tag-futball-vb","tag-futball-vb-2026","tag-hu","tag-hungarian","tag-hungary","tag-kieseses-szakasz","tag-kongoi-demokratikus-koztarsasag","tag-kongoi-dk","tag-kongoi-valogatott","tag-magyar","tag-magyarorszag","tag-sport","tag-sports","tag-vb-2026"],"share_on_mastodon":{"url":"https:\/\/pubeurope.com\/@hu\/116846238503809132","error":""},"_links":{"self":[{"href":"https:\/\/www.europesays.com\/hu\/wp-json\/wp\/v2\/posts\/158073","targetHints":{"allow":["GET"]}}],"collection":[{"href":"https:\/\/www.europesays.com\/hu\/wp-json\/wp\/v2\/posts"}],"about":[{"href":"https:\/\/www.europesays.com\/hu\/wp-json\/wp\/v2\/types\/post"}],"author":[{"embeddable":true,"href":"https:\/\/www.europesays.com\/hu\/wp-json\/wp\/v2\/users\/2"}],"replies":[{"embeddable":true,"href":"https:\/\/www.europesays.com\/hu\/wp-json\/wp\/v2\/comments?post=158073"}],"version-history":[{"count":0,"href":"https:\/\/www.europesays.com\/hu\/wp-json\/wp\/v2\/posts\/158073\/revisions"}],"wp:featuredmedia":[{"embeddable":true,"href":"https:\/\/www.europesays.com\/hu\/wp-json\/wp\/v2\/media\/158074"}],"wp:attachment":[{"href":"https:\/\/www.europesays.com\/hu\/wp-json\/wp\/v2\/media?parent=158073"}],"wp:term":[{"taxonomy":"category","embeddable":true,"href":"https:\/\/www.europesays.com\/hu\/wp-json\/wp\/v2\/categories?post=158073"},{"taxonomy":"post_tag","embeddable":true,"href":"https:\/\/www.europesays.com\/hu\/wp-json\/wp\/v2\/tags?post=158073"}],"curies":[{"name":"wp","href":"https:\/\/api.w.org\/{rel}","templated":true}]}}