{"id":158338,"date":"2026-07-02T00:43:14","date_gmt":"2026-07-02T00:43:14","guid":{"rendered":"https:\/\/www.europesays.com\/hu\/158338\/"},"modified":"2026-07-02T00:43:14","modified_gmt":"2026-07-02T00:43:14","slug":"index-futball-futball-vb-2026-259","status":"publish","type":"post","link":"https:\/\/www.europesays.com\/hu\/158338\/","title":{"rendered":"Index &#8211; Futball &#8211; Futball-vb 2026"},"content":{"rendered":"<p>Belgium a v\u00e1rtn\u00e1l nehezebben nyerte meg csoportj\u00e1t, mind\u00f6ssze csak az utols\u00f3 m\u00e9rk\u0151z\u00e9sen tudott gy\u0151zni, sim\u00e1n verte \u00daj-Z\u00e9landot. Ehhez persze kellett az, hogy a nagy nevek megr\u00e1zz\u00e1k magukat, \u00e9s Leandro Trossard, Kevin de Bruyne, Romelu Lukaku \u00e9s Alexis Saelemakers is betal\u00e1ljon.<\/p>\n<p>Pedig a belg\u00e1k sz\u00e1m\u00e1ra a csoportk\u00f6r csak k\u00e9t d\u00f6ntetlennel indult, Egyiptommal \u00e9s Ir\u00e1nnal is csak ikszre voltak k\u00e9pesek.\u00a0Az eur\u00f3pai csapat legut\u00f3bb 2018-ban jutott tov\u00e1bb a csoportk\u00f6rb\u0151l, akkor bronz\u00e9rmet szerzett Oroszorsz\u00e1gban.<\/p>\n<p>Szeneg\u00e1l csoportharmadikk\u00e9nt k\u00e9sz\u00fclhetett az \u00f6sszecsap\u00e1sra, \u00e9s mind\u00f6ssze Irakot tudta megel\u0151zni, azonban a k\u00f6zel-keleti orsz\u00e1ggal szemben el\u00e9rt 5 g\u00f3los siker k\u00fcl\u00f6n\u00f6sen fontos volt, \u00edgy lett plusz 2 a g\u00f3lk\u00fcl\u00f6nbs\u00e9ge az afrikai v\u00e1logatottnak, amellyel m\u00e1r tov\u00e1bbl\u00e9pett. Az els\u0151 m\u00e9rk\u0151z\u00e9sen elvesz\u00edtett\u00e9k kapusukat, Edouard Mendyt, aki s\u00falyos s\u00e9r\u00fcl\u00e9st szenvedett.<\/p>\n<p>\n                          Kezd\u0151csapatok:\n                        <\/p>\n<p>                        Belgium: Courtois\u00a0\u2212 Castagne, Mechele, Theate, De Cuyper\u00a0\u2212 Vanaken, Tielemans \u2212 Doku, De Bruyne, Trossard \u2212 De Ketelaere.<br \/>\n                        Szeneg\u00e1l: Diaw\u00a0\u2212 Diatta, Ciss, Niakhate, Jakobs \u2212 Diarra, I. Gueye, P. Gueye \u2212 I. Ndiaye, I. Sarr, Mane.<\/p>\n<p>Az els\u0151 t\u00edz percben rengeteg volt az eladott labda, de a 9. percben megvolt az els\u0151 kapura l\u00f6v\u00e9s a belg\u00e1k r\u00e9sz\u00e9r\u0151l, Trossard r\u00e9v\u00e9n, Diaw k\u00f6nnyed\u00e9n fogta a pr\u00f3b\u00e1lkoz\u00e1st. A 13. perc hozta el az els\u0151 nagy g\u00f3lhelyzetet, amely ugyan nem volt igaz\u00e1n kidolgozott akci\u00f3 a szeneg\u00e1liak r\u00e9sz\u00e9r\u0151l, a bal oldalr\u00f3l beadott labd\u00e1\u00e9rt Courtois vet\u0151d\u00f6tt ki, de pont r\u00e1\u00fct\u00f6tte Ismaila Sarr l\u00e1b\u00e1ra, akir\u0151l a kapuf\u00e1ra pattant a j\u00e1t\u00e9kszer, majd a szeneg\u00e1li csat\u00e1r p\u00f3kfocizva pr\u00f3b\u00e1lta a h\u00e1l\u00f3ba juttatni, sikertelen\u00fcl.<\/p>\n<p>A 17. percben ism\u00e9t Szeneg\u00e1l vesz\u00e9lyeztetett, a jobb oldalr\u00f3l \u00e9rkez\u0151 labda a v\u00e9d\u0151kr\u0151l pattant Idrissa Gueye el\u00e9, aki dropb\u00f3l l\u0151tt, pr\u00f3b\u00e1lkoz\u00e1s\u00e1t fogta a belga kapus. Az ellent\u00e1mad\u00e1sb\u00f3l csak egy f\u00f6l\u00e9 durrantott l\u00f6v\u00e9sre telt a belg\u00e1knak.<\/p>\n<p>A szeneg\u00e1li f\u00f6l\u00e9ny a 25. percben \u00e9rett g\u00f3ll\u00e1, Mane bead\u00e1sa ut\u00e1n Ismaila Sarr fejelt kapura, amely m\u00e9g kij\u00f6tt a kapuf\u00e1r\u00f3l, de a kipattan\u00f3t Diarra m\u00e1r a h\u00e1l\u00f3ba passzolta. (0-1)<\/p>\n<p>A hidrat\u00e1ci\u00f3s sz\u00fcnetet k\u00f6vet\u0151en k\u00f6zj\u00e1t\u00e9k zavarta meg a m\u00e9rk\u0151z\u00e9st: egy szurkol\u00f3 beszaladt a p\u00e1ly\u00e1ra, a biztons\u00e1gi \u0151r\u00f6knek kellett k\u00f6zbeavatkozni. Ezt k\u00f6vet\u0151en a belg\u00e1k \u00e1tvett\u00e9k a j\u00e1t\u00e9k ir\u00e1ny\u00edt\u00e1s\u00e1t, de lass\u00fa labdaj\u00e1rat\u00e1sukkal nem tudt\u00e1k felt\u00f6rni a szeneg\u00e1li v\u00e9delmet. Olyannyira nem, hogy a 37. percben m\u00e9g Mane el\u0151tt ad\u00f3dott helyzet.<\/p>\n<p>Az els\u0151 f\u00e9lid\u0151 v\u00e9g\u00e9re kiegyenl\u00edt\u0151d\u00f6tt a labdabirtokl\u00e1s, de igaz\u00e1n nagy helyzetet egyik csapat sem tudott kialak\u00edtani. Egy megpattan\u00f3 l\u00f6v\u00e9st az\u00e9rt feljegyezhett\u00fcnk Doku r\u00e9sz\u00e9r\u0151l a 43. percben, amelyet Diaw v\u00e9dett. K\u00e9t perccel k\u00e9s\u0151bb De Cuyper k\u00edn\u00e1lta meg a szeneg\u00e1li kapust, aki hatalmas vet\u0151d\u00e9ssel h\u00e1r\u00edtott. Ennek ellen\u00e9re az els\u0151 f\u00e9lid\u0151 v\u00e9g\u00e9re 0,17 \u00e9s 1,9 volt a k\u00e9t csapat xG-je, vagyis a v\u00e1rhat\u00f3 g\u00f3lokra vonatkoz\u00f3 sz\u00e1madat.<\/p>\n<p>                        Felp\u00f6r\u00f6gtek az esem\u00e9nyek a m\u00e1sodik f\u00e9lid\u0151 v\u00e9g\u00e9re<\/p>\n<p>A f\u00e9lid\u0151ben cser\u00e9lt Belgium, Romelu Lukaku \u00e9rkezett centerpoz\u00edci\u00f3ba De Ketelaere hely\u00e9re. A belg\u00e1k birtokolt\u00e1k a labd\u00e1t a m\u00e1sodik j\u00e1t\u00e9kr\u00e9sz elej\u00e9n, de az 51. percben Ismaila Sarr m\u00e9g kihagyott egy nagy helyzetet, viszont a k\u00f6vetkez\u0151 t\u00e1mad\u00e1sn\u00e1l, Niakhate passz\u00e1t fel\u00edvel\u00e9s\u00e9t k\u00f6vet\u0151en m\u00e1r nem hib\u00e1zott. (0-2)<\/p>\n<p>A m\u00e1sodik bekapott g\u00f3l ut\u00e1n kett\u0151s csere j\u00f6tt a belg\u00e1kn\u00e1l, n\u00e9mi meglepet\u00e9sre Doku \u00e9s De Bruyne j\u00f6tt le, hely\u00fckre Raskin \u00e9s Lukebakio \u00e1llt be. Belgium a 60. percben jutott el \u00fajra kapura l\u00f6v\u00e9sig, Tielemans l\u00f6ket\u00e9be azonban bele\u00e9rtek a szeneg\u00e1li v\u00e9d\u0151k, a sz\u00f6gletb\u0151l pedig megint nem lett semmi.\u00a0A hidrat\u00e1ci\u00f3s sz\u00fcnetig kiemelked\u0151 esem\u00e9ny nem t\u00f6rt\u00e9nt,\u00a0a frusztr\u00e1ci\u00f3 azonban kij\u00f6tt a belga csapat tagjain, egym\u00e1ssal kezdtek el veszekedni.<\/p>\n<p>A sz\u00fcnet ut\u00e1n \u00fajabb cser\u00e9k j\u00f6ttek, de a j\u00e1t\u00e9k k\u00e9pe nem v\u00e1ltozott: a belg\u00e1k k\u00e9ts\u00e9gbeesetten pr\u00f3b\u00e1ltak g\u00f3lt szerezni, pr\u00f3b\u00e1lkoz\u00e1saik rendre kimaradtak. A kontr\u00e1kra \u00e9p\u00edt\u0151 szeneg\u00e1liak ezzel szemben sokkal vesz\u00e9lyesebb akci\u00f3kat alak\u00edtottak ki, nagyobb g\u00f3lszerz\u00e9si lehet\u0151s\u00e9geik voltak.<\/p>\n<p>A 86. percben azonban Romelu Lukaku megmutatta, hogy a kev\u00e9s helyzet ellen\u00e9re is k\u00e9pes g\u00f3lt l\u0151ni. (1-2)<\/p>\n<p>A rendes j\u00e1t\u00e9kid\u0151 utols\u00f3 perceiben olyan fordulat j\u00f6tt, amire semmi sem utalt: alig k\u00e9t perccel Lukaku g\u00f3lja ut\u00e1n egy belga bead\u00e1sn\u00e1l Diaw rendk\u00edv\u00fcl rosszul j\u00f6tt ki, a labda \u00edgy megtal\u00e1lta Tielemans fej\u00e9t, aki nem hib\u00e1zott. (2-2)<\/p>\n<p>Az egyenl\u00edt\u0151 g\u00f3l ut\u00e1n m\u00e1r csak egy vesz\u00e9lyes szeneg\u00e1li kapura l\u00f6v\u00e9s volt a hosszabb\u00edt\u00e1s perceiben, de t\u00f6bb g\u00f3l a rendes j\u00e1t\u00e9kid\u0151ben nem esett, \u00edgy k\u00f6vetkezett a 2&#215;15 perces hosszabb\u00edt\u00e1s.<\/p>\n<p>                        Megford\u00edtotta a m\u00e9rk\u0151z\u00e9st Belgium<\/p>\n<p>A hosszabb\u00edt\u00e1s els\u0151 f\u00e9lidej\u00e9ben nem l\u00e1thatott helyzetet a k\u00f6z\u00f6ns\u00e9g, csak azt, hogy Szeneg\u00e1l kihaszn\u00e1lta minden cserelehet\u0151s\u00e9g\u00e9t.\u00a0A folytat\u00e1s els\u0151 perceiben az afrikai v\u00e1logatott dolgozott ki\u00a0ziccert, de Mbaye a jobb oldalr\u00f3l \u00e9rkez\u0151 visszagur\u00edt\u00e1st a kapu mell\u00e9 l\u0151tte. A hosszabb\u00edt\u00e1s m\u00e1sodik f\u00e9lideje ink\u00e1bb Szeneg\u00e1l\u00e9, b\u00e1r Lukaku el\u0151tt is ad\u00f3dott egy lehet\u0151s\u00e9g a 116. percben.<\/p>\n<p>Egy perccel k\u00e9s\u0151bb Belgium megszerezhette volna a gy\u0151ztes g\u00f3lt, azonban Lukebakio 7 m\u00e9terr\u0151l a fels\u0151 l\u00e9cet tal\u00e1lta el. Azonban az ezt megel\u0151z\u0151 passzt szab\u00e1lytalans\u00e1g el\u0151zte meg, \u00e9s h\u00e1rom percig tart\u00f3 vide\u00f3z\u00e1st k\u00f6vet\u0151en a hondurasi j\u00e1t\u00e9kvezet\u0151 tizenegyest adott.<\/p>\n<p>A labda m\u00f6g\u00e9 Tielemans \u00e1llt oda, \u00e9s nyolcadd\u00f6nt\u0151be l\u0151tte Belgiumot. (3-2)<\/p>\n<p>A 127. percben azonban m\u00e9g nem \u00e9rt v\u00e9get a m\u00e9rk\u0151z\u00e9s, Szeneg\u00e1l t\u00e1madt, de nem tal\u00e1lt kaput. Az utols\u00f3 kapura l\u00f6v\u00e9sek egyike m\u00e9g szeneg\u00e1li r\u00e9szr\u0151l t\u00f6rt\u00e9nt a 130. percben, Courtois k\u00f6nnyed\u00e9n leh\u00fazta. A k\u00f6vetkez\u0151 percben egy kezez\u00e9s miatt mintegy 18 m\u00e9terr\u0151l kapott szabadr\u00fag\u00e1st az afrikai v\u00e1logatott, azonban ez a kapu f\u00f6l\u00e9 sz\u00e1llt, \u00e9s ezzel \u00e9r v\u00e9get a Belgium-Szeneg\u00e1l m\u00e9rk\u0151z\u00e9s.<\/p>\n<p>                        Labdar\u00fag\u00f3-vil\u00e1gbajnoks\u00e1g 2026, kies\u00e9ses szakasz<\/p>\n<p>\n                          A nyolcadd\u00f6nt\u0151be jut\u00e1s\u00e9rt:\n                        <\/p>\n<p>                        Belgium-Szeneg\u00e1l 2-2 h. u. 3-2 (Lukaku 86., Tielemans 89., 125., illetve Diarra 25., I. Sarr 51.)<\/p>\n<p>\n                          <a href=\"https:\/\/dex.hu\/x.php?id=index_sport_cikklink&amp;url=https%3A%2F%2Findex.hu%2Fsport%2Ffutball%2F2026%2Fvb%2F\" id=\"hyperlink_d9a7aeaa85334bc3b6711d3ca7a39b2d\" target=\"_blank\" rel=\"nofollow noopener\">B\u00f6ng\u00e9ssze az Index vil\u00e1gbajnoki mell\u00e9klet\u00e9t<\/a>, ahol a cikkek mellett megtal\u00e1lja a menetrendet, a csoportok \u00e1ll\u00e1s\u00e1t, a j\u00e1t\u00e9koskereteket, a csapatle\u00edr\u00e1sokat \u00e9s a helysz\u00edneket is. J\u00e1t\u00e9kunkban megtippelheti a vb-gy\u0151ztest, v\u00e1rakoz\u00e1sait a k\u00f6z\u00f6ss\u00e9gi m\u00e9di\u00e1ban is megoszthatja.\n                        <\/p>\n<p>\n                          Tartsanak vel\u00fcnk t\u00f6bb mint egy h\u00f3napon \u00e1t, hiszen helysz\u00edni tud\u00f3s\u00edt\u00f3nk rendszeresen exkluz\u00edv tartalmakkal jelentkezik a tengerent\u00falr\u00f3l. Meccs\u00f6sszefoglal\u00f3k, riportok, interj\u00fak, podcastok, vide\u00f3k, \u00e9rdekess\u00e9gek \u2013 minden egy helyen, minden az Indexen!\n                        <\/p>\n<p>(Bor\u00edt\u00f3k\u00e9p: Timothy Castagne (balra) \u00e9s Sadio Man\u00e9 (jobbra) csat\u00e1zik a labd\u00e1\u00e9rt 2026. j\u00falius 1-j\u00e9n.\u00a0 Alex Grimm\/Getty Images)<\/p>\n<p><a href=\"https:\/\/dex.hu\/x.php?id=googlepref_desktop&amp;url=https:\/\/google.com\/preferences\/source?q=https:\/\/index.hu\" class=\"google-pref-banner \" id=\"googlePrefBanner\" rel=\"nofollow noopener\" target=\"_blank\"><\/p>\n<p>    Itt \u00e1ll\u00edtsa be, hogy az Index az els\u0151k k\u00f6z\u00f6tt legyen a Google-tal\u00e1latokban!<\/p>\n<p><\/a><\/p>\n<p>                <a href=\"https:\/\/konyvek.index.hu\/\" target=\"_blank\" rel=\"nofollow noopener\"><br \/>\n                <img decoding=\"async\" src=\"https:\/\/index.hu\/assets\/images\/konyvajanlo\/book_indapress\/book_indapress_logo.svg\" loading=\"lazy\" alt=\"Inda Press Kiad\u00f3\"\/><br \/>\n                <\/a><\/p>\n<p>                <img decoding=\"async\" src=\"https:\/\/www.europesays.com\/hu\/wp-content\/uploads\/2026\/07\/1782935348_229_rossi.png\" loading=\"lazy\" alt=\"Rossi\"\/><\/p>\n<p>Ismerd meg a magyar labdar\u00fag\u00e1s h\u0151s\u00e9nek eml\u00e9kezetes pillanatait!<br \/>Folytassa, Mister!<\/p>\n<p>                <a class=\"book_index_btn\" href=\"https:\/\/indexadhu.hit.gemius.pl\/hitredir\/id=nSCbubuYpDWJZLZs0TssLrbt33Lk5kbipuiZrkg89G3.g7\/stparam=uciklwjurk\/fastid=efdamtuhsxcjschvtzobuxredglq\/nc=0\/url=https:\/\/www.indapresskiado.hu\/products\/marco-rossi?_pos=1&amp;_psq=rossi&amp;_ss=e&amp;_v=1.0\" target=\"_blank\" rel=\"nofollow noopener\">MEGVESZEM<\/a><\/p>\n<p>    <img loading=\"lazy\" decoding=\"async\" src=\"https:\/\/www.europesays.com\/hu\/wp-content\/uploads\/2026\/07\/1782935350_565_nc=0.gif\" border=\"0\" height=\"0\" width=\"0\"\/><\/p>\n<p>    <img decoding=\"async\" src=\"https:\/\/index.hu\/assets\/images\/social-follow\/logo-big.svg\" alt=\"Index.hu logo\"\/><\/p>\n<p>K\u00f6vesse az Indexet Facebookon is!<\/p>\n<p>    <a href=\"https:\/\/facebook.com\/Indexhu\" target=\"_blank\" rel=\"nofollow noopener\"><\/p>\n<p>        K\u00f6vetem!<br \/>\n    <\/a><\/p>\n","protected":false},"excerpt":{"rendered":"Belgium a v\u00e1rtn\u00e1l nehezebben nyerte meg csoportj\u00e1t, mind\u00f6ssze csak az utols\u00f3 m\u00e9rk\u0151z\u00e9sen tudott gy\u0151zni, sim\u00e1n verte \u00daj-Z\u00e9landot. Ehhez&hellip;\n","protected":false},"author":2,"featured_media":158339,"comment_status":"","ping_status":"","sticky":false,"template":"","format":"standard","meta":{"footnotes":"","_share_on_mastodon":"0"},"categories":[14],"tags":[40392,1455,152,24069,18361,44,42,40,46430,43,41,45,131,14677,14752,4411],"class_list":["post-158338","post","type-post","status-publish","format-standard","has-post-thumbnail","category-sport","tag-belga-valogatott","tag-belgium","tag-ce-napi","tag-futball-vb","tag-futball-vb-2026","tag-hu","tag-hungarian","tag-hungary","tag-kieseses-szakasz","tag-magyar","tag-magyarorszag","tag-sport","tag-sports","tag-szenegal","tag-szenegali-valogatott","tag-vb-2026"],"share_on_mastodon":{"url":"https:\/\/pubeurope.com\/@hu\/116847614898718000","error":""},"_links":{"self":[{"href":"https:\/\/www.europesays.com\/hu\/wp-json\/wp\/v2\/posts\/158338","targetHints":{"allow":["GET"]}}],"collection":[{"href":"https:\/\/www.europesays.com\/hu\/wp-json\/wp\/v2\/posts"}],"about":[{"href":"https:\/\/www.europesays.com\/hu\/wp-json\/wp\/v2\/types\/post"}],"author":[{"embeddable":true,"href":"https:\/\/www.europesays.com\/hu\/wp-json\/wp\/v2\/users\/2"}],"replies":[{"embeddable":true,"href":"https:\/\/www.europesays.com\/hu\/wp-json\/wp\/v2\/comments?post=158338"}],"version-history":[{"count":0,"href":"https:\/\/www.europesays.com\/hu\/wp-json\/wp\/v2\/posts\/158338\/revisions"}],"wp:featuredmedia":[{"embeddable":true,"href":"https:\/\/www.europesays.com\/hu\/wp-json\/wp\/v2\/media\/158339"}],"wp:attachment":[{"href":"https:\/\/www.europesays.com\/hu\/wp-json\/wp\/v2\/media?parent=158338"}],"wp:term":[{"taxonomy":"category","embeddable":true,"href":"https:\/\/www.europesays.com\/hu\/wp-json\/wp\/v2\/categories?post=158338"},{"taxonomy":"post_tag","embeddable":true,"href":"https:\/\/www.europesays.com\/hu\/wp-json\/wp\/v2\/tags?post=158338"}],"curies":[{"name":"wp","href":"https:\/\/api.w.org\/{rel}","templated":true}]}}