{"id":158773,"date":"2026-07-02T09:35:12","date_gmt":"2026-07-02T09:35:12","guid":{"rendered":"https:\/\/www.europesays.com\/hu\/158773\/"},"modified":"2026-07-02T09:35:12","modified_gmt":"2026-07-02T09:35:12","slug":"index-futball-futball-vb-2026-261","status":"publish","type":"post","link":"https:\/\/www.europesays.com\/hu\/158773\/","title":{"rendered":"Index &#8211; Futball &#8211; Futball-vb 2026"},"content":{"rendered":"<p>\n                          Egy h\u00e9ten bel\u00fcl kinevezik az olasz labdar\u00fag\u00f3-v\u00e1logatott \u00faj sz\u00f6vets\u00e9gi kapit\u00e1ny\u00e1t Giovanni Malago, a sz\u00f6vets\u00e9g m\u00e1sf\u00e9l hete megv\u00e1lasztott eln\u00f6ke szerint.\n                        <\/p>\n<p>\u201eRendk\u00edv\u00fcl s\u00fcrg\u0151s a dolog, egy h\u00e9ten bel\u00fcl rendezni k\u00edv\u00e1nom ezt az \u00fcgyet\u201d\u00a0\u2013 jelentette ki Malago, miut\u00e1n megtartotta els\u0151 eln\u00f6ks\u00e9gi \u00fcl\u00e9s\u00e9t. Kiemelte: szab\u00e1lyt \u00e1ll\u00edtott fel saj\u00e1t mag\u00e1nak, addig nem nevezi meg az \u00faj kapit\u00e1nyt, am\u00edg nincs technikai igazgat\u00f3ja\u00a0\u2013 \u00edrja az MTI.<\/p>\n<p>Nem tudom megmondani, hogy k\u00f6zel vagyok-e a d\u00f6nt\u00e9shez vagy sem, de kem\u00e9nyen dolgozom rajta<\/p>\n<p>\u2013\u00a0tette hozz\u00e1 az eln\u00f6k, aki kor\u00e1bban haz\u00e1ja olimpiai bizotts\u00e1g\u00e1t is ir\u00e1ny\u00edtotta m\u00e1r.<\/p>\n<p>A sz\u00f6vets\u00e9gi kapit\u00e1nyi poszt az\u00f3ta \u00fcres, hogy a Squadra Azzurra sorozatban <a href=\"https:\/\/index.hu\/sport\/futball\/2026\/vb\/2026\/03\/31\/olaszorszag-bosznia-hercegovina-vb-potselejtezo-2026-svedorszag-torokorszag-csehorszag\/\" id=\"hyperlink_033068b40c8d449ff04bc2277f025cae\" target=\"_blank\" title=\"Rettenetes ostobas\u00e1g ut\u00e1n szenvedtek t\u00f6rt\u00e9nelmi veres\u00e9get az olaszok, \u00e9s sorozatban harmadszor cs\u00fasztak le a vb-r\u0151l\" rel=\"nofollow noopener\">harmadszor maradt le<\/a> a vil\u00e1gbajnoks\u00e1gr\u00f3l, \u00e9s Gennaro Gattuso lemondott.<\/p>\n<p>Sajt\u00f3h\u00edrek szerint Roberto Mancini vagy Antonio Conte lehet a befut\u00f3. El\u0151bbi 2021-ben Eur\u00f3pa-bajnoki c\u00edmre vezette Olaszorsz\u00e1got, ezt k\u00f6vet\u0151en azonban csapat\u00e1val lemaradt a vb-r\u0151l, \u00e9s Sza\u00fad-Ar\u00e1bi\u00e1ban v\u00e1llalt munk\u00e1t.\u00a0Conte is volt m\u00e1r sz\u00f6vets\u00e9gi kapit\u00e1ny, 2016-ban ir\u00e1ny\u00edtotta Eur\u00f3pa-bajnoks\u00e1gon az egy\u00fcttest, s legut\u00f3bb a Napoli kispadj\u00e1n \u00fclt, de a szezon v\u00e9g\u00e9n t\u00e1vozott.<\/p>\n<p>Malago nem z\u00e1rta ki, hogy a csapat fenn\u00e1ll\u00e1sa sor\u00e1n el\u0151sz\u00f6r lesz k\u00fclf\u00f6ldi szakvezet\u0151 a v\u00e1logatott \u00e9l\u00e9n.<\/p>\n<p>\n                          (Aj\u00e1nl\u00f3k\u00e9p:\u00a0Image Photo Agency \/ Getty Images)\n                        <\/p>\n<p><a href=\"https:\/\/dex.hu\/x.php?id=googlepref_desktop&amp;url=https:\/\/google.com\/preferences\/source?q=https:\/\/index.hu\" class=\"google-pref-banner \" id=\"googlePrefBanner\" rel=\"nofollow noopener\" target=\"_blank\"><\/p>\n<p>    Itt \u00e1ll\u00edtsa be, hogy az Index az els\u0151k k\u00f6z\u00f6tt legyen a Google-tal\u00e1latokban!<\/p>\n<p><\/a><\/p>\n<p>                <a href=\"https:\/\/konyvek.index.hu\/\" target=\"_blank\" rel=\"nofollow noopener\"><br \/>\n                <img decoding=\"async\" src=\"https:\/\/index.hu\/assets\/images\/konyvajanlo\/book_indapress\/book_indapress_logo.svg\" loading=\"lazy\" alt=\"Inda Press Kiad\u00f3\"\/><br \/>\n                <\/a><\/p>\n<p>                <img decoding=\"async\" src=\"https:\/\/www.europesays.com\/hu\/wp-content\/uploads\/2026\/07\/1782984909_763_rossi.png\" loading=\"lazy\" alt=\"Rossi\"\/><\/p>\n<p>Ismerd meg a magyar labdar\u00fag\u00e1s h\u0151s\u00e9nek eml\u00e9kezetes pillanatait!<br \/>Folytassa, Mister!<\/p>\n<p>                <a class=\"book_index_btn\" href=\"https:\/\/indexadhu.hit.gemius.pl\/hitredir\/id=nSCbubuYpDWJZLZs0TssLrbt33Lk5kbipuiZrkg89G3.g7\/stparam=uciklwjurk\/fastid=efdamtuhsxcjschvtzobuxredglq\/nc=0\/url=https:\/\/www.indapresskiado.hu\/products\/marco-rossi?_pos=1&amp;_psq=rossi&amp;_ss=e&amp;_v=1.0\" target=\"_blank\" rel=\"nofollow noopener\">MEGVESZEM<\/a><\/p>\n<p>    <img loading=\"lazy\" decoding=\"async\" src=\"https:\/\/www.europesays.com\/hu\/wp-content\/uploads\/2026\/07\/1782984911_334_nc=0.gif\" border=\"0\" height=\"0\" width=\"0\"\/><\/p>\n<p>    <img decoding=\"async\" src=\"https:\/\/index.hu\/assets\/images\/social-follow\/logo-big.svg\" alt=\"Index.hu logo\"\/><\/p>\n<p>K\u00f6vesse az Indexet Facebookon is!<\/p>\n<p>    <a href=\"https:\/\/facebook.com\/Indexhu\" target=\"_blank\" rel=\"nofollow noopener\"><\/p>\n<p>        K\u00f6vetem!<br \/>\n    <\/a><\/p>\n","protected":false},"excerpt":{"rendered":"Egy h\u00e9ten bel\u00fcl kinevezik az olasz labdar\u00fag\u00f3-v\u00e1logatott \u00faj sz\u00f6vets\u00e9gi kapit\u00e1ny\u00e1t Giovanni Malago, a sz\u00f6vets\u00e9g m\u00e1sf\u00e9l hete megv\u00e1lasztott eln\u00f6ke&hellip;\n","protected":false},"author":2,"featured_media":158774,"comment_status":"","ping_status":"","sticky":false,"template":"","format":"standard","meta":{"footnotes":"","_share_on_mastodon":"0"},"categories":[14],"tags":[553,24069,44,42,40,502,43,41,16615,45,131,3613,4411,4710],"class_list":["post-158773","post","type-post","status-publish","format-standard","has-post-thumbnail","category-sport","tag-futball","tag-futball-vb","tag-hu","tag-hungarian","tag-hungary","tag-labdarugas","tag-magyar","tag-magyarorszag","tag-olasz-valogatott","tag-sport","tag-sports","tag-szovetsegi-kapitany","tag-vb-2026","tag-vilagbajnoksag"],"share_on_mastodon":{"url":"https:\/\/pubeurope.com\/@hu\/116849706797787331","error":""},"_links":{"self":[{"href":"https:\/\/www.europesays.com\/hu\/wp-json\/wp\/v2\/posts\/158773","targetHints":{"allow":["GET"]}}],"collection":[{"href":"https:\/\/www.europesays.com\/hu\/wp-json\/wp\/v2\/posts"}],"about":[{"href":"https:\/\/www.europesays.com\/hu\/wp-json\/wp\/v2\/types\/post"}],"author":[{"embeddable":true,"href":"https:\/\/www.europesays.com\/hu\/wp-json\/wp\/v2\/users\/2"}],"replies":[{"embeddable":true,"href":"https:\/\/www.europesays.com\/hu\/wp-json\/wp\/v2\/comments?post=158773"}],"version-history":[{"count":0,"href":"https:\/\/www.europesays.com\/hu\/wp-json\/wp\/v2\/posts\/158773\/revisions"}],"wp:featuredmedia":[{"embeddable":true,"href":"https:\/\/www.europesays.com\/hu\/wp-json\/wp\/v2\/media\/158774"}],"wp:attachment":[{"href":"https:\/\/www.europesays.com\/hu\/wp-json\/wp\/v2\/media?parent=158773"}],"wp:term":[{"taxonomy":"category","embeddable":true,"href":"https:\/\/www.europesays.com\/hu\/wp-json\/wp\/v2\/categories?post=158773"},{"taxonomy":"post_tag","embeddable":true,"href":"https:\/\/www.europesays.com\/hu\/wp-json\/wp\/v2\/tags?post=158773"}],"curies":[{"name":"wp","href":"https:\/\/api.w.org\/{rel}","templated":true}]}}