{"id":159900,"date":"2026-07-03T07:00:09","date_gmt":"2026-07-03T07:00:09","guid":{"rendered":"https:\/\/www.europesays.com\/hu\/159900\/"},"modified":"2026-07-03T07:00:09","modified_gmt":"2026-07-03T07:00:09","slug":"ausztria-nem-jelentett-akadalyt-meggyozo-jatekkal-nyolcaddontos-spanyolorszag","status":"publish","type":"post","link":"https:\/\/www.europesays.com\/hu\/159900\/","title":{"rendered":"Ausztria nem jelentett akad\u00e1lyt, meggy\u0151z\u0151 j\u00e1t\u00e9kkal nyolcadd\u00f6nt\u0151s Spanyolorsz\u00e1g"},"content":{"rendered":"<p class=\"\">\n    Spanyolorsz\u00e1g magabiztos, 3-0-s gy\u0151zelemmel jutott be a vil\u00e1gbajnoks\u00e1g legjobb 16 csapata k\u00f6z\u00e9, miut\u00e1n cs\u00fct\u00f6rt\u00f6k este sim\u00e1n legy\u0151zte Ausztri\u00e1t. Luis de la Fuente csapata \u2013 Mexik\u00f3hoz hasonl\u00f3an \u2013 tov\u00e1bbra sem kapott g\u00f3lt a torn\u00e1n, \u00e9s a mutatott j\u00e1t\u00e9k alapj\u00e1n Franciaorsz\u00e1g \u00e9s Argent\u00edna mellett a torna egyik legnagyobb es\u00e9lyes\u00e9nek t\u0171nik.\n  <\/p>\n<p class=\"\">\n    A spanyolok a 36. percben szerezt\u00e9k meg a vezet\u00e9st, Marc Cucurella bal oldali bead\u00e1sa ut\u00e1n Mikel Oyarzabal k\u00f6zelr\u0151l p\u00f6ck\u00f6lte a kapuba a labd\u00e1t. A Real Sociedad t\u00e1mad\u00f3ja nem sokkal kor\u00e1bban m\u00e1r pr\u00f3b\u00e1ra tette Alexander Schlagert, de az osztr\u00e1k kapus akkor m\u00e9g v\u00e9deni tudott.\n  <\/p>\n<p class=\"\">\n    Az els\u0151 f\u00e9lid\u0151 hajr\u00e1j\u00e1ban Spanyolorsz\u00e1g k\u00f6zel j\u00e1rt a m\u00e1sodik g\u00f3lhoz is: \u00c1lex Baena 25 m\u00e9teres szabadr\u00fag\u00e1sa a kapuf\u00e1n csattant, majd Schlager nagy brav\u00farral v\u00e9dte Lamine Yamal k\u00f6zeli pr\u00f3b\u00e1lkoz\u00e1s\u00e1t. Ausztria a m\u00e1sodik f\u00e9lid\u0151 elej\u00e9n visszaj\u00f6hetett volna a meccsbe, de a cserek\u00e9nt be\u00e1ll\u00f3 Sasa Kalajdzic kev\u00e9ssel a kapu f\u00f6l\u00e9 fejelt.\n  <\/p>\n<p>    <a href=\"https:\/\/www.europesays.com\/hu\/wp-content\/uploads\/2026\/07\/8MSZG2302AdM127gks.jpeg\" class=\"uwwrama _1chu0ywg _8b6bx65\" rel=\"nofollow\"><\/p>\n<p>  <img decoding=\"async\" loading=\"lazy\" src=\"https:\/\/www.europesays.com\/hu\/wp-content\/uploads\/2026\/07\/8MSZG2302AdM127gks.jpeg\"   class=\"_672m2jd _1chu0ywo ta3a4c1ey ta3a4c1aa he2knv4 ta3a4c1ey ta3a4czs\" style=\"--_672m2j6:1.50;--_672m2j5:2560px 1707px\" alt=\"\"\/><\/p>\n<p>      <\/a><\/p>\n<p>\n              A spanyolok \u00f6r\u00fclnek Oyarzabal g\u00f3lj\u00e1nak.\n            <\/p>\n<p>\n              Fot\u00f3:<br \/>\n                CHARLOTTE WILSON\/Getty Images via AFP\n            <\/p>\n<p class=\"\">\n    A kihagyott helyzetet hamar megb\u00fcntette Spanyolorsz\u00e1g. A 66. percben Baena visszatett labd\u00e1j\u00e1t Pedro Porro fejelte a kapuba, megszerezve els\u0151 g\u00f3lj\u00e1t a v\u00e1logatottban. Yamal is k\u00f6zel j\u00e1rt a g\u00f3lhoz, de l\u00f6v\u00e9s\u00e9t David Alaba a g\u00f3lvonalr\u00f3l tiszt\u00e1zta. A v\u00e9geredm\u00e9nyt Oyarzabal \u00e1ll\u00edtotta be a 89. percben, Cucurella remek ind\u00edt\u00e1sa ut\u00e1n higgadtan a jobb als\u00f3 sarokba l\u0151tt, a meccset a helysz\u00ednen megn\u00e9z\u0151 vil\u00e1gszt\u00e1r, Rosal\u00eda nagy \u00f6r\u00f6m\u00e9re. A t\u00e1mad\u00f3 \u00edgy m\u00e1r n\u00e9gy g\u00f3ln\u00e1l j\u00e1r a a torn\u00e1n, amivel a g\u00f3ll\u00f6v\u0151list\u00e1n holtversenyben \u00e1ll Ousmane Demb\u00e9l\u00e9vel \u00e9s Vin\u00edcius J\u00faniorral.\n  <\/p>\n<p class=\"\">\n    Spanyolorsz\u00e1g 1994 \u00f3ta el\u0151sz\u00f6r szerzett egyn\u00e9l t\u00f6bb g\u00f3lt vil\u00e1gbajnoki kies\u00e9ses meccsen, akkor Washingtonban verte 3-0-ra Sv\u00e1jcot. Ahogy az <a href=\"https:\/\/www.nytimes.com\/athletic\/live-blogs\/spain-vs-austria-live-updates-world-cup-2026-score-result\/MWiAIrr4VzaX\/gsIVrZ4o4fKa\/?unlocked_article_code=1.ulA.H508.XzhmwJsyCIyb&amp;source=athletic_user_shared_gift_live_blog_copylink&amp;smid=url-share-ta\" rel=\"nofollow noopener\" target=\"_blank\">Athletic<\/a> is kiemelte, ez k\u00fcl\u00f6n\u00f6sen annak f\u00e9ny\u00e9ben felt\u0171n\u0151 adat, hogy a spanyol v\u00e1logatott az elm\u00falt \u00e9vtizedekben Eb-t \u00e9s vb-t is nyert, a vil\u00e1gbajnoki kies\u00e9ses szakaszban m\u00e9gis ritk\u00e1n j\u00f6ttek a g\u00f3lok.\n  <\/p>\n<p lang=\"en\" dir=\"ltr\">Rosalia dancing to her own song after FT \ud83d\ude02\u2764\ufe0f<a href=\"https:\/\/t.co\/kVqS7feEVH\" rel=\"nofollow\">pic.twitter.com\/kVqS7feEVH<\/a><\/p>\n<p>\u2014 Stop That Messi (@stopthatmessiii) <a href=\"https:\/\/x.com\/stopthatmessiii\/status\/2072788747603599749?ref_src=twsrc%5Etfw\" rel=\"nofollow\">July 2, 2026<\/a><\/p>\n<p class=\"\">\n    De la Fuente csapata a Z\u00f6ld-foki K\u00f6zt\u00e1rsas\u00e1g elleni meglepet\u00e9sd\u00f6ntetlen \u00f3ta lend\u00fcletben van: stabil h\u00e1tul, t\u00e1mad\u00e1sban pedig egyre hat\u00e9konyabb. A f\u00f6l\u00e9ny\u00fck ezen a meccsen a sz\u00e1mokban is egy\u00e9rtelm\u0171 volt: 23 l\u00f6v\u00e9s\u00fckb\u0151l 10 tal\u00e1lta el a kaput, m\u00edg Ausztria \u00f6t pr\u00f3b\u00e1lkoz\u00e1s\u00e1b\u00f3l egy sem ment kapura.\n  <\/p>\n<p class=\"\">\n    A spanyolok a nyolcadd\u00f6nt\u0151ben Portug\u00e1li\u00e1val vagy Horv\u00e1torsz\u00e1ggal j\u00e1tszanak h\u00e9tf\u0151n.\n  <\/p>\n<p>  <script async src=\"https:\/\/platform.twitter.com\/widgets.js\" charset=\"utf-8\"><\/script><\/p>\n","protected":false},"excerpt":{"rendered":"Spanyolorsz\u00e1g magabiztos, 3-0-s gy\u0151zelemmel jutott be a vil\u00e1gbajnoks\u00e1g legjobb 16 csapata k\u00f6z\u00e9, miut\u00e1n cs\u00fct\u00f6rt\u00f6k este sim\u00e1n legy\u0151zte Ausztri\u00e1t.&hellip;\n","protected":false},"author":2,"featured_media":159901,"comment_status":"","ping_status":"","sticky":false,"template":"","format":"standard","meta":{"footnotes":"","_share_on_mastodon":"0"},"categories":[33],"tags":[47757,47756,1557,630,378,7631,38,35,37,44,42,40,3227,35882,43,41,42786,44670,34,44704,1772,36,39,4710],"class_list":["post-159900","post","type-post","status-publish","format-standard","has-post-thumbnail","category-hirek","tag-alex-baena","tag-alexander-schlager","tag-argentina","tag-ausztria","tag-foci","tag-foci-vb-2026","tag-focimek","tag-headlines","tag-hirek","tag-hu","tag-hungarian","tag-hungary","tag-lamine-yamal","tag-luis-de-la-fuente","tag-magyar","tag-magyarorszag","tag-marc-cucurella","tag-mikel-oyarzabal","tag-news","tag-pedro-porro","tag-spanyolorszag","tag-top-stories","tag-vezeto-hirek","tag-vilagbajnoksag"],"share_on_mastodon":{"url":"https:\/\/pubeurope.com\/@hu\/116854759402651425","error":""},"_links":{"self":[{"href":"https:\/\/www.europesays.com\/hu\/wp-json\/wp\/v2\/posts\/159900","targetHints":{"allow":["GET"]}}],"collection":[{"href":"https:\/\/www.europesays.com\/hu\/wp-json\/wp\/v2\/posts"}],"about":[{"href":"https:\/\/www.europesays.com\/hu\/wp-json\/wp\/v2\/types\/post"}],"author":[{"embeddable":true,"href":"https:\/\/www.europesays.com\/hu\/wp-json\/wp\/v2\/users\/2"}],"replies":[{"embeddable":true,"href":"https:\/\/www.europesays.com\/hu\/wp-json\/wp\/v2\/comments?post=159900"}],"version-history":[{"count":0,"href":"https:\/\/www.europesays.com\/hu\/wp-json\/wp\/v2\/posts\/159900\/revisions"}],"wp:featuredmedia":[{"embeddable":true,"href":"https:\/\/www.europesays.com\/hu\/wp-json\/wp\/v2\/media\/159901"}],"wp:attachment":[{"href":"https:\/\/www.europesays.com\/hu\/wp-json\/wp\/v2\/media?parent=159900"}],"wp:term":[{"taxonomy":"category","embeddable":true,"href":"https:\/\/www.europesays.com\/hu\/wp-json\/wp\/v2\/categories?post=159900"},{"taxonomy":"post_tag","embeddable":true,"href":"https:\/\/www.europesays.com\/hu\/wp-json\/wp\/v2\/tags?post=159900"}],"curies":[{"name":"wp","href":"https:\/\/api.w.org\/{rel}","templated":true}]}}