{"id":160396,"date":"2026-07-03T15:04:07","date_gmt":"2026-07-03T15:04:07","guid":{"rendered":"https:\/\/www.europesays.com\/hu\/160396\/"},"modified":"2026-07-03T15:04:07","modified_gmt":"2026-07-03T15:04:07","slug":"eloszor-all-legiosnak-a-magyar-vedo-12-szeres-bajnokcsapat-igazolta-le-hivatalos","status":"publish","type":"post","link":"https:\/\/www.europesays.com\/hu\/160396\/","title":{"rendered":"El\u0151sz\u00f6r \u00e1ll l\u00e9gi\u00f3snak a magyar v\u00e9d\u0151, 12-szeres bajnokcsapat igazolta le &#8211; hivatalos"},"content":{"rendered":"<p>                    <a href=\"https:\/\/news.google.com\/publications\/CAAqJQgKIh9DQklTRVFnTWFnMEtDMk56WVd0bWIyTnBMbWgxS0FBUAE\" target=\"_blank\" class=\"google-news\" rel=\"nofollow noopener\">A legfrissebb h\u00edrek\u00e9rt k\u00f6vess minket a Csakfoci Google News oldal\u00e1n is!<\/a><\/p>\n<p>A Zalaegerszeg alapembere, V\u00e1rkonyi Bence kor\u00e1bbi <a href=\"https:\/\/www.csakfoci.hu\/magyar-foci\/nb-i-el-indulo-vinne-a-zte-magyar-vedojet-1-millio-euros-uzlet-keszulhet-sajtohir\" target=\"_blank\" rel=\"noopener nofollow\">h\u00edreknek<\/a> megfelel\u0151en l\u00e9gi\u00f3snak \u00e1ll \u00e9s az azeri Qarabag csapat\u00e1hoz <a href=\"https:\/\/qarabagh.com\/az\/news\/qarabagdan-7-ci-transfer\/13690\" target=\"_blank\" rel=\"noopener nofollow\">igazolt<\/a>.<\/p>\n<p>A fiatal bels\u0151 v\u00e9d\u0151 az MTK-ban nevelkedett, majd 2023 elej\u00e9n k\u00f6lcs\u00f6nadt\u00e1k \u0151t az NB II-es Koz\u00e1rmislenynek, ahol 17 bajnokin 1 g\u00f3lt szerzett. Az MTK-ban v\u00e9g\u00fcl 16 m\u00e9rk\u0151z\u00e9s jutott sz\u00e1m\u00e1ra, miel\u0151tt a Zalaegerszeghez igazolt volna. Az elm\u00falt k\u00e9t id\u00e9nyben alapembernek sz\u00e1m\u00edtott a zalaiakn\u00e1l, \u00f6sszess\u00e9g\u00e9ben 84 t\u00e9tm\u00e9rk\u0151z\u00e9sen l\u00e9pett p\u00e1ly\u00e1ra \u00e9s 2 g\u00f3lt szerzett.<\/p>\n<p>Sajt\u00f3h\u00edrek szerint egymilli\u00f3 eur\u00f3s \u00e1tigazol\u00e1si d\u00edj ellen\u00e9ben v\u00e1ltott klubot, \u00e9s egy h\u00e1rom \u00e9vre sz\u00f3l\u00f3 szerz\u0151d\u00e9st \u00edrt al\u00e1 \u00faj egy\u00fcttes\u00e9vel.<\/p>\n<p>A Qarabag az el\u0151z\u0151 id\u00e9nyben a m\u00e1sodik helyen z\u00e1rt, ezzel az Eur\u00f3pa-liga-selejtez\u0151 els\u0151 k\u00f6r\u00e9ben kezdenek majd, ahol az izlandi Vestri lesz az ellenfel\u00fck. A 12-szeres azeri bajnok klub n\u00e9gy szezon ut\u00e1n maradt le ism\u00e9t az els\u0151 helyr\u0151l a bajnoks\u00e1gban.<\/p>\n<p>A ZTE sport\u00e9rt felel\u0151s eln\u00f6ke, Andr\u00e9s Jornet \u00edgy <a href=\"https:\/\/www.ztefc.hu\/hu\/hirek\/varkonyi-bence-tavozik\" target=\"_blank\" rel=\"noopener nofollow\">nyilatkozott<\/a> a lez\u00e1rult \u00e1tigazol\u00e1si \u00fcgylet kapcs\u00e1n:<\/p>\n<p>&#8211; Nagyon b\u00fcszk\u00e9k vagyunk arra, hogy V\u00e1rkonyi Bence a Qaraba\u011f FK-hoz igazol. Ez egy fontos l\u00e9p\u00e9s mind a j\u00e1t\u00e9kos, mind a klub sz\u00e1m\u00e1ra. A Qaraba\u011f egy rangos egyes\u00fclet, amely haz\u00e1ja \u00e9lmez\u0151ny\u00e9ben szerepel, \u00e9s rendszeresen bizony\u00edt az eur\u00f3pai porondon. Benc\u00e9ben m\u00e1r \u00e9rkez\u00e9sekor l\u00e1ttuk a nagy potenci\u00e1lt, \u00e9s az elm\u00falt szezon sor\u00e1n folyamatos fejl\u0151d\u00e9s\u00e9t k\u00f6vethett\u00fck. Megmutatta k\u00e9pess\u00e9geit, \u00e9s meggy\u0151z\u0151d\u00e9s\u00fcnk, hogy m\u00e9g enn\u00e9l is t\u00f6bb van benne. Teljes\u00edtm\u00e9nye alapj\u00e1n el\u00e9rte azt a szintet, amely k\u00fclf\u00f6ldi lehet\u0151s\u00e9get, illetve ak\u00e1r a v\u00e1logatott fel\u00e9 vezet\u0151 utat is megalapozhatja. A ZTE sz\u00e1m\u00e1ra tov\u00e1bbra is kiemelten fontos a tehets\u00e9gek fejleszt\u00e9se \u00e9s az olyan lehet\u0151s\u00e9gek megteremt\u00e9se, amelyek er\u0151s\u00edtik klubunk szerep\u00e9t a hazai \u00e9s nemzetk\u00f6zi futballban. Ez az az \u00fat, amelyen tov\u00e1bb szeretn\u00e9nk \u00e9p\u00edtkezni. K\u00f6sz\u00f6nj\u00fck Benc\u00e9nek az elk\u00f6telezetts\u00e9g\u00e9t \u00e9s professzionalizmus\u00e1t, sok sikert k\u00edv\u00e1nunk neki karrierje \u00faj fejezet\u00e9hez! &#8211; z\u00e1rta mondand\u00f3j\u00e1t Andr\u00e9s Jornet.<\/p>\n","protected":false},"excerpt":{"rendered":"A legfrissebb h\u00edrek\u00e9rt k\u00f6vess minket a Csakfoci Google News oldal\u00e1n is! A Zalaegerszeg alapembere, V\u00e1rkonyi Bence kor\u00e1bbi h\u00edreknek&hellip;\n","protected":false},"author":2,"featured_media":160397,"comment_status":"","ping_status":"","sticky":false,"template":"","format":"standard","meta":{"footnotes":"","_share_on_mastodon":"0"},"categories":[14],"tags":[1069,5652,44,42,40,43,1067,41,1068,46909,45,131,46910,471,5653,1744],"class_list":["post-160396","post","type-post","status-publish","format-standard","has-post-thumbnail","category-sport","tag-atigazolasok","tag-hazai-atigazolasi-hirek","tag-hu","tag-hungarian","tag-hungary","tag-magyar","tag-magyar-foci","tag-magyarorszag","tag-nb-i","tag-qarabag","tag-sport","tag-sports","tag-varkonyi-bence","tag-zalaegerszeg","tag-zalaegerszegi-te-fc","tag-zte"],"share_on_mastodon":{"url":"https:\/\/pubeurope.com\/@hu\/116856662700864636","error":""},"_links":{"self":[{"href":"https:\/\/www.europesays.com\/hu\/wp-json\/wp\/v2\/posts\/160396","targetHints":{"allow":["GET"]}}],"collection":[{"href":"https:\/\/www.europesays.com\/hu\/wp-json\/wp\/v2\/posts"}],"about":[{"href":"https:\/\/www.europesays.com\/hu\/wp-json\/wp\/v2\/types\/post"}],"author":[{"embeddable":true,"href":"https:\/\/www.europesays.com\/hu\/wp-json\/wp\/v2\/users\/2"}],"replies":[{"embeddable":true,"href":"https:\/\/www.europesays.com\/hu\/wp-json\/wp\/v2\/comments?post=160396"}],"version-history":[{"count":0,"href":"https:\/\/www.europesays.com\/hu\/wp-json\/wp\/v2\/posts\/160396\/revisions"}],"wp:featuredmedia":[{"embeddable":true,"href":"https:\/\/www.europesays.com\/hu\/wp-json\/wp\/v2\/media\/160397"}],"wp:attachment":[{"href":"https:\/\/www.europesays.com\/hu\/wp-json\/wp\/v2\/media?parent=160396"}],"wp:term":[{"taxonomy":"category","embeddable":true,"href":"https:\/\/www.europesays.com\/hu\/wp-json\/wp\/v2\/categories?post=160396"},{"taxonomy":"post_tag","embeddable":true,"href":"https:\/\/www.europesays.com\/hu\/wp-json\/wp\/v2\/tags?post=160396"}],"curies":[{"name":"wp","href":"https:\/\/api.w.org\/{rel}","templated":true}]}}