{"id":161331,"date":"2026-07-04T11:56:08","date_gmt":"2026-07-04T11:56:08","guid":{"rendered":"https:\/\/www.europesays.com\/hu\/161331\/"},"modified":"2026-07-04T11:56:08","modified_gmt":"2026-07-04T11:56:08","slug":"a-fradit-tavaly-a-bl-tol-eluto-azeri-klub-csapott-le-a-zte-focistajara","status":"publish","type":"post","link":"https:\/\/www.europesays.com\/hu\/161331\/","title":{"rendered":"A Fradit tavaly a BL-t\u0151l el\u00fct\u0151 azeri klub csapott le a ZTE focist\u00e1j\u00e1ra"},"content":{"rendered":"<p>A 24 \u00e9ves bels\u0151 v\u00e9d\u0151 az elm\u00falt h\u00e1rom szezont t\u00f6lt\u00f6tte a ZTE-n\u00e9l \u2013 az els\u0151t m\u00e9g az MTK k\u00f6lcs\u00f6nj\u00e1t\u00e9kosak\u00e9nt \u2013, amelyben a legut\u00f3bbi k\u00e9t bajnoki id\u00e9nyben m\u00e1r stabil kezd\u0151j\u00e1t\u00e9kosk\u00e9nt sz\u00e1m\u00edtottak r\u00e1.<\/p>\n<p>Olyan klubhoz megy, amely rendszeresen bizony\u00edt az eur\u00f3pai kup\u00e1kban<\/p>\n<p>Andr\u00e9s Jornet, a ZTE sport\u00e9rt felel\u0151s eln\u00f6ke a transzfert a j\u00e1t\u00e9kos \u00e9s a klub sz\u00e1m\u00e1ra egyar\u00e1nt fontos l\u00e9p\u00e9snek nevezte. Hozz\u00e1tette, hogy a Qarabag rangos egyes\u00fclet, amely nemcsak haz\u00e1ja \u00e9lmez\u0151ny\u00e9ben szerepel, hanem rendszeresen bizony\u00edt az eur\u00f3pai porondon is.<\/p>\n<p>V\u00e1rkonyi Bence elmond\u00e1sa alapj\u00e1n ut\u00f3bbi t\u00e9ny a klubv\u00e1lt\u00e1st illet\u0151en az \u0151 d\u00f6nt\u00e9s\u00e9ben is fontos szerepet j\u00e1tszott.<\/p>\n<p>A ZTE kiegyens\u00falyozott teljes\u00edtm\u00e9nnyel \u00fagy v\u00e9gzett az \u00f6t\u00f6dik helyen a bajnoks\u00e1gban, hogy az utols\u00f3 h\u00e1rom fordul\u00f3ban pont n\u00e9lk\u00fcl maradt, pedig az \u00e9remszerz\u00e9sre is es\u00e9lye volt m\u00e9g a hajr\u00e1 el\u0151tt. A csapat <a target=\"_blank\" href=\"https:\/\/24.hu\/sport\/foci\/2026\/05\/09\/magyar-kupa-fradi-zte-donto\/\" rel=\"nofollow noopener\">a MOL Magyar Kup\u00e1ban d\u00f6nt\u0151s volt<\/a>, ott a Ferencv\u00e1rossal szemben maradt alul.<\/p>\n<p>Tavaly BL-f\u0151t\u00e1bla, id\u00e9n Eur\u00f3pa Liga<\/p>\n<p>A 12-szeres bajnok Qarabag FK az azeri bajnoks\u00e1g legut\u00f3bbi ki\u00edr\u00e1s\u00e1ban \u2013 a bakui Szabah m\u00f6g\u00f6tt \u2013 a m\u00e1sodik helyen v\u00e9gzett, \u00e9s az Eur\u00f3pa Lig\u00e1ban szerepelhet majd a nemzetk\u00f6zi porondon.<\/p>\n<p>Az el\u0151z\u0151 ki\u00edr\u00e1sban viszont a Bajnokok Lig\u00e1ja ligaszakasz\u00e1nak egyik r\u00e9sztvev\u0151je volt \u2013 a selejtez\u0151 utols\u00f3 k\u00f6r\u00e9ben a Ferencv\u00e1rosn\u00e1l bizonyult jobbnak \u2013, ahonnan tov\u00e1bbjutott az egyenes kies\u00e9s szakaszba.<\/p>\n<p>Ott azt\u00e1n a Newcastle United kett\u0151s gy\u0151zelemmel b\u00facs\u00faztatta.<\/p>\n","protected":false},"excerpt":{"rendered":"A 24 \u00e9ves bels\u0151 v\u00e9d\u0151 az elm\u00falt h\u00e1rom szezont t\u00f6lt\u00f6tte a ZTE-n\u00e9l \u2013 az els\u0151t m\u00e9g az MTK&hellip;\n","protected":false},"author":2,"featured_media":161332,"comment_status":"","ping_status":"","sticky":false,"template":"","format":"standard","meta":{"footnotes":"","_share_on_mastodon":"0"},"categories":[14],"tags":[1031,378,44,42,40,43,1067,41,46909,45,131,46910,471,1744],"class_list":["post-161331","post","type-post","status-publish","format-standard","has-post-thumbnail","category-sport","tag-atigazolas","tag-foci","tag-hu","tag-hungarian","tag-hungary","tag-magyar","tag-magyar-foci","tag-magyarorszag","tag-qarabag","tag-sport","tag-sports","tag-varkonyi-bence","tag-zalaegerszeg","tag-zte"],"share_on_mastodon":{"url":"https:\/\/pubeurope.com\/@hu\/116861585535133131","error":""},"_links":{"self":[{"href":"https:\/\/www.europesays.com\/hu\/wp-json\/wp\/v2\/posts\/161331","targetHints":{"allow":["GET"]}}],"collection":[{"href":"https:\/\/www.europesays.com\/hu\/wp-json\/wp\/v2\/posts"}],"about":[{"href":"https:\/\/www.europesays.com\/hu\/wp-json\/wp\/v2\/types\/post"}],"author":[{"embeddable":true,"href":"https:\/\/www.europesays.com\/hu\/wp-json\/wp\/v2\/users\/2"}],"replies":[{"embeddable":true,"href":"https:\/\/www.europesays.com\/hu\/wp-json\/wp\/v2\/comments?post=161331"}],"version-history":[{"count":0,"href":"https:\/\/www.europesays.com\/hu\/wp-json\/wp\/v2\/posts\/161331\/revisions"}],"wp:featuredmedia":[{"embeddable":true,"href":"https:\/\/www.europesays.com\/hu\/wp-json\/wp\/v2\/media\/161332"}],"wp:attachment":[{"href":"https:\/\/www.europesays.com\/hu\/wp-json\/wp\/v2\/media?parent=161331"}],"wp:term":[{"taxonomy":"category","embeddable":true,"href":"https:\/\/www.europesays.com\/hu\/wp-json\/wp\/v2\/categories?post=161331"},{"taxonomy":"post_tag","embeddable":true,"href":"https:\/\/www.europesays.com\/hu\/wp-json\/wp\/v2\/tags?post=161331"}],"curies":[{"name":"wp","href":"https:\/\/api.w.org\/{rel}","templated":true}]}}