{"id":161536,"date":"2026-07-04T16:22:10","date_gmt":"2026-07-04T16:22:10","guid":{"rendered":"https:\/\/www.europesays.com\/hu\/161536\/"},"modified":"2026-07-04T16:22:10","modified_gmt":"2026-07-04T16:22:10","slug":"index-sport-kovesse-a-vilagbajnoksag-legfontosabb-esemenyeit-elo-hirfolyamunkban-11","status":"publish","type":"post","link":"https:\/\/www.europesays.com\/hu\/161536\/","title":{"rendered":"Index &#8211; Sport &#8211; K\u00f6vesse a vil\u00e1gbajnoks\u00e1g legfontosabb esem\u00e9nyeit \u00e9l\u0151 h\u00edrfolyamunkban!"},"content":{"rendered":"<p>Hosszam Hasszan, az egyiptomi labdar\u00fag\u00f3-v\u00e1logatott sz\u00f6vets\u00e9gi kapit\u00e1nya szerint kulcsfontoss\u00e1g\u00fa volt, hogy a j\u00e1t\u00e9kosai az ausztr\u00e1lok elleni 11-es p\u00e1rbajban kiz\u00e1r\u00f3lag a l\u00f6v\u00e9sre figyeltek, \u00edgy jutottak a vil\u00e1gbajnoks\u00e1g nyolcadd\u00f6nt\u0151j\u00e9be \u2013 \u00edrja az MTI.<\/p>\n<p>Az arlingtoni m\u00e9rk\u0151z\u00e9s ut\u00e1n el\u00e1rulta, arra biztatta j\u00e1t\u00e9kosait, hogy z\u00e1rjanak ki minden zavar\u00f3 t\u00e9nyez\u0151t, \u00e9s kiz\u00e1r\u00f3lag a l\u00f6v\u00e9sre \u00f6sszpontos\u00edtsanak. Az 1\u20131-es d\u00f6ntetlent k\u00f6vet\u0151en Egyiptom 4\u20132-re nyerte a sz\u00e9tl\u00f6v\u00e9st, \u00e9s t\u00f6rt\u00e9nete sor\u00e1n el\u0151sz\u00f6r nyert meccset kies\u00e9ses szakaszban.<\/p>\n<p>\u201eSzerettem volna levenni r\u00f3luk a terhet\u201d \u2013 utalt Hasszan arra a szenved\u00e9lyes besz\u00e9dre, amelyet a hosszabb\u00edt\u00e1s v\u00e9g\u00e9n, a k\u00f6r\u00e9je gy\u0171l\u0151 j\u00e1t\u00e9kosoknak tartott a 11\u2013es csata el\u0151tt.<\/p>\n<p>Azt mondtam nekik: ne hagyj\u00e1tok, hogy legy\u0151zz\u00f6n titeket a nyom\u00e1s! Ne is gondoljatok a nyom\u00e1sra! Ne n\u00e9zel\u0151djetek, \u00e9s ne t\u00f6prengjetek azon, mit kellene tenni. Egyszer\u0171en csak z\u00e1rjatok ki mindent! Engedjetek ki mindent magatokb\u00f3l, \u00e9s ne gondoljatok semmi m\u00e1sra. Csak a saj\u00e1t b\u00fcntet\u0151t\u00f6kre koncentr\u00e1ljatok! M\u00e9g a kapusra se gondoljatok, csak a l\u00f6v\u00e9sre!<\/p>\n<p>A rutinos szakvezet\u0151 hozz\u00e1tette: \u201eedz\u0151k\u00e9nt \u00e9s kor\u00e1bbi j\u00e1t\u00e9kosk\u00e9nt tudom, mekkora a nyom\u00e1s. Ilyenkor mindenre gondolnak: a szurkol\u00f3kra, a zajra, mindenre\u201d.<\/p>\n<p>Kolleg\u00e1ja, Tony Popovic azt szeretn\u00e9, ha az ausztr\u00e1l v\u00e1logatott miel\u0151bb nagyobb tekint\u00e9lyt v\u00edvna ki a j\u00e1t\u00e9kvezet\u0151k \u00e9s a hivatalos szem\u00e9lyek k\u00f6r\u00e9ben. Szerinte t\u00f6bb kulcsfontoss\u00e1g\u00fa \u00edt\u00e9let is csapata ellen sz\u00fcletett.<\/p>\n<p>\u201eJ\u00f3 \u00faton haladunk efel\u00e9, mik\u00f6zben tudjuk, hogy ezt ki kell \u00e9rdemeln\u00fcnk. Ezen csak \u00fagy v\u00e1ltoztathatunk, ha gyakrabban m\u00e9rj\u00fck \u00f6ssze tud\u00e1sunkat az elittel a nagy torn\u00e1kon. Rem\u00e9lem, m\u00e1r a k\u00f6vetkez\u0151 \u00c1zsia\u2013kup\u00e1n el\u0151rel\u00e9phet\u00fcnk. Azt\u00e1n a n\u00e9gy \u00e9v m\u00falva sorra ker\u00fcl\u0151 vb\u2013n m\u00e1r nagyobb c\u00e9lokat t\u0171zhet\u00fcnk ki, \u00e9s magasabbak lehetnek az elv\u00e1r\u00e1sok is, ugyanakkor tudjuk, hogy a vb-kijut\u00e1s sem egyszer\u0171 feladat\u201d \u2013 fogalmazott Popovic kiemelve, hogy nagyon fiatal csapattal \u00e1lltak ki Egyiptom ellen.<\/p>\n<p>A hatodik vb-j\u00e9n szerepelt Ausztr\u00e1lia harmadszor l\u00e9pett tov\u00e1bb a csoportk\u00f6rb\u0151l, de v\u00e1ltozatlanul nyeretlen az egyenes kies\u00e9ses szakaszban.<\/p>\n<p>Az egyiptomiak a legjobb 16 k\u00f6z\u00f6tt a vb-\u00fajonc Z\u00f6ld-foki K\u00f6zt\u00e1rsas\u00e1got dr\u00e1mai csat\u00e1ban legy\u0151z\u0151 c\u00edmv\u00e9d\u0151 Argent\u00edn\u00e1val j\u00e1tszanak majd kedden Atlant\u00e1ban.<\/p>\n","protected":false},"excerpt":{"rendered":"Hosszam Hasszan, az egyiptomi labdar\u00fag\u00f3-v\u00e1logatott sz\u00f6vets\u00e9gi kapit\u00e1nya szerint kulcsfontoss\u00e1g\u00fa volt, hogy a j\u00e1t\u00e9kosai az ausztr\u00e1lok elleni 11-es p\u00e1rbajban&hellip;\n","protected":false},"author":2,"featured_media":161537,"comment_status":"","ping_status":"","sticky":false,"template":"","format":"standard","meta":{"footnotes":"","_share_on_mastodon":"0"},"categories":[14],"tags":[16812,1399,24069,18361,44,42,40,1889,502,43,41,5518,14944,41674,45,131,4411,4710],"class_list":["post-161536","post","type-post","status-publish","format-standard","has-post-thumbnail","category-sport","tag-francia-valogatott","tag-franciaorszag","tag-futball-vb","tag-futball-vb-2026","tag-hu","tag-hungarian","tag-hungary","tag-kanada","tag-labdarugas","tag-magyar","tag-magyarorszag","tag-marokko","tag-paraguay","tag-psvilagbajnoksag2026","tag-sport","tag-sports","tag-vb-2026","tag-vilagbajnoksag"],"share_on_mastodon":{"url":"https:\/\/pubeurope.com\/@hu\/116862631434706967","error":""},"_links":{"self":[{"href":"https:\/\/www.europesays.com\/hu\/wp-json\/wp\/v2\/posts\/161536","targetHints":{"allow":["GET"]}}],"collection":[{"href":"https:\/\/www.europesays.com\/hu\/wp-json\/wp\/v2\/posts"}],"about":[{"href":"https:\/\/www.europesays.com\/hu\/wp-json\/wp\/v2\/types\/post"}],"author":[{"embeddable":true,"href":"https:\/\/www.europesays.com\/hu\/wp-json\/wp\/v2\/users\/2"}],"replies":[{"embeddable":true,"href":"https:\/\/www.europesays.com\/hu\/wp-json\/wp\/v2\/comments?post=161536"}],"version-history":[{"count":0,"href":"https:\/\/www.europesays.com\/hu\/wp-json\/wp\/v2\/posts\/161536\/revisions"}],"wp:featuredmedia":[{"embeddable":true,"href":"https:\/\/www.europesays.com\/hu\/wp-json\/wp\/v2\/media\/161537"}],"wp:attachment":[{"href":"https:\/\/www.europesays.com\/hu\/wp-json\/wp\/v2\/media?parent=161536"}],"wp:term":[{"taxonomy":"category","embeddable":true,"href":"https:\/\/www.europesays.com\/hu\/wp-json\/wp\/v2\/categories?post=161536"},{"taxonomy":"post_tag","embeddable":true,"href":"https:\/\/www.europesays.com\/hu\/wp-json\/wp\/v2\/tags?post=161536"}],"curies":[{"name":"wp","href":"https:\/\/api.w.org\/{rel}","templated":true}]}}