{"id":162298,"date":"2026-07-05T12:31:11","date_gmt":"2026-07-05T12:31:11","guid":{"rendered":"https:\/\/www.europesays.com\/hu\/162298\/"},"modified":"2026-07-05T12:31:11","modified_gmt":"2026-07-05T12:31:11","slug":"index-belfold-bodis-kriszta-igazsagtalan-hogy-jozsefvaros-viszi-el-a-bukott-orban-rezsim-buneibol-fakado-romlast","status":"publish","type":"post","link":"https:\/\/www.europesays.com\/hu\/162298\/","title":{"rendered":"Index &#8211; Belf\u00f6ld &#8211; B\u00f3dis Kriszta: Igazs\u00e1gtalan, hogy J\u00f3zsefv\u00e1ros viszi el a bukott Orb\u00e1n-rezsim b\u0171neib\u0151l fakad\u00f3 roml\u00e1st"},"content":{"rendered":"<p>\u201eIgazs\u00e1gtalan, hogy Budapesten J\u00f3zsefv\u00e1ros viszi el a bukott Orb\u00e1n rezsim b\u0171neib\u0151l \u00e9s mulaszt\u00e1saib\u00f3l fakad\u00f3 brut\u00e1lis k\u00f6zbiztons\u00e1g-roml\u00e1st\u201d \u2013 fogalmazott az egyeztet\u00e9sr\u0151l sz\u00f3l\u00f3 <a href=\"https:\/\/www.facebook.com\/bodiskrisztaofficial\/posts\/pfbid031kH1aD9kePdH78mAjdbYs2VW3AddnanqmtW55VeaR1eQEfjsPkySCavqQ6snJhPel\" id=\"hyperlink_1b907909d363f59f5fec41d3d3d66b00\" rel=\"nofollow noopener\" target=\"_blank\">posztj\u00e1ban<\/a> a k\u00e9pvisel\u0151, aki szerint a jelenlegi helyzet hossz\u00fa \u00e9vek alatt alakult ki, \u00e9s s\u00falyos szakpolitikai mulaszt\u00e1sok k\u00eds\u00e9rt\u00e9k.<\/p>\n<p>Szerinte az ut\u00f3bbi \u00e9vek probl\u00e9m\u00e1i ezek voltak:<\/p>\n<p>                        egy \u00e9ve meghirdetett, \u201esoha nem l\u00e1tott\u201d k\u00e1b\u00edt\u00f3szer-ellenes akci\u00f3, amelynek eredm\u00e9nyei ma sem l\u00e1that\u00f3k;<br \/>\n                        az Eur\u00f3pa legszigor\u00fabb drogt\u00f6rv\u00e9nyek\u00e9nt hirdetett szab\u00e1lyoz\u00e1s, mik\u00f6zben a k\u00f6zt\u00e9ri droghaszn\u00e1lat \u00e9s a terjeszt\u0151i h\u00e1l\u00f3zatok probl\u00e9m\u00e1ja tov\u00e1bb s\u00falyosbodott;<br \/>\n                        \u00e9vek \u00f3ta nincs korszer\u0171, \u00e1tfog\u00f3 nemzeti drogstrat\u00e9gia;<br \/>\n                        jelent\u0151sen meggyeng\u00fclt az addiktol\u00f3giai \u00e9s pszichi\u00e1triai ell\u00e1t\u00f3rendszer;<br \/>\n                        visszaszorultak a prevenci\u00f3s, \u00e1rtalomcs\u00f6kkent\u0151 \u00e9s rehabilit\u00e1ci\u00f3s programok, valamint sz\u00e1mos civil \u00e9s szakmai szerepl\u0151 mozg\u00e1stere besz\u0171k\u00fclt.<\/p>\n<p>\u201eEzeket a probl\u00e9m\u00e1kat nem az elm\u00falt n\u00e9h\u00e1ny h\u00e9t hozta l\u00e9tre, ez\u00e9rt a megold\u00e1suk sem lehet egyik napr\u00f3l a m\u00e1sikra lehets\u00e9ges\u201d \u2013 sz\u00f6gezte le B\u00f3dis Kriszta.<\/p>\n<p>                        Pik\u00f3 Andr\u00e1ssal t\u00e1rgyaltak, megvan a k\u00f6vetkez\u0151 l\u00e9p\u00e9s<\/p>\n<p>A k\u00e9pvisel\u0151 kijelentette: azon dolgoznak, hogyan lehet v\u00e9gre a rend\u00e9szeti, eg\u00e9szs\u00e9g\u00fcgyi, szoci\u00e1lis \u00e9s \u00f6nkorm\u00e1nyzati szerepl\u0151k egy\u00fcttm\u0171k\u00f6d\u00e9s\u00e9re \u00e9p\u00edtve val\u00f3di, hossz\u00fa t\u00e1v\u00fa megold\u00e1sokat kialak\u00edtani.<\/p>\n<p>Hozz\u00e1tette: Pik\u00f3 Andr\u00e1s polg\u00e1rmesterrel nem el\u0151sz\u00f6r besz\u00e9ltek arr\u00f3l, hogy a kor\u00e1bbi k\u00e9pvisel\u0151, J\u00e1mbor Andr\u00e1s javaslatait mi\u00e9rt is nem t\u0171zt\u00e9k napirendre, \u00e9s mi\u00e9rt vetett\u00e9k el azokat a parlamenti javaslatokat, amelyek t\u00f6bbletforr\u00e1st biztos\u00edtottak volna a rend\u0151rs\u00e9gnek, a szoci\u00e1lis \u00e9s eg\u00e9szs\u00e9g\u00fcgyi ell\u00e1t\u00e1snak, valamint a drogprevenci\u00f3nak. Arr\u00f3l sem el\u0151sz\u00f6r esett sz\u00f3, hogy mi t\u00f6rt\u00e9nt azokkal a helyi rend\u0151ri egys\u00e9gekkel, amelyek kor\u00e1bban eredm\u00e9nyesen l\u00e9ptek fel a k\u00e1b\u00edt\u00f3szer-kereskedelem ellen.<\/p>\n<p>A helyi Tisza-szigetek munkacsoportjaival \u00e9s a ker\u00fcletben \u00e9l\u0151k tapasztalatait, bejelent\u00e9seit \u00f6sszegy\u0171jtve felm\u00e9r\u00e9seket v\u00e9gz\u00fcnk a lakoss\u00e1g k\u00f6r\u00e9ben, felm\u00e9rj\u00fck az ell\u00e1t\u00f3rendszerek m\u0171k\u00f6d\u00e9s\u00e9t, a rend\u00e9szet, a rend\u0151rs\u00e9g \u00e9s a k\u00f6ztisztas\u00e1gi feladatokat ell\u00e1t\u00f3k helyzet\u00e9t, \u00e1ttekintj\u00fck a vonatkoz\u00f3 jogszab\u00e1lyokat, \u00e9s az \u00f6nkorm\u00e1nyzattal is egyeztet\u00fcnk azokr\u00f3l a hat\u00e1sk\u00f6ri k\u00e9rd\u00e9sekr\u0151l, amelyekben nagyobb mozg\u00e1st\u00e9rrel hat\u00e9konyabban tudn\u00e1nak fell\u00e9pni<\/p>\n<p>\u2013 sz\u00e1molt be B\u00f3dis Kriszta.<\/p>\n<p>\u201eAz egyeztet\u00e9seken p\u00e9ld\u00e1ul felmer\u00fclt az is, hogy ha a trafikok m\u0171k\u00f6d\u00e9s\u00e9nek egyes szab\u00e1lyoz\u00e1si hat\u00e1sk\u00f6rei ism\u00e9t az \u00f6nkorm\u00e1nyzatokhoz ker\u00fcln\u00e9nek, hat\u00e9konyabban lehetne fell\u00e9pni az elkocsm\u00e1sod\u00e1s \u00e9s az esetlegesen kialakul\u00f3 drogeloszt\u00f3 helyek ellen\u201d \u2013 \u00edrta a k\u00e9pvisel\u0151, majd azzal z\u00e1rta bejegyz\u00e9s\u00e9t: \u201eA lakoss\u00e1g, a szakemberek \u00e9s a hivatalok javaslatait \u00f6sszes\u00edtj\u00fck, \u00e9s ezek alapj\u00e1n fogunk jogszab\u00e1ly-m\u00f3dos\u00edt\u00e1sokra, illetve hat\u00e1sk\u00f6ri v\u00e1ltoztat\u00e1sokra vonatkoz\u00f3 el\u0151terjeszt\u00e9seket k\u00e9sz\u00edteni, hogy a helyiek nagyobb lehet\u0151s\u00e9gekkel l\u00e9pjenek fel a k\u00f6zbiztons\u00e1g \u00e9rdek\u00e9ben.\u201d<\/p>\n<p>\n                          (Bor\u00edt\u00f3k\u00e9p: B\u00f3dis Kriszta\u00a02025. j\u00falius 12-\u00e9n. Fot\u00f3:\u00a0Szoll\u00e1r Zs\u00f3fi \/ Index)\n                        <\/p>\n<p><a href=\"https:\/\/dex.hu\/x.php?id=googlepref_desktop&amp;url=https:\/\/google.com\/preferences\/source?q=https:\/\/index.hu\" class=\"google-pref-banner \" id=\"googlePrefBanner\" rel=\"nofollow noopener\" target=\"_blank\"><\/p>\n<p>    Itt \u00e1ll\u00edtsa be, hogy az Index az els\u0151k k\u00f6z\u00f6tt legyen a Google-tal\u00e1latokban!<\/p>\n<p><\/a><\/p>\n<p>                <a href=\"https:\/\/konyvek.index.hu\/\" target=\"_blank\" rel=\"nofollow noopener\"><br \/>\n                <img decoding=\"async\" src=\"https:\/\/index.hu\/assets\/images\/konyvajanlo\/book_indapress\/book_indapress_logo.svg\" loading=\"lazy\" alt=\"Inda Press Kiad\u00f3\"\/><br \/>\n                <\/a><\/p>\n<p>                <img decoding=\"async\" src=\"https:\/\/www.europesays.com\/hu\/wp-content\/uploads\/2026\/07\/1783254669_243_budapest.png\" loading=\"lazy\" alt=\"23 \u2013 Nagy budapesti ker\u00fclethat\u00e1roz\u00f3\"\/><\/p>\n<p>Izgalmas t\u00f6rt\u00e9netek, rejtett kincsek, \u00e9rdekes \u00e9p\u00fcletek &#8211; nem csak budapestieknek.<\/p>\n<p>                <a class=\"book_index_btn\" href=\"https:\/\/indexadhu.hit.gemius.pl\/hitredir?id=nSCbubuYpDWJZLZs0TssLrbt33Lk5kbipuiZrkg89G3.g7&amp;stparam=yoojcxjrby&amp;fastid=maqqjzmjjiorpyjhphrcutrnpkmz&amp;nc=0&amp;url=https:\/\/www.indapresskiado.hu\/products\/23-nagy-budapesti-ker-hat\" target=\"_blank\" rel=\"nofollow noopener\">MEGVESZEM<\/a><\/p>\n<p>    <img decoding=\"async\" src=\"https:\/\/www.europesays.com\/hu\/wp-content\/uploads\/2026\/07\/1783254670_742_redot.gif\"\/><\/p>\n<p>    <img decoding=\"async\" src=\"https:\/\/index.hu\/assets\/images\/social-follow\/logo-big.svg\" alt=\"Index.hu logo\"\/><\/p>\n<p>K\u00f6vesse az Indexet Facebookon is!<\/p>\n<p>    <a href=\"https:\/\/facebook.com\/Indexhu\" target=\"_blank\" rel=\"nofollow noopener\"><\/p>\n<p>        K\u00f6vetem!<br \/>\n    <\/a><\/p>\n","protected":false},"excerpt":{"rendered":"\u201eIgazs\u00e1gtalan, hogy Budapesten J\u00f3zsefv\u00e1ros viszi el a bukott Orb\u00e1n rezsim b\u0171neib\u0151l \u00e9s mulaszt\u00e1saib\u00f3l fakad\u00f3 brut\u00e1lis k\u00f6zbiztons\u00e1g-roml\u00e1st\u201d \u2013 fogalmazott&hellip;\n","protected":false},"author":2,"featured_media":162299,"comment_status":"","ping_status":"","sticky":false,"template":"","format":"standard","meta":{"footnotes":"","_share_on_mastodon":"0"},"categories":[6],"tags":[80,12695,73,44,42,40,5615,71,27563,43,41],"class_list":["post-162298","post","type-post","status-publish","format-standard","has-post-thumbnail","category-magyarorszag","tag-belfold","tag-bodis-kriszta","tag-budapest","tag-hu","tag-hungarian","tag-hungary","tag-jozsefvaros","tag-kabitoszer-kereskedelem","tag-kozbiztonsag","tag-magyar","tag-magyarorszag"],"share_on_mastodon":{"url":"https:\/\/pubeurope.com\/@hu\/116867385903184390","error":""},"_links":{"self":[{"href":"https:\/\/www.europesays.com\/hu\/wp-json\/wp\/v2\/posts\/162298","targetHints":{"allow":["GET"]}}],"collection":[{"href":"https:\/\/www.europesays.com\/hu\/wp-json\/wp\/v2\/posts"}],"about":[{"href":"https:\/\/www.europesays.com\/hu\/wp-json\/wp\/v2\/types\/post"}],"author":[{"embeddable":true,"href":"https:\/\/www.europesays.com\/hu\/wp-json\/wp\/v2\/users\/2"}],"replies":[{"embeddable":true,"href":"https:\/\/www.europesays.com\/hu\/wp-json\/wp\/v2\/comments?post=162298"}],"version-history":[{"count":0,"href":"https:\/\/www.europesays.com\/hu\/wp-json\/wp\/v2\/posts\/162298\/revisions"}],"wp:featuredmedia":[{"embeddable":true,"href":"https:\/\/www.europesays.com\/hu\/wp-json\/wp\/v2\/media\/162299"}],"wp:attachment":[{"href":"https:\/\/www.europesays.com\/hu\/wp-json\/wp\/v2\/media?parent=162298"}],"wp:term":[{"taxonomy":"category","embeddable":true,"href":"https:\/\/www.europesays.com\/hu\/wp-json\/wp\/v2\/categories?post=162298"},{"taxonomy":"post_tag","embeddable":true,"href":"https:\/\/www.europesays.com\/hu\/wp-json\/wp\/v2\/tags?post=162298"}],"curies":[{"name":"wp","href":"https:\/\/api.w.org\/{rel}","templated":true}]}}