{"id":162577,"date":"2026-07-05T17:39:06","date_gmt":"2026-07-05T17:39:06","guid":{"rendered":"https:\/\/www.europesays.com\/hu\/162577\/"},"modified":"2026-07-05T17:39:06","modified_gmt":"2026-07-05T17:39:06","slug":"index-belfold-piko-andras-szerint-baj-van-tobb-rendort-kert-jozsefvarosba","status":"publish","type":"post","link":"https:\/\/www.europesays.com\/hu\/162577\/","title":{"rendered":"Index &#8211; Belf\u00f6ld &#8211; Pik\u00f3 Andr\u00e1s szerint baj van, t\u00f6bb rend\u0151rt k\u00e9rt J\u00f3zsefv\u00e1rosba"},"content":{"rendered":"<p>A j\u00f3zsefv\u00e1rosi polg\u00e1rmester\u00a0<a href=\"https:\/\/index.hu\/belfold\/2026\/07\/05\/bodis-kriszta-jozsefvaros-orban-viktor-fidesz-budapest-kozbiztonsag-kabitoszer-kereskedelem\/\" id=\"hyperlink_6942a533b68d5f936a3aa56fa4c77ff9\" target=\"_blank\" title=\"B\u00f3dis Kriszta: Igazs\u00e1gtalan, hogy J\u00f3zsefv\u00e1ros viszi el a bukott Orb\u00e1n-rezsim b\u0171neib\u0151l fakad\u00f3 roml\u00e1st\" rel=\"nofollow noopener\">a napokban egyeztetett B\u00f3dis Kriszta\u00a0<\/a>nemzeti t\u00e1rsadalompolitikai strat\u00e9gi\u00e1\u00e9rt felel\u0151s korm\u00e1nybiztossal, aki egyben\u00a0Budapest 2. v\u00e1laszt\u00f3ker\u00fclet k\u00e9pvisel\u0151je is. B\u00f3dis Kriszta ezut\u00e1n kijelentette:\u00a0azon dolgoznak, hogyan lehet v\u00e9gre a rend\u00e9szeti, eg\u00e9szs\u00e9g\u00fcgyi, szoci\u00e1lis \u00e9s \u00f6nkorm\u00e1nyzati szerepl\u0151k egy\u00fcttm\u0171k\u00f6d\u00e9s\u00e9re \u00e9p\u00edtve val\u00f3di, hossz\u00fa t\u00e1v\u00fa megold\u00e1sokat kialak\u00edtani.\u00a0A korm\u00e1nybiztossal \u00e9s civilekkel val\u00f3 egyeztet\u00e9s ut\u00e1n Pik\u00f3 Andr\u00e1s j\u00f6v\u0151 h\u00e9ten a budapesti f\u0151kapit\u00e1nnyal tal\u00e1lkozik.<\/p>\n<p>\u201eAz \u00f6nkorm\u00e1nyzatn\u00e1l l\u00e1tjuk a k\u00f6zbiztons\u00e1g helyzet\u00e9nek roml\u00e1s\u00e1t. Most tapasztaljuk meg azokat a k\u00f6vetkezm\u00e9nyeket, amiket az elm\u00falt m\u00e1sf\u00e9l \u00e9vtized korm\u00e1nyzati drogpolitik\u00e1j\u00e1nak tot\u00e1lis cs\u0151dje okozott \u2013\u00a0kezdte <a href=\"https:\/\/www.facebook.com\/watch\/?v=816172778128625\" id=\"hyperlink_fe225d6861de6ec94688c64c06d70b83\" rel=\"nofollow noopener\" target=\"_blank\">bejegyz\u00e9s\u00e9t<\/a> a polg\u00e1rmester, aki kiemelte:<\/p>\n<p>Nemcsak itt a ker\u00fcletben van baj, hanem eg\u00e9sz Budapesten, s\u0151t orsz\u00e1gosan is.<\/p>\n<p>Pik\u00f3 Andr\u00e1s kijelentette: \u201eaz \u00f6nkorm\u00e1nyzat er\u0151n fel\u00fcl megtesz mindent a helyzet kezel\u00e9se \u00e9rdek\u00e9ben. Budapest \u00faj f\u0151kapit\u00e1ny\u00e1t\u00f3l azonnali seg\u00edts\u00e9get, t\u00f6bb rend\u0151rt k\u00e9r\u00fcnk J\u00f3zsefv\u00e1rosba \u00e1ltal\u00e1ban \u00e9s k\u00fcl\u00f6n a ki\u00fcr\u00fcl\u0151 Di\u00f3szegi utcai h\u00e1zak k\u00f6rny\u00e9k\u00e9n v\u00e1rhat\u00f3an el\u0151\u00e1ll\u00f3 k\u00f6zbiztons\u00e1gi helyzet kezel\u00e9s\u00e9hez. Folytatjuk a rend\u0151rs\u00e9g t\u00e1mogat\u00e1s\u00e1t \u00e9s az egy\u00fcttm\u0171k\u00f6d\u00e9st a kiemelt ellen\u0151rz\u00e9sek \u00e9s a k\u00f6z\u00f6s j\u00e1r\u0151r\u00f6z\u00e9sek ter\u00e9n\u201d.<\/p>\n<p>                        A korm\u00e1ny seg\u00edts\u00e9g\u00e9ben is b\u00edzik a polg\u00e1rmester<\/p>\n<p>\u201eA korm\u00e1nynak javasoljuk a f\u0151v\u00e1rosi rend\u0151r\u00f6k sz\u00e1m\u00e1ra a Budapest-p\u00f3tl\u00e9k bevezet\u00e9s\u00e9t, \u00e9s \u00fajra kezdem\u00e9nyezz\u00fck a rendv\u00e9delmi probl\u00e9m\u00e1kat is okoz\u00f3 doh\u00e1nyboltok nyitvatart\u00e1s\u00e1nak helyi szab\u00e1lyoz\u00e1s\u00e1t is\u201d \u2013 k\u00f6z\u00f6lte J\u00f3zsefv\u00e1ros polg\u00e1rmestere, aki hozz\u00e1tette: \u201eB\u00edzunk abban, hogy az \u00faj korm\u00e1nnyal partneri egy\u00fcttm\u0171k\u00f6d\u00e9st tudunk kialak\u00edtani ezen a t\u00e9ren. Az\u00e9rt dolgozunk, hogy a j\u00f3zsefv\u00e1rosiak biztons\u00e1gban \u00e9rezhess\u00e9k magukat\u201d.<\/p>\n<p>                        Sok megbesz\u00e9lnival\u00f3juk lesz a rend\u0151rf\u0151kapit\u00e1nnyal<\/p>\n<p>A polg\u00e1rmester egy vide\u00f3t is k\u00f6zz\u00e9tett a tal\u00e1lkoz\u00f3 bejelent\u00e9s\u00e9r\u0151l sz\u00f3l\u00f3 posztj\u00e1ban, amelyben elmondta: sok mindenr\u0151l kell majd besz\u00e9lni\u00fck az <a href=\"https:\/\/index.hu\/belfold\/2026\/06\/03\/posfai-gabor-belugyminiszter-budapest-rendor-fokapitanysag-vezeto-felmentes-terdik-tamas-kinevezes-baricska-norbert\/\" id=\"hyperlink_3564aa7b272989f557a19781df5cbdd9\" target=\"_blank\" title=\"Menesztette a Budapesti Rend\u0151r-f\u0151kapit\u00e1nys\u00e1g vezet\u0151j\u00e9t a bel\u00fcgyminiszter\" rel=\"nofollow noopener\">\u00faj budapesti rend\u0151rf\u0151kapit\u00e1nnyal<\/a>.<\/p>\n<p>El\u0151sz\u00f6r is arr\u00f3l, hogy legyen J\u00f3zsefv\u00e1rosnak valamifajta azonnali seg\u00edts\u00e9g, hogy a helyzetet tudjuk kezelni. M\u00e1sr\u00e9szt f\u00f6l kell h\u00edvnunk a figyelmet arra, hogy a Di\u00f3szegi utcai k\u00f6lt\u00f6z\u00e9sek v\u00e9g\u00e9n ott j\u00f3 n\u00e9h\u00e1ny olyan elhagyatott h\u00e1z lesz, amelyek biztosan k\u00f6zbiztons\u00e1gi probl\u00e9m\u00e1t jelentenek<\/p>\n<p>\u2013 mondta Pik\u00f3 Andr\u00e1s, aki szerint ezek mellett foglalkozniuk kell majd a rend\u0151rs\u00e9g \u00e9s a magyar k\u00f6zbiztons\u00e1g \u00e1ltal\u00e1nos \u00e1llapot\u00e1val is. \u00dagy v\u00e9lekedett, hogy a helyzet\u00a0megoldhatatlan a budapesti rend\u0151r\u00f6k fizet\u00e9semel\u00e9se n\u00e9lk\u00fcl. A Budapest-p\u00f3tl\u00e9knak nevezett juttat\u00e1st elmond\u00e1sa szerint S\u00e1tly Bal\u00e1zs j\u00f3zsefv\u00e1rosi alpolg\u00e1rmester \u00e9s m\u00e1sok is javasolj\u00e1k, p\u00e9ld\u00e1ul Soproni Tam\u00e1s VI. ker\u00fcleti polg\u00e1rmester, ugyanakkor ez is megval\u00f3s\u00edthatatlan korm\u00e1nyzati t\u00e1mogat\u00e1s n\u00e9lk\u00fcl.<\/p>\n<p>\n                          (Bor\u00edt\u00f3k\u00e9p:\u00a0Pik\u00f3 Andr\u00e1s 2024. m\u00e1rcius 25-\u00e9n. Fot\u00f3:\u00a0Papajcsik P\u00e9ter \/ Index)\n                        <\/p>\n<p><a href=\"https:\/\/dex.hu\/x.php?id=googlepref_desktop&amp;url=https:\/\/google.com\/preferences\/source?q=https:\/\/index.hu\" class=\"google-pref-banner \" id=\"googlePrefBanner\" rel=\"nofollow noopener\" target=\"_blank\"><\/p>\n<p>    Itt \u00e1ll\u00edtsa be, hogy az Index az els\u0151k k\u00f6z\u00f6tt legyen a Google-tal\u00e1latokban!<\/p>\n<p><\/a><\/p>\n<p>    <img decoding=\"async\" src=\"https:\/\/index.hu\/assets\/images\/social-follow\/logo-big.svg\" alt=\"Index.hu logo\"\/><\/p>\n<p>K\u00f6vesse az Indexet Facebookon is!<\/p>\n<p>    <a href=\"https:\/\/facebook.com\/Indexhu\" target=\"_blank\" rel=\"nofollow noopener\"><\/p>\n<p>        K\u00f6vetem!<br \/>\n    <\/a><\/p>\n","protected":false},"excerpt":{"rendered":"A j\u00f3zsefv\u00e1rosi polg\u00e1rmester\u00a0a napokban egyeztetett B\u00f3dis Kriszta\u00a0nemzeti t\u00e1rsadalompolitikai strat\u00e9gi\u00e1\u00e9rt felel\u0151s korm\u00e1nybiztossal, aki egyben\u00a0Budapest 2. v\u00e1laszt\u00f3ker\u00fclet k\u00e9pvisel\u0151je is. B\u00f3dis&hellip;\n","protected":false},"author":2,"featured_media":162578,"comment_status":"","ping_status":"","sticky":false,"template":"","format":"standard","meta":{"footnotes":"","_share_on_mastodon":"0"},"categories":[6],"tags":[80,12695,44,42,40,5615,71,27563,43,41,25695],"class_list":["post-162577","post","type-post","status-publish","format-standard","has-post-thumbnail","category-magyarorszag","tag-belfold","tag-bodis-kriszta","tag-hu","tag-hungarian","tag-hungary","tag-jozsefvaros","tag-kabitoszer-kereskedelem","tag-kozbiztonsag","tag-magyar","tag-magyarorszag","tag-piko-andras"],"share_on_mastodon":{"url":"https:\/\/pubeurope.com\/@hu\/116868596864645811","error":""},"_links":{"self":[{"href":"https:\/\/www.europesays.com\/hu\/wp-json\/wp\/v2\/posts\/162577","targetHints":{"allow":["GET"]}}],"collection":[{"href":"https:\/\/www.europesays.com\/hu\/wp-json\/wp\/v2\/posts"}],"about":[{"href":"https:\/\/www.europesays.com\/hu\/wp-json\/wp\/v2\/types\/post"}],"author":[{"embeddable":true,"href":"https:\/\/www.europesays.com\/hu\/wp-json\/wp\/v2\/users\/2"}],"replies":[{"embeddable":true,"href":"https:\/\/www.europesays.com\/hu\/wp-json\/wp\/v2\/comments?post=162577"}],"version-history":[{"count":0,"href":"https:\/\/www.europesays.com\/hu\/wp-json\/wp\/v2\/posts\/162577\/revisions"}],"wp:featuredmedia":[{"embeddable":true,"href":"https:\/\/www.europesays.com\/hu\/wp-json\/wp\/v2\/media\/162578"}],"wp:attachment":[{"href":"https:\/\/www.europesays.com\/hu\/wp-json\/wp\/v2\/media?parent=162577"}],"wp:term":[{"taxonomy":"category","embeddable":true,"href":"https:\/\/www.europesays.com\/hu\/wp-json\/wp\/v2\/categories?post=162577"},{"taxonomy":"post_tag","embeddable":true,"href":"https:\/\/www.europesays.com\/hu\/wp-json\/wp\/v2\/tags?post=162577"}],"curies":[{"name":"wp","href":"https:\/\/api.w.org\/{rel}","templated":true}]}}