{"id":162644,"date":"2026-07-05T18:44:21","date_gmt":"2026-07-05T18:44:21","guid":{"rendered":"https:\/\/www.europesays.com\/hu\/162644\/"},"modified":"2026-07-05T18:44:21","modified_gmt":"2026-07-05T18:44:21","slug":"index-sport-a-nezok-koze-pattant-a-foldhoz-vagott-utoje-kizartak-a-nemet-teniszezot-wimbledonban-video","status":"publish","type":"post","link":"https:\/\/www.europesays.com\/hu\/162644\/","title":{"rendered":"Index &#8211; Sport &#8211; A n\u00e9z\u0151k k\u00f6z\u00e9 pattant a f\u00f6ldh\u00f6z v\u00e1gott \u00fct\u0151je, kiz\u00e1rt\u00e1k a n\u00e9met teniszez\u0151t Wimbledonban \u2013 vide\u00f3!"},"content":{"rendered":"<p>                <a href=\"https:\/\/index.hu\/szerzo\/borbely_laszlo\" rel=\"nofollow noopener\" target=\"_blank\"><br \/>\n                        <img decoding=\"async\" class=\"szerzo-kep\" src=\"https:\/\/www.europesays.com\/hu\/wp-content\/uploads\/2026\/07\/1783074252_491_36250517_2770519_39ff35a56125eb86cdcab5b48845ab2f_wm.png\" alt=\"- bl\u00e1 -\"\/><br \/>\n                <\/a><\/p>\n<p>\n                \u00dct\u0151dob\u00e1l\u00e1s\u00e9rt kiz\u00e1rt\u00e1k a wimbledoni teniszbajnoks\u00e1g juniorverseny\u00e9b\u0151l a n\u00e9met Ida Wobkert \u2013 adta h\u00edr\u00fcl az MTI.            <\/p>\n<p>A 15 \u00e9ves j\u00e1t\u00e9kos az els\u0151 szettet 6:0-ra elvesztette a rom\u00e1n Maria Valentina Pop ellen, majd a m\u00e1sodik szett 5:5-re \u00e1llt, amikor egy elrontott fon\u00e1kot k\u00f6vet\u0151en Wobker d\u00fch\u00e9ben a f\u00f6ldh\u00f6z v\u00e1gta az \u00fct\u0151j\u00e9t, amely a gyepr\u0151l a k\u00f6z\u00f6ns\u00e9g soraiba pattant a 11-es p\u00e1ly\u00e1n. Azt nem tudni, hogy eltal\u00e1lt-e valakit, mindenesetre a n\u00e9z\u0151k visszaadt\u00e1k neki az \u00fct\u0151t.<\/p>\n<p>\n                          Az eset vide\u00f3n!\n                        <\/p>\n<p>A m\u00e9rk\u0151z\u00e9svezet\u0151 hosszas m\u00e9rlegel\u00e9s \u00e9s egyeztet\u00e9s ut\u00e1n bejelentette, hogy sportszer\u0171tlen viselked\u00e9s\u00e9rt lel\u00e9pteti a n\u00e9met teniszez\u0151t.<\/p>\n<p>Mivel a juniorokn\u00e1l nincs p\u00e9nzd\u00edj, Wobker nem kapott p\u00e9nzb\u00fcntet\u00e9st.<\/p>\n<p><a href=\"https:\/\/dex.hu\/x.php?id=googlepref_desktop&amp;url=https:\/\/google.com\/preferences\/source?q=https:\/\/index.hu\" class=\"google-pref-banner \" id=\"googlePrefBanner\" rel=\"nofollow noopener\" target=\"_blank\"><\/p>\n<p>    Itt \u00e1ll\u00edtsa be, hogy az Index az els\u0151k k\u00f6z\u00f6tt legyen a Google-tal\u00e1latokban!<\/p>\n<p><\/a><\/p>\n<p>    <img decoding=\"async\" src=\"https:\/\/index.hu\/assets\/images\/social-follow\/logo-big.svg\" alt=\"Index.hu logo\"\/><\/p>\n<p>K\u00f6vesse az Indexet Facebookon is!<\/p>\n<p>    <a href=\"https:\/\/facebook.com\/Indexhu\" target=\"_blank\" rel=\"nofollow noopener\"><\/p>\n<p>        K\u00f6vetem!<br \/>\n    <\/a><\/p>\n","protected":false},"excerpt":{"rendered":"\u00dct\u0151dob\u00e1l\u00e1s\u00e9rt kiz\u00e1rt\u00e1k a wimbledoni teniszbajnoks\u00e1g juniorverseny\u00e9b\u0151l a n\u00e9met Ida Wobkert \u2013 adta h\u00edr\u00fcl az MTI. A 15 \u00e9ves&hellip;\n","protected":false},"author":2,"featured_media":162645,"comment_status":"","ping_status":"","sticky":false,"template":"","format":"standard","meta":{"footnotes":"","_share_on_mastodon":"0"},"categories":[14],"tags":[48308,44,42,40,48305,2818,43,41,48306,45,131,1124,48307,1064,25491],"class_list":["post-162644","post","type-post","status-publish","format-standard","has-post-thumbnail","category-sport","tag-dobalas","tag-hu","tag-hungarian","tag-hungary","tag-ida-wobker","tag-kizaras","tag-magyar","tag-magyarorszag","tag-maria-valentina-pop","tag-sport","tag-sports","tag-tenisz","tag-teniszuto","tag-video","tag-wimbledon"],"share_on_mastodon":{"url":"https:\/\/pubeurope.com\/@hu\/116868852328891106","error":""},"_links":{"self":[{"href":"https:\/\/www.europesays.com\/hu\/wp-json\/wp\/v2\/posts\/162644","targetHints":{"allow":["GET"]}}],"collection":[{"href":"https:\/\/www.europesays.com\/hu\/wp-json\/wp\/v2\/posts"}],"about":[{"href":"https:\/\/www.europesays.com\/hu\/wp-json\/wp\/v2\/types\/post"}],"author":[{"embeddable":true,"href":"https:\/\/www.europesays.com\/hu\/wp-json\/wp\/v2\/users\/2"}],"replies":[{"embeddable":true,"href":"https:\/\/www.europesays.com\/hu\/wp-json\/wp\/v2\/comments?post=162644"}],"version-history":[{"count":0,"href":"https:\/\/www.europesays.com\/hu\/wp-json\/wp\/v2\/posts\/162644\/revisions"}],"wp:featuredmedia":[{"embeddable":true,"href":"https:\/\/www.europesays.com\/hu\/wp-json\/wp\/v2\/media\/162645"}],"wp:attachment":[{"href":"https:\/\/www.europesays.com\/hu\/wp-json\/wp\/v2\/media?parent=162644"}],"wp:term":[{"taxonomy":"category","embeddable":true,"href":"https:\/\/www.europesays.com\/hu\/wp-json\/wp\/v2\/categories?post=162644"},{"taxonomy":"post_tag","embeddable":true,"href":"https:\/\/www.europesays.com\/hu\/wp-json\/wp\/v2\/tags?post=162644"}],"curies":[{"name":"wp","href":"https:\/\/api.w.org\/{rel}","templated":true}]}}