{"id":163046,"date":"2026-07-06T07:15:18","date_gmt":"2026-07-06T07:15:18","guid":{"rendered":"https:\/\/www.europesays.com\/hu\/163046\/"},"modified":"2026-07-06T07:15:18","modified_gmt":"2026-07-06T07:15:18","slug":"tobb-ezer-flakonos-hajlektalan-drogos-zavart-pszichiatriai-beteg-koszal-budapest-utcain-a-megoldashoz-pedig-nem-lesz-eleg-a-rendorseg","status":"publish","type":"post","link":"https:\/\/www.europesays.com\/hu\/163046\/","title":{"rendered":"T\u00f6bb ezer \u201eflakonos\u201d, hajl\u00e9ktalan, drogos, zavart pszichi\u00e1triai beteg k\u00f3sz\u00e1l Budapest utc\u00e1in, a megold\u00e1shoz pedig nem lesz el\u00e9g a rend\u0151rs\u00e9g"},"content":{"rendered":"<p>Gy\u0151ri P\u00e9ter szociol\u00f3gus a f\u0151v\u00e1rosban utc\u00e1n \u00e9l\u0151 hajl\u00e9ktalanok sz\u00e1m\u00e1t 1000-1500 f\u0151re teszi , k\u00f6zel ezren \u00e9lhetnek z\u00e1rtkerti sufnikban, 300-400-ra tehet\u0151 az utc\u00e1n k\u00f3sz\u00e1l\u00f3 kezeletlen pszichi\u00e1triai betegek sz\u00e1ma, m\u00edg az olcs\u00f3, k\u00f6nny\u0171 drogosok t\u00f6bb ezren lehetnek. Ehhez ad\u00f3dnak a flakonosok, akik szint\u00e9n 3-5 ezer f\u0151s csapatot alkothatnak.<\/p>\n<p>K\u00f6zvetlen a kamera alatt l\u00f6vik magukat a VIII. ker\u00fcleti Szeszgy\u00e1r k\u00f6zben, m\u00e1sok moss\u00e1k minden\u00fcket a szomsz\u00e9dos k\u00f6zt\u00e9r k\u00fatj\u00e1n\u00e1l, mik\u00f6zben az any\u00e1k t\u00e1gra ny\u00edlt szem\u0171 gyerekeikkel v\u00e1gnak \u00e1t a parkon. Akad olyan j\u00f3zsefv\u00e1rosi, aki k\u00e9tszer is meggondolja, hogy mikor induljon le a kutyafuttat\u00f3ba az ebbel, mert a drogosok azzal sz\u00f3rakoznak, hogy nem engedik ki, vagy \u00e9ppen or\u00e1lis szexnek lehet akaratlan szemtan\u00faja a parkban. M\u00e1s arr\u00f3l \u00edr a k\u00f6z\u00f6ss\u00e9gi port\u00e1lon, hogy n\u0151i n\u00e9vre rendelt taxiba bepattan\u00f3 fiatal cs\u00e1v\u00f3k vitetik magukat kereszt\u00fcl kasul a v\u00e1rosban \u00e9s adj\u00e1k el a drogokat. A frissen fel\u00faj\u00edtott Blaha Lujza t\u00e9r \u00e9s a patin\u00e1s Corvin \u00c1ruh\u00e1z k\u00f6rny\u00e9ke egy lepratelep lett megint. <\/p>\n<p>Az 50-es villamos ablak\u00e1b\u00f3l pedig m\u00e1r-m\u00e1r apokaliptikus filmbe ill\u0151 jelenetet l\u00e1that b\u00e1m\u00e9szkod\u00f3: a K\u00f6kin\u00e9l a gyorsforgalmira vezet\u0151 h\u00edd alatt egy \u00f3ri\u00e1si szem\u00e9tkupacba f\u00farja be mag\u00e1t valaki. Akad olyan is, akin\u00e9l m\u00e1r elszakadt a c\u00e9rna: \u201esenki se hivatkozzon emp\u00e1ti\u00e1ra, szoci\u00e1lis \u00e9rz\u00e9kenys\u00e9gre, mert az volt, nincs. Az itt \u00e9l\u0151, dolgoz\u00f3, ad\u00f3fizet\u0151 emberek \u00e9rdekeit ki n\u00e9zi? T\u00e9nyleg nek\u00fcnk kell f\u00e9lni \u00e9s elt\u0171rni a b\u0171zt, a ber\u00fagott h\u00e1zkapukat, a meztelen\u00fcl utc\u00e1n fetreng\u0151 drogosokat \u00e9s hajl\u00e9ktalanokat, akik nyilv\u00e1nos v\u00e9c\u00e9nek haszn\u00e1lj\u00e1k a parkjainkat \u00e9s a l\u00e9pcs\u0151h\u00e1zainkat?\u201d.<\/p>\n<p><a itemprop=\"url\" href=\"https:\/\/nepszava.hu\/3323785_ujbuda-laszlo-imre-kozbiztonsagi-intezkedesek-allando-rendorors\" rel=\"nofollow noopener\" target=\"_blank\">A bel\u00fcgyminiszterhez fordul az \u00fajbudai polg\u00e1rmester, \u00e1lland\u00f3 rend\u0151r\u0151rs fel\u00e1ll\u00edt\u00e1s\u00e1t kezdem\u00e9nyezi a Kelenf\u00f6ldi p\u00e1lyaudvaron<\/a><\/p>\n<p>A k\u00f6z\u00f6ss\u00e9gi oldalakat el\u00f6nt\u00f6tte a budapesti utc\u00e1k, parkok, alulj\u00e1r\u00f3k, j\u00e1tsz\u00f3terek r\u00e9miszt\u0151 k\u00f6zbiztons\u00e1g\u00e1r\u00f3l sz\u00f3l\u00f3 panasz\u00e1radat. A felh\u00e1borod\u00e1s egyre magasabbra csap\u00f3 hull\u00e1mai el\u00e9rt\u00e9k a ker\u00fcleti polg\u00e1rmestereket is. Pik\u00f3 Andr\u00e1s VIII. ker\u00fcleti polg\u00e1rmester olyan k\u00e1b\u00edt\u00f3szerekt\u0151l be\u00e1llt fiatalokr\u00f3l besz\u00e9l, akik helyi lakosokat fenyegetnek \u00e9s az agresszi\u00f3 m\u00e1r nem csak a k\u00f6ztereken jelenik meg egyre nyilv\u00e1nval\u00f3bb form\u00e1ban, de az eddig biztons\u00e1gosnak hitt ter\u00fcleteken is: a v\u00e9dett j\u00e1tsz\u00f3tereken, a h\u00e1zak l\u00e9pcs\u0151h\u00e1zaiban, vagy az eddig \u00fcresen \u00e1ll\u00f3, felt\u00f6rt szomsz\u00e9d lak\u00e1sokban. Holott az \u00f6nkorm\u00e1nyzat mindent megpr\u00f3b\u00e1l, van kamerarendszer, drogstrat\u00e9gia, rend\u00e9szet, folyamatos jelz\u00e9s a rend\u0151rs\u00e9gnek. De \u00fagy t\u0171nik, mindez m\u00e1r nem el\u00e9g. <\/p>\n<p>Baranyi Krisztina IX. ker\u00fcleti polg\u00e1rmester a F\u0151v\u00e1rosi K\u00f6zgy\u0171l\u00e9sben is sz\u00f3v\u00e1 tette, hogy az elm\u00falt hetekben v\u00e1ratlanul megugrott Budapest k\u00f6zterein a hajl\u00e9ktalannak t\u0171n\u0151 emberek sz\u00e1ma. Mint mondta: ez nem ker\u00fcleti, hanem f\u0151v\u00e1rosi, s\u0151t tal\u00e1n orsz\u00e1gos tendencia. Soproni Tam\u00e1s VI. ker\u00fcleti polg\u00e1rmester felterjeszt\u00e9si jog\u00e1val \u00e9lve azt javasolja a korm\u00e1nynak, hogy a f\u0151v\u00e1rosi ker\u00fcletek \u00e1ltal befizetett szolidarit\u00e1si hozz\u00e1j\u00e1rul\u00e1st ford\u00edts\u00e1k a rend\u0151r\u00f6knek bevezetend\u0151 \u201eBudapest-p\u00f3tl\u00e9kra\u201d. <\/p>\n<p><a itemprop=\"url\" href=\"https:\/\/nepszava.hu\/3327762_kozbiztonsag-budapest-piko-andras-jambor-andras\" rel=\"nofollow noopener\" target=\"_blank\">Az adatok szerint nincs b\u0171n\u00fcgyi v\u00e9szhelyzet Budapesten<\/a><\/p>\n<p>Niederm\u00fcller P\u00e9ter a szomsz\u00e9dv\u00e1r VII. ker\u00fcletb\u0151l \u00f3vatosabb, vitathat\u00f3nak tartja Pik\u00f3 Andr\u00e1s polg\u00e1rmester felvet\u00e9s\u00e9t, amely szerint els\u0151k\u00e9nt a rend\u0151rs\u00e9gre \u00e9s a b\u00fcntet\u00e9s-v\u00e9grehajt\u00e1sra kell k\u00f6lteni, \u00e9s csak ezut\u00e1n k\u00f6vetkezhet a szoci\u00e1lis \u00e1gazat, az oktat\u00e1s, valamint az eg\u00e9szs\u00e9g\u00fcgy rendbet\u00e9tele. Az erzs\u00e9betv\u00e1rosi politikus sem tagadja, hogy Budapest belv\u00e1ros\u00e1ban olyan g\u00f3cpontok alakultak ki, amelyekben koncentr\u00e1ltan jelennek meg a s\u00falyos t\u00e1rsadalmi probl\u00e9m\u00e1k, ami joggal v\u00e1lt ki el\u00e9gedetlens\u00e9get a helyi lakosokb\u00f3l, de a val\u00f3di megold\u00e1st szerinte a szoci\u00e1lis v\u00e9d\u0151h\u00e1l\u00f3 \u00fajj\u00e1\u00e9p\u00edt\u00e9se, valamint az \u00e9rintett ker\u00fcletek \u00e9s a korm\u00e1nyzat szoros egy\u00fcttm\u0171k\u00f6d\u00e9se jelenti. Ennek \u00e9rdek\u00e9ben polg\u00e1rmesteri szint\u0171 egyeztet\u00e9seket kezdem\u00e9nyezett. <\/p>\n<p>J\u00e1mbor Andr\u00e1s, j\u00f3zsefv\u00e1rosi ex-orsz\u00e1ggy\u0171l\u00e9si k\u00e9pvisel\u0151 a h\u00edres hajl\u00e9ktalan- \u00e9s most m\u00e1r k\u00e1b\u00edt\u00f3szeres-kering\u0151t emlegeti fel: \u201erakj\u00e1k egy ker\u00fclettel vagy egy t\u00e9rrel arr\u00e9bb, majd megint tov\u00e1bb \u00e9s \u00edgy k\u00fcldik ezeket a szerencs\u00e9tlen embereket k\u00f6rbe Budapesten. De ett\u0151l nem enyh\u00fcl a nyomor, legfeljebb h\u00e1rom keresztez\u0151d\u00e9ssel arr\u00e9bb lesz zavar\u00f3 a szeg\u00e9nys\u00e9g l\u00e1tv\u00e1nya, vagy a b\u00fcd\u00f6s\u201d.<\/p>\n<p>\u201eBudapest utc\u00e1in nem lett t\u00f6bb hajl\u00e9ktalan. S\u0151t a Covid-j\u00e1rv\u00e1ny ut\u00e1n m\u00e9g 20-30 sz\u00e1zal\u00e9kkal cs\u00f6kkent is a sz\u00e1muk, az elm\u00falt k\u00e9t \u00e9vben pedig stagn\u00e1lt. Ez nem hajl\u00e9ktalan-k\u00e9rd\u00e9s\u201d\u00a0<\/p>\n<p>\u2013 sz\u00f6gezte le a N\u00e9pszav\u00e1nak Gy\u0151ri P\u00e9ter szociol\u00f3gus, aki szerint a h\u00e1borg\u00f3k \u00e9s a politikusok \u00f6sszemoss\u00e1k a hajl\u00e9ktalanokat, a flakonosokat, az utc\u00e1n t\u00e9velyg\u0151 kezeletlen pszichi\u00e1triai betegeket, a drogosokat, s\u0151t a k\u00fclf\u00f6ldr\u0151l, vid\u00e9kr\u0151l idehozott, embertelen matracsz\u00e1ll\u00f3kon teng\u0151d\u0151 vend\u00e9gmunk\u00e1sokat. A fejekben egyetlen zavar\u00f3 massz\u00e1v\u00e1 \u00e1ll \u00f6ssze az utc\u00e1kon \u00e9szlelt valamennyi zavar\u00f3 elem. A f\u0151v\u00e1rosi szoci\u00e1lpolitika szakavatott ismer\u0151je ezzel egy\u00fctt nem tagadja, hogy 1-1,5 \u00e9ve elindult egy utcai k\u00f6z\u00e1llapotokat er\u0151sen ront\u00f3 folyamat. <\/p>\n<p><img loading=\"lazy\" decoding=\"async\" src=\"https:\/\/www.europesays.com\/hu\/wp-content\/uploads\/2026\/07\/1596143.jpg\" alt=\"\" itemprop=\"image\" width=\"1600\" height=\"900\"\/><\/p>\n<p>Gy\u0151ri szerint \u00e9rdemes k\u00f6zelebbr\u0151l is megn\u00e9zni, hogy kikb\u0151l is \u00e1ll \u00f6ssze ez az \u00e1tlagpolg\u00e1rok biztons\u00e1g\u00e9rzetet er\u0151sen erod\u00e1l\u00f3 t\u00f6bb ezer f\u0151s utcai zavarkelt\u0151 t\u00f6meg. Hiszen k\u00f6nnyebb megold\u00e1st tal\u00e1lni, ha tudjuk mivel \u00e1llunk szemben. <\/p>\n<p>Els\u0151k\u00e9nt ott van mindj\u00e1rt hajl\u00e9ktalanok csoportja.\u00a0<\/p>\n<p>A hajl\u00e9ktalansz\u00e1ll\u00f3k ugyan tele vannak, de az \u00e9letvitelszer\u0171en utc\u00e1n \u00e9l\u0151k sz\u00e1ma az elm\u00falt \u00e9vben nem n\u00f6vekszik, a z\u00e1rt kerti \u00e9s v\u00e1rossz\u00e9li erd\u0151kben \u00e9l\u0151k pedig nincsenek szem el\u0151tt, \u00edgy ez nem \u00e1llhat a roml\u00f3 k\u00f6zbiztons\u00e1g \u00e9rzete m\u00f6g\u00f6tt. B\u00e1r az is igaz, hogy a hajl\u00e9ktalanok k\u00f6z\u00fcl m\u00e1r minden m\u00e1sodik ember 60 pluszos \u00e9s legal\u00e1bb ennyien valamif\u00e9le s\u00falyos kr\u00f3nikus betegs\u00e9ggel \u00e9lnek. L\u00e1tv\u00e1nyosan elesettebbek, mint fiatalabb sorst\u00e1rsaik. <\/p>\n<p>S\u00falyos gond a hazai pszichi\u00e1triai ell\u00e1t\u00e1s sz\u00e9tver\u00e9se.\u00a0<\/p>\n<p>A fekv\u0151- \u00e9s j\u00e1r\u00f3betegek helyek sz\u00e1ma fel\u00e9re cs\u00f6kkent az elm\u00falt \u00e9vtizedben. A betegek egy r\u00e9sze, ha este van is hov\u00e1 hazamennie, a napjai nagy r\u00e9sz\u00e9t az utc\u00e1n t\u00f6lti, ahol akkor is felt\u0171n\u0151ek, zavar\u00f3ak, \u00e1tlagember sz\u00e1m\u00e1ra ijeszt\u0151ek lehetnek, ha nem l\u00e9pnek fel agressz\u00edven, csak \u00e9ppen \u00e1llapotuknak megfelel\u0151en viselkednek. T\u00f6bbs\u00e9g\u00fcknek semmilyen vagy n\u00e9h\u00e1ny t\u00edzezer forintra r\u00fag\u00f3 havi j\u00f6vedelme van, ebb\u0151l kellene meg\u00e9lni, a gy\u00f3gyszereket megvenni. A gyakorta sz\u00fcl\u0151kkel egy\u00fctt \u00e9l\u0151knek n\u00e9ha ennyi se jut, mivel vel\u00fck egy\u00fctt \u00e9ppen kics\u00fasznak a seg\u00e9lyezend\u0151 kateg\u00f3ri\u00e1b\u00f3l. Marad a k\u00e9reget\u00e9s \u00e9s kuk\u00e1z\u00e1s, hiszen hi\u00e1ba \u00e9p\u00edtett munkaalap\u00fa t\u00e1rsadalmat a lek\u00f6sz\u00f6nt Orb\u00e1n-korm\u00e1ny, \u0151k onnan is kiszorultak. <\/p>\n<p>Csakhogy az \u00faj bet\u00e9td\u00edjas rendszer bevezet\u00e9s\u00e9vel vet\u00e9lyt\u00e1rsaik akadtak. A sok 50 forintb\u00f3l ugyanis l\u00e1that\u00f3 \u00f6sszeg tud \u00f6sszegy\u0171lni. Az elm\u00falt 1-1,5 \u00e9vben \u00e9rz\u00e9kelhet\u0151 roml\u00e1s Gy\u0151ri P\u00e9ter szerint r\u00e9szben ennek a nagysz\u00e1m\u00fa \u00faj csoportnak, a \u201eflakonosok\u201d megjelen\u00e9s\u00e9nek k\u00f6sz\u00f6nhet\u0151.\u00a0<\/p>\n<p>A kuk\u00e1kat m\u00f3dszeresen \u00e1tkutat\u00f3, a l\u00e9pcs\u0151h\u00e1zakba is befurakod\u00f3 palackgy\u0171jt\u0151k egy r\u00e9sze \u2013 b\u00e1rmilyen meglep\u0151en hangozz\u00e9k is \u2013 kisnyugd\u00edjas. Az esetenk\u00e9nt havi alig 40-80 ezer forintos j\u00e1rand\u00f3s\u00e1guk semmire sem el\u00e9g, \u00edgy ki kell valamivel eg\u00e9sz\u00edteni. T\u00f6bbs\u00e9g\u00fcknek m\u00e9g van hov\u00e1 hazamennie, de a megjelen\u00e9s\u00fck, a ruh\u00e1zatuk m\u00e1r b\u00e1nthatja sokak szem\u00e9t, ahogy azt is sokan zokon veszik, hogy a l\u00e9pcs\u0151h\u00e1zi, t\u00e1rsash\u00e1zi bels\u0151 udvarok kuk\u00e1it is felt\u00farj\u00e1k, ha m\u00f3djuk van r\u00e1. N\u00e9ha m\u00e1r eg\u00e9sz sor\u00e1ll\u00e1s van a kuk\u00e1kn\u00e1l. F\u0151k\u00e9nt nagyobb rendezv\u00e9nyek, koncertek, fesztiv\u00e1lok k\u00f6rny\u00e9k\u00e9n, ahov\u00e1 \u00faj ipar\u00e1gk\u00e9nt vid\u00e9ki szegreg\u00e1tumokb\u00f3l eg\u00e9sz csal\u00e1dok utaznak fel \u2013 nagysz\u00fcl\u0151k, sz\u00fcl\u0151k, gyerekek egy\u00fctt \u2013, hogy a sz\u00e9tdob\u00e1lt soros \u00e9s \u00fcd\u00edt\u0151s dobozokat \u00f6sszeszedj\u00e9k \u00e9s bev\u00e1lts\u00e1k.<\/p>\n<p><a itemprop=\"url\" href=\"https:\/\/nepszava.hu\/3303498_hatastalan-drog-elleni-razzia-szemelyacz-janos-addiktologus-interju\" rel=\"nofollow noopener\" target=\"_blank\">\u201eAz nem prevenci\u00f3, hogy ha f\u00fcvet sz\u00edvsz, meghalsz\u201d \u2013 Amennyire l\u00e1tv\u00e1nyos, annyira hat\u00e1stalan az Orb\u00e1n-korm\u00e1ny drog elleni harca<\/a><\/p>\n<p>A hajl\u00e9ktalanok mellett legt\u00f6bbsz\u00f6r a k\u00fcl\u00f6nf\u00e9le szerhaszn\u00e1l\u00f3kat okolj\u00e1k a v\u00e1ros egyre t\u00f6bb k\u00f6zter\u00fclet\u00e9n tapasztalhat\u00f3 riaszt\u00f3 k\u00f6z\u00e1llapotok\u00e9rt. Az olcs\u00f3 drogot haszn\u00e1l\u00f3k, a \u201ekrist\u00e1lyosok\u201d b\u00f3dult \u00e1llapotban val\u00f3ban nem foglalkoznak azzal, hol fekszenek le, hov\u00e1 \u00fcr\u00edtenek. Nem ritk\u00e1n agressz\u00edven l\u00e9pnek fel. Gyakorta \u0151ket is hajl\u00e9ktalannak n\u00e9zik, holott \u00e9jszak\u00e1ra, ha tudnak, hazamennek \u2013 magyar\u00e1zta a szakpolitikus, aki arra is felh\u00edvta a figyelmet, hogy Budapest olcs\u00f3 buliz\u00f3helyk\u00e9nt h\u00edres\u00fclt el a vil\u00e1gban. Az ide l\u00e1togat\u00f3 k\u00fclf\u00f6ldi fiataloknak pedig a buli nem csup\u00e1n a f\u00e9ktelen italoz\u00e1st jelenti, hanem a droghaszn\u00e1latot is. A kapualjba vizel\u0151, ord\u00edtoz\u00f3, \u00e1gy\u00e1sban hever\u0151r\u0151l persze nem tudhat\u00f3 honnan j\u00f6tt \u00e9s val\u00f3j\u00e1ban nem is \u00e9rdekel senkit.<\/p>\n<p><a itemprop=\"url\" href=\"https:\/\/nepszava.hu\/3313059_klubelet-drograzziak-szorakozohelyek\" rel=\"nofollow noopener\" target=\"_blank\">A maguk kez\u00e9be veszik a sorsukat a sz\u00f3rakoz\u00f3helyek, hogy a drograzzi\u00e1k ne l\u00f6kj\u00e9k a jelenlegin\u00e9l is k\u00e9ts\u00e9gbeejt\u0151bb helyzetbe<\/a><\/p>\n<p>Mindezen csoportok mellett k\u00fcl\u00f6n kasztot k\u00e9pviselnek Gy\u0151ri szerint a szeg\u00e9nyebb magyarorsz\u00e1gi r\u00e9gi\u00f3kb\u00f3l, illetve a Balk\u00e1nr\u00f3l, Ukrajn\u00e1b\u00f3l \u00e9s \u00c1zsi\u00e1b\u00f3l idehozott f\u00e9lig-meddig le\u00e9p\u00fclt emberek, akiket szinte ingyen dolgoztatnak, nem kapnak munkaruh\u00e1t, \u00e9telt, a sz\u00e1ll\u00e1sokk\u00e9nt haszn\u00e1lt lak\u00e1sokban t\u00f6bbnyire csak egy matracnyi hely jut nekik, sokszor nincs el\u00e9g mosd\u00f3, f\u00fcrd\u00e9si \u00e9s mos\u00e1si lehet\u0151s\u00e9g. \u0150k azut\u00e1n a m\u0171szak ut\u00e1n leh\u00fazz\u00e1k azt a p\u00e1r s\u00f6rt \u00e9s egyebeket, abban a ruh\u00e1ban mennek vissza a sz\u00e1ll\u00e1sra, amiben eg\u00e9sz nap dolgoztak, elb\u00f3biskolnak a padon, a buszon, ha r\u00e1juk sz\u00f3lnak, gyakorta azt se \u00e9rtik, mit akarnak t\u0151l\u00fck, ami v\u00e1ratlan reakci\u00f3khoz vezethet. \u0150k sem hajl\u00e9ktalanok, de gyakorta \u00fagy n\u00e9znek ki. Mindez egy\u00fctt \u00f6sszekeveredik az elm\u00falt 16 \u00e9vben sz\u00e9tvert gyermekv\u00e9delemb\u0151l kiker\u00fclt traumatiz\u00e1lt, j\u00f6v\u0151 n\u00e9lk\u00fcliekkel, a le\u00e9p\u00edtett drogprevenci\u00f3 miatt magukra hagyott szerhaszn\u00e1l\u00f3kkal, a semmi p\u00e9nzb\u0151l teng\u0151d\u0151kkel, a kezel\u00e9s n\u00e9lk\u00fcl maradt pszichi\u00e1triai betegekkel, a megcs\u00fasz\u00f3kkal, a t\u00e1rsadalom perem\u00e9re szorultakkal.<\/p>\n<p>S \u00edgy m\u00e1r d\u00f6bbenetesen nagy halmazt alkotnak. A f\u0151v\u00e1rosban utc\u00e1n \u00e9l\u0151 hajl\u00e9ktalanok sz\u00e1m\u00e1t 1000-1500 f\u0151re teszi Gy\u0151ri P\u00e9ter, k\u00f6zel ezren \u00e9lhetnek z\u00e1rtkerti sufnikban, 300-400-ra tehet\u0151 az utc\u00e1n k\u00f3sz\u00e1l\u00f3 kezeletlen pszichi\u00e1triai betegek sz\u00e1ma, m\u00edg az olcs\u00f3, k\u00f6nny\u0171 drogosok t\u00f6bb ezren lehetnek, b\u00e1r a szakember att\u00f3l tart, hogy ezt al\u00e1becs\u00fclheti. Ehhez ad\u00f3dnak a flakonosok, akik szint\u00e9n 3-5 ezer f\u0151s csapatot alkothatnak, fesztiv\u00e1lok, nagyobb esem\u00e9nyek idej\u00e9n m\u00e9g nagyobbat. <\/p>\n<p>Ez 10-15 ezer tisztes polg\u00e1rokban vesz\u00e9ly\u00e9rzetet kelt\u0151 embert jelent nap mint nap az utc\u00e1kon. Ez nagyon nagy sz\u00e1m\u00a0<\/p>\n<p>\u2013 mutatott r\u00e1 Gy\u0151ri P\u00e9ter. S lejtmenetnek nincs v\u00e9ge. Felt\u0171nt egy \u00faj csoport: a fut\u00e1rnak, bolti, piaci munk\u00e1ra idehozott, de a munk\u00e1j\u00e1t valahogyan elveszt\u0151, majd itt rekedt \u00e1zsiaiak csoportja, akik egyel\u0151re n\u00e9h\u00e1ny tucatnyian lehetnek. Nekik v\u00e9gk\u00e9pp nincs semmi kapaszkod\u00f3juk. <\/p>\n<p>A szakember szerint k\u00f6nnyen bel\u00e1that\u00f3, hogy ezt a rendk\u00edv\u00fcl heterog\u00e9n \u00f6sszet\u00e9tel\u0171 f\u00e9lelmet kelt\u0151 utcai jelenl\u00e9tet nem lehet egy csap\u00e1ssal, rendv\u00e9delmi eszk\u00f6z\u00f6kkel megoldani. S\u00falyos politikai hiba lenne ennek megold\u00e1sa \u00e9rdek\u00e9ben rendp\u00e1rti \u00faton elindulni. Ez m\u00e1r Tarl\u00f3s Istv\u00e1n idej\u00e9n sem vezetett eredm\u00e9nyre, a rend\u0151rs\u00e9g nem v\u00e1llalta fel a piszkos munk\u00e1t. De ha r\u00e1 is venn\u00e9k a rend\u0151r\u00f6ket az utc\u00e1k \u201ekitakar\u00edt\u00e1s\u00e1ra\u201d, akkor sem lenn\u00e9nek r\u00e1 k\u00e9pesek. Nincsenek ehhez se eszk\u00f6zeik, se el\u00e9g ember\u00fck. <\/p>\n<p>R\u00e1ad\u00e1sul az oktat\u00e1si, eg\u00e9szs\u00e9g\u00fcgyi, gyermekv\u00e9delmi \u00e9s szoci\u00e1lis rendszer rendbet\u00e9tel\u00e9ig folyamatos lesz az ut\u00e1np\u00f3tl\u00e1s. Ezeknek a rendszereknek a vissza\u00e9p\u00edt\u00e9se azonban nem megy egyik napr\u00f3l a m\u00e1sikra. A polg\u00e1ri t\u00fcrelem azonban gyorsan fogy<\/p>\n<p>\u2013 ismerte el a szociol\u00f3gus, aki szerint a most elemi er\u0151vel kit\u00f6r\u0151 frusztr\u00e1ci\u00f3 \u00e9vek \u00f3ta gy\u00fclemlik az emberekben, akik r\u00e9szben \u00f3vakodtak a NER-rezsim alatt saj\u00e1t ellenz\u00e9ki vezet\u0151ik alatt v\u00e1gni a f\u00e1t, m\u00e1sr\u00e9szt \u00fagy \u00e9rezt\u00e9k, nincs is \u00e9rtelme h\u00e1borogni, hiszen a korm\u00e1ny meg se hallja \u0151ket. <\/p>\n<p><img loading=\"lazy\" decoding=\"async\" src=\"https:\/\/www.europesays.com\/hu\/wp-content\/uploads\/2026\/07\/1596125.jpg\" alt=\"\" itemprop=\"image\" width=\"1600\" height=\"900\"\/><\/p>\n<p>A korm\u00e1nyv\u00e1lt\u00e1s azonban \u00faj vil\u00e1got teremtett. Mindenki el\u0151\u00e1llt a saj\u00e1t \u00e9vek \u00f3ta gy\u0171jt\u00f6getett probl\u00e9m\u00e1ival legyen sz\u00f3 a tan\u00e1rokr\u00f3l, a rend\u0151r\u00f6kr\u0151l, katon\u00e1kr\u00f3l vagy az \u00f6nkorm\u00e1nyzatokr\u00f3l. Gy\u0151ri ennek szem\u00e9ly szerint \u00f6r\u00fcl, v\u00e9gre nem s\u00f6prik sz\u0151nyeg al\u00e1 ezeket a probl\u00e9m\u00e1kat, mert a h\u00e9tk\u00f6znapok gondjaival \u00e9pp\u00fagy foglalkozni kell, mint a k\u00f6zt\u00e1rsas\u00e1gi eln\u00f6k lev\u00e1lt\u00e1s\u00e1val \u00e9s a k\u00f6lts\u00e9gvet\u00e9s rendbet\u00e9tel\u00e9vel. Csakhogy k\u00f6zben a polg\u00e1rmesterek a n\u00e9pharag \u00e9s a korm\u00e1ny k\u00f6z\u00e9 szorultak. Nem k\u00f6nny\u0171 felel\u0151s v\u00e1laszt adniuk:<\/p>\n<p>egyszerre kell kezelni a helyben felt\u00f6r\u0151 indulatokat \u00e9s \u00fcgyesen lobbizni a hossz\u00fa t\u00e1v\u00fa megold\u00e1s \u00e9rdek\u00e9ben a d\u00f6nt\u00e9shoz\u00f3kn\u00e1l.<\/p>\n<p>A szakember fontosnak tartan\u00e1 a civil aktivit\u00e1st is. Ha szervez\u0151dhettek polg\u00e1ri k\u00f6r\u00f6k \u00e9s Tisza-szigetek, meg rengeteg civil egyes\u00fclet, akkor arra is \u00f6ssze\u00e1llhatn\u00e1nak az emberek, hogy a rend\u0151r\u00f6k mellett aff\u00e9le \u201eneighborhood watch\u201d (szomsz\u00e9d-\u0151rz\u0151) csapatk\u00e9nt figyelj\u00e9k sz\u0171kebb k\u00f6rnyezet\u00fcket. Sokszor egy apa jelenl\u00e9te a j\u00e1tsz\u00f3t\u00e9ren m\u00e1r elriasztja a nem k\u00edv\u00e1natos elemeket. De udvariasan meg is k\u00e9rhetik \u0151ket, hogy ne zavarj\u00e1k a gyerekeket, az any\u00e1kat a parkban. A lak\u00f3k\u00f6z\u00f6ss\u00e9gek \u00f6sszegy\u0171jthetik a visszav\u00e1lthat\u00f3s palackokat \u00e9s kitehetik a kapu el\u00e9, ahogy a haszn\u00e1lt ruh\u00e1t is. A sz\u00f3rakoz\u00f3helyeken, fesztiv\u00e1lokon biztosan r\u00e1vehet\u0151k a fiatalok, hogy a s\u00f6r\u00f6s-, italos dobozokat k\u00fcl\u00f6n helyre dob\u00e1lj\u00e1k. Az \u00e1ldozati szerep felv\u00e9tele helyett a szociol\u00f3gus szerint \u00e9rdemes lenne f\u00f6ldk\u00f6zeli megold\u00e1sokat keresni, ak\u00e1r a rend\u0151rs\u00e9ggel, ak\u00e1r az \u00f6nkorm\u00e1nyzattal kar\u00f6ltve addig, am\u00edg a szoci\u00e1lis h\u00e1l\u00f3t \u00fajra nem sz\u00f6vik.<\/p>\n<p><a itemprop=\"url\" href=\"https:\/\/nepszava.hu\/3309719_a-metrok-uzemidejenek-meghosszabbitasa-miatt-alig-nehany-orara-lennenek-csak-lezarva-az-aluljarok-a-kenyszerbol-ott-ejszakazoknak-ettol-nem-lesz-fedel-a-fejuk-felett\" rel=\"nofollow noopener\" target=\"_blank\">\u201eA metr\u00f3k \u00fczemidej\u00e9nek meghosszabb\u00edt\u00e1sa miatt alig n\u00e9h\u00e1ny \u00f3r\u00e1ra lenn\u00e9nek csak lez\u00e1rva az alulj\u00e1r\u00f3k, a k\u00e9nyszerb\u0151l ott \u00e9jszak\u00e1z\u00f3knak ett\u0151l nem lesz fed\u00e9l a fej\u00fck felett\u201d<\/a><\/p>\n","protected":false},"excerpt":{"rendered":"Gy\u0151ri P\u00e9ter szociol\u00f3gus a f\u0151v\u00e1rosban utc\u00e1n \u00e9l\u0151 hajl\u00e9ktalanok sz\u00e1m\u00e1t 1000-1500 f\u0151re teszi , k\u00f6zel ezren \u00e9lhetnek z\u00e1rtkerti sufnikban,&hellip;\n","protected":false},"author":2,"featured_media":163047,"comment_status":"","ping_status":"","sticky":false,"template":"","format":"standard","meta":{"footnotes":"","_share_on_mastodon":"0"},"categories":[22],"tags":[73,48389,48388,48387,44,42,40,5615,27563,43,41],"class_list":["post-163046","post","type-post","status-publish","format-standard","has-post-thumbnail","category-budapest","tag-budapest","tag-drogosok","tag-gyori-peter","tag-hajlektalanok","tag-hu","tag-hungarian","tag-hungary","tag-jozsefvaros","tag-kozbiztonsag","tag-magyar","tag-magyarorszag"],"share_on_mastodon":{"url":"https:\/\/pubeurope.com\/@hu\/116871805597560445","error":""},"_links":{"self":[{"href":"https:\/\/www.europesays.com\/hu\/wp-json\/wp\/v2\/posts\/163046","targetHints":{"allow":["GET"]}}],"collection":[{"href":"https:\/\/www.europesays.com\/hu\/wp-json\/wp\/v2\/posts"}],"about":[{"href":"https:\/\/www.europesays.com\/hu\/wp-json\/wp\/v2\/types\/post"}],"author":[{"embeddable":true,"href":"https:\/\/www.europesays.com\/hu\/wp-json\/wp\/v2\/users\/2"}],"replies":[{"embeddable":true,"href":"https:\/\/www.europesays.com\/hu\/wp-json\/wp\/v2\/comments?post=163046"}],"version-history":[{"count":0,"href":"https:\/\/www.europesays.com\/hu\/wp-json\/wp\/v2\/posts\/163046\/revisions"}],"wp:featuredmedia":[{"embeddable":true,"href":"https:\/\/www.europesays.com\/hu\/wp-json\/wp\/v2\/media\/163047"}],"wp:attachment":[{"href":"https:\/\/www.europesays.com\/hu\/wp-json\/wp\/v2\/media?parent=163046"}],"wp:term":[{"taxonomy":"category","embeddable":true,"href":"https:\/\/www.europesays.com\/hu\/wp-json\/wp\/v2\/categories?post=163046"},{"taxonomy":"post_tag","embeddable":true,"href":"https:\/\/www.europesays.com\/hu\/wp-json\/wp\/v2\/tags?post=163046"}],"curies":[{"name":"wp","href":"https:\/\/api.w.org\/{rel}","templated":true}]}}