{"id":163075,"date":"2026-07-06T07:50:04","date_gmt":"2026-07-06T07:50:04","guid":{"rendered":"https:\/\/www.europesays.com\/hu\/163075\/"},"modified":"2026-07-06T07:50:04","modified_gmt":"2026-07-06T07:50:04","slug":"kulfoldon-robbant-a-bomba-3-millio-euros-ajanlat-erkezett-a-fradi-csatarert-sajtohir","status":"publish","type":"post","link":"https:\/\/www.europesays.com\/hu\/163075\/","title":{"rendered":"K\u00fclf\u00f6ld\u00f6n robbant a bomba: 3 milli\u00f3 eur\u00f3s aj\u00e1nlat \u00e9rkezett a Fradi-csat\u00e1r\u00e9rt &#8211; sajt\u00f3h\u00edr"},"content":{"rendered":"<p>A sv\u00e1jci FC Basel k\u00f6zel \u00e1ll Akpe Victory szerz\u0151dtet\u00e9s\u00e9hez: a Zalaegerszeg mintegy 3 milli\u00f3 eur\u00f3t kap a nig\u00e9riai v\u00e9d\u0151\u00e9rt, \u00e9s a k\u00e9s\u0151bbi \u00e1tigazol\u00e1si d\u00edjb\u00f3l is r\u00e9szesedik majd. (Ben Jacobs)<\/p>\n<p>Az \u00dajpestt\u0151l igazolt a Szentl\u0151rinc, miut\u00e1n szerz\u0151dtett\u00e9k a 22 \u00e9ves Varga Gy\u00f6rgy\u00f6t, aki szerz\u0151d\u00e9se lej\u00e1rt\u00e1val csatlakozott.<\/p>\n<p>\u00dagy h\u00edrlik, a 25 \u00e9ves nig\u00e9riai csat\u00e1rt az azeri Qarabag cs\u00e1b\u00edtja, amely a h\u00edrek szerint nem sajn\u00e1lna 3 milli\u00f3 eur\u00f3t sem a transzfer\u00e9rt.<\/p>\n","protected":false},"excerpt":{"rendered":"A sv\u00e1jci FC Basel k\u00f6zel \u00e1ll Akpe Victory szerz\u0151dtet\u00e9s\u00e9hez: a Zalaegerszeg mintegy 3 milli\u00f3 eur\u00f3t kap a nig\u00e9riai&hellip;\n","protected":false},"author":2,"featured_media":163076,"comment_status":"","ping_status":"","sticky":false,"template":"","format":"standard","meta":{"footnotes":"","_share_on_mastodon":"0"},"categories":[14],"tags":[1069,584,46,3661,377,500,5652,44,42,40,43,1067,41,1068,46909,45,131],"class_list":["post-163075","post","type-post","status-publish","format-standard","has-post-thumbnail","category-sport","tag-atigazolasok","tag-bamidele-yusuf","tag-ferencvaros","tag-ferencvarosi-tc","tag-fradi","tag-ftc","tag-hazai-atigazolasi-hirek","tag-hu","tag-hungarian","tag-hungary","tag-magyar","tag-magyar-foci","tag-magyarorszag","tag-nb-i","tag-qarabag","tag-sport","tag-sports"],"share_on_mastodon":{"url":"https:\/\/pubeurope.com\/@hu\/116871943053920271","error":""},"_links":{"self":[{"href":"https:\/\/www.europesays.com\/hu\/wp-json\/wp\/v2\/posts\/163075","targetHints":{"allow":["GET"]}}],"collection":[{"href":"https:\/\/www.europesays.com\/hu\/wp-json\/wp\/v2\/posts"}],"about":[{"href":"https:\/\/www.europesays.com\/hu\/wp-json\/wp\/v2\/types\/post"}],"author":[{"embeddable":true,"href":"https:\/\/www.europesays.com\/hu\/wp-json\/wp\/v2\/users\/2"}],"replies":[{"embeddable":true,"href":"https:\/\/www.europesays.com\/hu\/wp-json\/wp\/v2\/comments?post=163075"}],"version-history":[{"count":0,"href":"https:\/\/www.europesays.com\/hu\/wp-json\/wp\/v2\/posts\/163075\/revisions"}],"wp:featuredmedia":[{"embeddable":true,"href":"https:\/\/www.europesays.com\/hu\/wp-json\/wp\/v2\/media\/163076"}],"wp:attachment":[{"href":"https:\/\/www.europesays.com\/hu\/wp-json\/wp\/v2\/media?parent=163075"}],"wp:term":[{"taxonomy":"category","embeddable":true,"href":"https:\/\/www.europesays.com\/hu\/wp-json\/wp\/v2\/categories?post=163075"},{"taxonomy":"post_tag","embeddable":true,"href":"https:\/\/www.europesays.com\/hu\/wp-json\/wp\/v2\/tags?post=163075"}],"curies":[{"name":"wp","href":"https:\/\/api.w.org\/{rel}","templated":true}]}}