{"id":163446,"date":"2026-07-06T13:45:08","date_gmt":"2026-07-06T13:45:08","guid":{"rendered":"https:\/\/www.europesays.com\/hu\/163446\/"},"modified":"2026-07-06T13:45:08","modified_gmt":"2026-07-06T13:45:08","slug":"index-belfold-tiz-kilometeres-kocsisor-alakult-ki-az-m7-es-autopalyan-miutan-negy-auto-osszeutkozott","status":"publish","type":"post","link":"https:\/\/www.europesays.com\/hu\/163446\/","title":{"rendered":"Index &#8211; Belf\u00f6ld &#8211; T\u00edz kilom\u00e9teres kocsisor alakult ki az M7-es aut\u00f3p\u00e1ly\u00e1n, miut\u00e1n n\u00e9gy aut\u00f3 \u00f6ssze\u00fctk\u00f6z\u00f6tt"},"content":{"rendered":"<p>N\u00e9gy g\u00e9pkocsi \u00fctk\u00f6z\u00f6tt \u00f6ssze h\u00e9tf\u0151n k\u00e9s\u0151 d\u00e9lel\u0151tt az M7-es aut\u00f3p\u00e1lya Balaton fel\u00e9 vezet\u0151 oldal\u00e1n, Martonv\u00e1s\u00e1r t\u00e9rs\u00e9g\u00e9ben, ez\u00e9rt jelent\u0151s torl\u00f3d\u00e1sra kell k\u00e9sz\u00fclni.<\/p>\n<p>A katasztr\u00f3fav\u00e9delem azt k\u00f6z\u00f6lte, hogy \u00e9rdi hivat\u00e1sos t\u0171zolt\u00f3k \u00e9rkeztek a balesethez; az \u00e9rintett p\u00e1lyaszakaszon forgalmi akad\u00e1ly alakult ki.<\/p>\n<p>Az <a href=\"https:\/\/www.utinform.hu\/hu\/news\/balesetek-torlodasok-rendkivuli-kozlekedesi-esemenyek?d=0\" id=\"hyperlink_d25eb564934cbf20d023d61d63fb6aab\" rel=\"nofollow noopener\" target=\"_blank\">\u00datinform<\/a> k\u00f6zl\u00e9se szerint a 28-as kilom\u00e9tern\u00e9l csak egy s\u00e1von halad a forgalom, m\u00e1r 10 kilom\u00e9teres a kialakult kocsisor.<\/p>\n<p>                        Az M1-en is torl\u00f3d\u00e1s alakult ki, az M43-on k\u00e9t kamion \u00fctk\u00f6z\u00f6tt<\/p>\n<p>Az M1-es aut\u00f3p\u00e1ly\u00e1n, Hegyeshalom fel\u00e9, Gy\u0151r t\u00e9rs\u00e9g\u00e9ben, terel\u00e9ski\u00e9p\u00edt\u00e9si munk\u00e1k miatt lez\u00e1rt\u00e1k mozg\u00f3 terel\u00e9s mellett a bels\u0151 s\u00e1vot a 120-as \u00e9s a 128-as kilom\u00e9ter k\u00f6z\u00f6tt. A torl\u00f3d\u00e1s meghaladta az 5 kilom\u00e9tert.<\/p>\n<p>K\u00e9t kamion \u00fctk\u00f6z\u00f6tt \u00f6ssze az M43-as aut\u00f3p\u00e1ly\u00e1n, Mak\u00f3 t\u00e9rs\u00e9g\u00e9ben, az M5-\u00f6s aut\u00f3p\u00e1lya fel\u00e9 vezet\u0151 oldalon. A 42-es kilom\u00e9tern\u00e9l a k\u00fcls\u0151 s\u00e1vot lez\u00e1rt\u00e1k.<\/p>\n<p>Vas\u00e1rnap szint\u00e9n <a href=\"https:\/\/index.hu\/belfold\/2026\/07\/05\/m1-autopalya-motor-szemelyauto-utkozes-torlodas-baleset-hegyeshalom-obarok\/\" id=\"hyperlink_d29cd800b08d8a29242179157f1300ac\" target=\"_blank\" title=\"T\u00f6bb kilom\u00e9teres torl\u00f3d\u00e1s az M1-es aut\u00f3p\u00e1ly\u00e1n, k\u00e9t motoros \u00e9s egy aut\u00f3 \u00fctk\u00f6z\u00f6tt\" data-recommendation=\"bekezdes_utan\" data-recommendation-preview=\"{&quot;og:title&quot;:&quot;T\u00f6bb kilom\u00e9teres torl\u00f3d\u00e1s az M1-es aut\u00f3p\u00e1ly\u00e1n, k\u00e9t motoros \u00e9s egy aut\u00f3 \u00fctk\u00f6z\u00f6tt&quot;,&quot;og:description&quot;:&quot;T\u00f6bben megs\u00e9r\u00fcltek a balesetben.&quot;,&quot;og:image&quot;:&quot;\\\/\\\/kep.cdn.indexvas.hu\\\/1\\\/0\\\/7033\\\/70336\\\/703361\\\/70336161_5189091_2b5cb8c58e628b111d8ce486e9efda65_wm.jpg&quot;}\" data-recommendation-id=\"6240113\" rel=\"nofollow noopener\">k\u00f6zleked\u00e9si baleset<\/a> miatt volt teljes \u00fatlez\u00e1r\u00e1s az M1-es aut\u00f3p\u00e1ly\u00e1n.<\/p>\n<p><a href=\"https:\/\/dex.hu\/x.php?id=googlepref_desktop&amp;url=https:\/\/google.com\/preferences\/source?q=https:\/\/index.hu\" class=\"google-pref-banner \" id=\"googlePrefBanner\" rel=\"nofollow noopener\" target=\"_blank\"><\/p>\n<p>    Itt \u00e1ll\u00edtsa be, hogy az Index az els\u0151k k\u00f6z\u00f6tt legyen a Google-tal\u00e1latokban!<\/p>\n<p><\/a><\/p>\n<p>    <img decoding=\"async\" src=\"https:\/\/index.hu\/assets\/images\/social-follow\/logo-big.svg\" alt=\"Index.hu logo\"\/><\/p>\n<p>K\u00f6vesse az Indexet Facebookon is!<\/p>\n<p>    <a href=\"https:\/\/facebook.com\/Indexhu\" target=\"_blank\" rel=\"nofollow noopener\"><\/p>\n<p>        K\u00f6vetem!<br \/>\n    <\/a><\/p>\n","protected":false},"excerpt":{"rendered":"N\u00e9gy g\u00e9pkocsi \u00fctk\u00f6z\u00f6tt \u00f6ssze h\u00e9tf\u0151n k\u00e9s\u0151 d\u00e9lel\u0151tt az M7-es aut\u00f3p\u00e1lya Balaton fel\u00e9 vezet\u0151 oldal\u00e1n, Martonv\u00e1s\u00e1r t\u00e9rs\u00e9g\u00e9ben, ez\u00e9rt jelent\u0151s&hellip;\n","protected":false},"author":2,"featured_media":163447,"comment_status":"","ping_status":"","sticky":false,"template":"","format":"standard","meta":{"footnotes":"","_share_on_mastodon":"0"},"categories":[6],"tags":[469,80,44,42,40,9638,43,41,3738],"class_list":["post-163446","post","type-post","status-publish","format-standard","has-post-thumbnail","category-magyarorszag","tag-baleset","tag-belfold","tag-hu","tag-hungarian","tag-hungary","tag-m7-es-autopalya","tag-magyar","tag-magyarorszag","tag-torlodas"],"share_on_mastodon":{"url":"https:\/\/pubeurope.com\/@hu\/116873339027043130","error":""},"_links":{"self":[{"href":"https:\/\/www.europesays.com\/hu\/wp-json\/wp\/v2\/posts\/163446","targetHints":{"allow":["GET"]}}],"collection":[{"href":"https:\/\/www.europesays.com\/hu\/wp-json\/wp\/v2\/posts"}],"about":[{"href":"https:\/\/www.europesays.com\/hu\/wp-json\/wp\/v2\/types\/post"}],"author":[{"embeddable":true,"href":"https:\/\/www.europesays.com\/hu\/wp-json\/wp\/v2\/users\/2"}],"replies":[{"embeddable":true,"href":"https:\/\/www.europesays.com\/hu\/wp-json\/wp\/v2\/comments?post=163446"}],"version-history":[{"count":0,"href":"https:\/\/www.europesays.com\/hu\/wp-json\/wp\/v2\/posts\/163446\/revisions"}],"wp:featuredmedia":[{"embeddable":true,"href":"https:\/\/www.europesays.com\/hu\/wp-json\/wp\/v2\/media\/163447"}],"wp:attachment":[{"href":"https:\/\/www.europesays.com\/hu\/wp-json\/wp\/v2\/media?parent=163446"}],"wp:term":[{"taxonomy":"category","embeddable":true,"href":"https:\/\/www.europesays.com\/hu\/wp-json\/wp\/v2\/categories?post=163446"},{"taxonomy":"post_tag","embeddable":true,"href":"https:\/\/www.europesays.com\/hu\/wp-json\/wp\/v2\/tags?post=163446"}],"curies":[{"name":"wp","href":"https:\/\/api.w.org\/{rel}","templated":true}]}}