{"id":163541,"date":"2026-07-06T15:35:08","date_gmt":"2026-07-06T15:35:08","guid":{"rendered":"https:\/\/www.europesays.com\/hu\/163541\/"},"modified":"2026-07-06T15:35:08","modified_gmt":"2026-07-06T15:35:08","slug":"amerikai-tozsde-julius-6-a-kontinens-vegesen-all-az-olaj-72-dollar","status":"publish","type":"post","link":"https:\/\/www.europesays.com\/hu\/163541\/","title":{"rendered":"Amerikai t\u0151zsde J\u00falius 6.\u2013A kontinens vegesen \u00e1ll, az olaj 72 doll\u00e1r"},"content":{"rendered":"<p>                            \u00d3vatosan indultak az amerikai t\u0151zsd\u00e9k h\u00e9tf\u0151n. A DJIA m\u00ednuszban \u00e1ll az indul\u00e1st k\u00f6vet\u0151en. A Nasdaq \u00e9s a S&amp;P indexei pedig er\u0151s\u00f6dtek. Eur\u00f3pa sem tal\u00e1lja a hely\u00e9t. P\u00e1rizs, Frankfurt \u00e9s London indexei m\u00ednuszban \u00e1llnak. A Brent olaj \u00e1rfolyama maradt a j\u00f3l megszokott 72 doll\u00e1ros \u00e1rfolyamon. Az arany pedig er\u0151s\u00f6dik.<br \/>\n<img fetchpriority=\"high\" decoding=\"async\" aria-describedby=\"caption-attachment-713922\" class=\"size-full wp-image-713922\" src=\"https:\/\/tozsdeforum.hu\/wp-content\/smush-avif\/2025\/06\/robb-miller-oEGDKf4ZtNg-unsplash.jpg.avif\" alt=\"\" width=\"2560\" height=\"1709\"   loading=\"lazy\"\/><\/p>\n<p id=\"caption-attachment-713922\" class=\"wp-caption-text\">Az amerikai t\u0151zsd\u00e9k vegyesen \u00e1llnak. Forr\u00e1s: Unsplash<\/p>\n<p>Ir\u00e1nykeres\u00e9ssel kezd\u0151d\u00f6tt a h\u00e9tf\u0151i keresked\u00e9s az <a href=\"https:\/\/www.reuters.com\/markets\/us\/\" rel=\"nofollow noopener\" target=\"_blank\">amerikai t\u0151zsd\u00e9ken<\/a>. A chipr\u00e9szv\u00e9nyek hoztak n\u00e9mi lend\u00fcletet a piacnak.A befektet\u0151k a jegybanki jegyz\u0151k\u00f6nyvre \u00e9s a v\u00e1llalati gyorsjelent\u00e9sekre v\u00e1rnak A Hormuzi-szoros k\u00f6r\u00fcli bizonytalans\u00e1g tov\u00e1bbra is kock\u00e1zatot jelent, annak ellen\u00e9re, hogy m\u00e1r 160 haj\u00f3 \u00e1tkelt. Az amerikai piacokon a DJIA m\u00ednuszban \u00e1ll, m\u00edg az S&amp;P \u00e9s a Nasdaq r\u00e9szv\u00e9nyei emelked\u00e9ssel ind\u00edtott\u00e1k a keresked\u00e9st. Eur\u00f3pa teljesen elesett. London, P\u00e1rizs \u00e9s Frankfurt m\u00ednuszban \u00e1llnak. Az amerikai piacokon a<a href=\"https:\/\/tozsdeforum.hu\/nemzetkozi-piacok\/amerika\/amerikai-tozsde-julius-2-beindult-a-kontinens-a-munkaeropiac-adatait-pozitivan-fogadta-a-regio\/\" rel=\"nofollow noopener\" target=\"_blank\"> m\u00falt heti<\/a> hull\u00e1mz\u00e1s hangulata megmaradt a mai keresked\u00e9sen.<\/p>\n<p>Az amerikai piacok legfontosabb indexeinek h\u00e9tf\u0151i\u00a0 \u00e1ll\u00e1sa<\/p>\n<p>DJIA: A 30 vezet\u0151 iparv\u00e1llalat Dow Jones indexe 0,20 sz\u00e1zal\u00e9kkal 103 ponttal cs\u00f6kkent \u00e9s 52 796 ponton \u00e1llt.<\/p>\n<p>S&amp;P 500: A r\u00e9szv\u00e9nyek sz\u00e9lesebb k\u00f6r\u00e9t \u00e9rint\u0151 index 32 ponttal, 7 516 pontra l\u00e9pett, ami 0,44 sz\u00e1zal\u00e9kos er\u0151s\u00f6d\u00e9st mutat.<\/p>\n<p>Nasdaq Composite: A technol\u00f3giai r\u00e9szv\u00e9nyek alakul\u00e1s\u00e1t k\u00f6vet\u0151 mutat\u00f3 225 ponttal, 0,87 sz\u00e1zal\u00e9kkal\u00a0 26 058 pontra emelkedett.<\/p>\n<p>Az eur\u00f3pai piacok \u00e1rfolyama h\u00e9tf\u0151 d\u00e9lut\u00e1n<\/p>\n<p>Az eur\u00f3pai piacokn\u00e1l pozit\u00edvan alakult a cs\u00fct\u00f6rt\u00f6k d\u00e9lut\u00e1ni hangulat.<\/p>\n<p>London: Az FTSE100 index 0,25 sz\u00e1zal\u00e9kkal gyeng\u00fclt d\u00e9lut\u00e1n.<\/p>\n<p>Frankfurt: A DAX index 0,31 sz\u00e1zal\u00e9kos m\u00ednuszban \u00e1ll.<\/p>\n<p>P\u00e1rizs: A CAC40 index pedig 0,28 sz\u00e1zal\u00e9kos vesztes\u00e9get mutatott.<\/p>\n<p>Az amerikai piacokon a nyersanyagok \u00e1rfolyama<\/p>\n<p>Az \u00e9szaki-tengeri Brent olajfajta hord\u00f3nk\u00e9nti \u00e1ra 0,15 doll\u00e1rral 0,21 sz\u00e1zal\u00e9kkal, 72,27 doll\u00e1rra emelkedett. Az arany hat\u00e1rid\u0151s jegyz\u00e9se unci\u00e1nk\u00e9nt 0,74 sz\u00e1zal\u00e9kkal 30,54 doll\u00e1rral, 4 156,24 doll\u00e1rra er\u0151s\u00f6d\u00f6tt.<\/p>\n<p>Az eur\u00f3pai g\u00e1z\u00e1r az ir\u00e1nyad\u00f3nak sz\u00e1m\u00edt\u00f3 TTF holland g\u00e1zpiac legk\u00f6zelebbi, augusztusi jegyz\u00e9s\u00e9ben 1,02 sz\u00e1zal\u00e9kkal cs\u00f6kkent \u00e9s 1 megawatt\u00f3ra 44,64 eur\u00f3ba ker\u00fclt az amerikai keresked\u00e9s kezdete el\u0151tt. A g\u00e1zjegyz\u00e9s h\u00e1rom h\u00f3napja 53,15 eur\u00f3n, egy \u00e9ve 32,90 eur\u00f3n, k\u00e9t \u00e9ve 30,35 eur\u00f3n z\u00e1rt.<\/p>\n<p>A jelen cikkben le\u00edrt inform\u00e1ci\u00f3k, elemz\u00e9sek a szerz\u0151 mag\u00e1nv\u00e9lem\u00e9ny\u00e9t t\u00fckr\u00f6zik. A jelen cikkben le\u00edrtak nem val\u00f3s\u00edtanak meg a 2007. \u00e9vi CXXXVIII. t\u00f6rv\u00e9ny (a tov\u00e1bbiakban: Bszt.) 4. \u00a7 (2). bek 8. pontja szerinti befektet\u00e9si elemz\u00e9st \u00e9s a 9. pont szerinti befektet\u00e9si tan\u00e1csad\u00e1st. B\u00e1rmely befektet\u00e9si d\u00f6nt\u00e9s meghozatala sor\u00e1n az adott befektet\u00e9s megfelel\u0151s\u00e9g\u00e9t csak az adott befektet\u0151 szem\u00e9ly\u00e9re szabott vizsg\u00e1latot lehet meg\u00e1llap\u00edtani, melyre a jelen cikk nem v\u00e1llalkozik \u00e9s nem is alkalmas. Az egyes befektet\u00e9si d\u00f6nt\u00e9sek el\u0151tt \u00e9ppen ez\u00e9rt t\u00e1j\u00e9koz\u00f3djon r\u00e9szletesen \u00e9s t\u00f6bb forr\u00e1sb\u00f3l, sz\u00fcks\u00e9g eset\u00e9n konzult\u00e1ljon szem\u00e9lyes befektet\u00e9si tan\u00e1csad\u00f3val!<\/p>\n<p>C\u00edmlapk\u00e9p forr\u00e1sa: Unsplash<\/p>\n","protected":false},"excerpt":{"rendered":"\u00d3vatosan indultak az amerikai t\u0151zsd\u00e9k h\u00e9tf\u0151n. A DJIA m\u00ednuszban \u00e1ll az indul\u00e1st k\u00f6vet\u0151en. A Nasdaq \u00e9s a S&amp;P&hellip;\n","protected":false},"author":2,"featured_media":163542,"comment_status":"","ping_status":"","sticky":false,"template":"","format":"standard","meta":{"footnotes":"","_share_on_mastodon":"0"},"categories":[3],"tags":[1419,10846,10845,48500,107,106,105,42,43,26778,55,17254],"class_list":["post-163541","post","type-post","status-publish","format-standard","has-post-thumbnail","category-europa","tag-arany","tag-cac","tag-dax","tag-djia","tag-eu","tag-europa","tag-europe","tag-hungarian","tag-magyar","tag-nasdaq","tag-olaj","tag-sp-500"],"share_on_mastodon":{"url":"https:\/\/pubeurope.com\/@hu\/116873771543724957","error":""},"_links":{"self":[{"href":"https:\/\/www.europesays.com\/hu\/wp-json\/wp\/v2\/posts\/163541","targetHints":{"allow":["GET"]}}],"collection":[{"href":"https:\/\/www.europesays.com\/hu\/wp-json\/wp\/v2\/posts"}],"about":[{"href":"https:\/\/www.europesays.com\/hu\/wp-json\/wp\/v2\/types\/post"}],"author":[{"embeddable":true,"href":"https:\/\/www.europesays.com\/hu\/wp-json\/wp\/v2\/users\/2"}],"replies":[{"embeddable":true,"href":"https:\/\/www.europesays.com\/hu\/wp-json\/wp\/v2\/comments?post=163541"}],"version-history":[{"count":0,"href":"https:\/\/www.europesays.com\/hu\/wp-json\/wp\/v2\/posts\/163541\/revisions"}],"wp:featuredmedia":[{"embeddable":true,"href":"https:\/\/www.europesays.com\/hu\/wp-json\/wp\/v2\/media\/163542"}],"wp:attachment":[{"href":"https:\/\/www.europesays.com\/hu\/wp-json\/wp\/v2\/media?parent=163541"}],"wp:term":[{"taxonomy":"category","embeddable":true,"href":"https:\/\/www.europesays.com\/hu\/wp-json\/wp\/v2\/categories?post=163541"},{"taxonomy":"post_tag","embeddable":true,"href":"https:\/\/www.europesays.com\/hu\/wp-json\/wp\/v2\/tags?post=163541"}],"curies":[{"name":"wp","href":"https:\/\/api.w.org\/{rel}","templated":true}]}}