{"id":163611,"date":"2026-07-06T16:56:10","date_gmt":"2026-07-06T16:56:10","guid":{"rendered":"https:\/\/www.europesays.com\/hu\/163611\/"},"modified":"2026-07-06T16:56:10","modified_gmt":"2026-07-06T16:56:10","slug":"ezert-allt-legiosnak-a-zte-tol-tavozo-magyar-vedo-megneztuk-hogy-milyen-ajanlatok-jottek-es","status":"publish","type":"post","link":"https:\/\/www.europesays.com\/hu\/163611\/","title":{"rendered":"Ez\u00e9rt \u00e1llt l\u00e9gi\u00f3snak a ZTE-t\u0151l t\u00e1voz\u00f3 magyar v\u00e9d\u0151: &#8222;Megn\u00e9zt\u00fck, hogy milyen aj\u00e1nlatok j\u00f6ttek, \u00e9s&#8230;&#8221;"},"content":{"rendered":"<p>                    <a href=\"https:\/\/news.google.com\/publications\/CAAqJQgKIh9DQklTRVFnTWFnMEtDMk56WVd0bWIyTnBMbWgxS0FBUAE\" target=\"_blank\" class=\"google-news\" rel=\"nofollow noopener\">A legfrissebb h\u00edrek\u00e9rt k\u00f6vess minket a Csakfoci Google News oldal\u00e1n is!<\/a><\/p>\n<p>A m\u00falt h\u00e9ten a ZTE labdar\u00fag\u00f3csapat\u00e1t\u00f3l a Qarabag FK-hoz szerz\u0151d\u00f6tt V\u00e1rkonyi Bence a szakmailag sz\u00e1m\u00e1ra legjobbnak tetsz\u0151 aj\u00e1nlatot fogadta el. A 24 \u00e9ves magyar v\u00e9d\u0151 elmond\u00e1sa szerint az azeri klub mellett sz\u00f3lt, hogy a nemzetk\u00f6zi kupamez\u0151ny \u00e1lland\u00f3 szerepl\u0151je, \u00edgy abban is b\u00edzik, hogy \u00fajabb k\u00f6zegben tud fejl\u0151dni.<\/p>\n<p>Az M1 aktu\u00e1lis csatorn\u00e1nak nyilatkoz\u00f3 V\u00e1rkonyi Bence kiemelte: h\u00e1rom edz\u00e9sen van t\u00fal azeri \u00e1llom\u00e1shely\u00e9n, \u00e9s \u00fagy az \u00faj klubt\u00e1rsai, mint a szakmai st\u00e1b tagjai rendk\u00edv\u00fcl seg\u00edt\u0151k\u00e9sznek bizonyultak, ami megk\u00f6nny\u00edti a beilleszked\u00e9s\u00e9t. Mik\u00e9nt az is, hogy az \u00f6lt\u00f6z\u0151ben \u00e9s a p\u00e1ly\u00e1n a hivatalos nyelv az angol, \u00edgy nincsenek kommunik\u00e1ci\u00f3s neh\u00e9zs\u00e9gei. A v\u00e9d\u0151 elmondta: \u00e9rkez\u00e9sekor szem\u00e9lyesen fogadta \u0151t Kurban Kurbanov vezet\u0151edz\u0151, aki a bemutatkoz\u00e1s ut\u00e1n kiemelte, mennyire \u00f6r\u00fcl, hogy csapat\u00e1nak tagja lett, \u00e9s m\u00e1r nagyon v\u00e1rta az \u00e9rkez\u00e9s\u00e9t.<\/p>\n<p>V\u00e1rkonyi Bence felid\u00e9zte: ehhez a k\u00fclf\u00f6ldi szerz\u0151d\u00e9shez nagyon sokat tett hozz\u00e1 a Zalaegerszegen elt\u00f6lt\u00f6tt h\u00e1rom \u00e9v, f\u0151k\u00e9nt az el\u0151z\u0151 szezon, ami szerinte k\u00fcl\u00f6n\u00f6sen j\u00f3l siker\u00fclt neki, \u00e9s a k\u00f6zvetlen bajnoki hajr\u00e1t\u00f3l eltekintve zalai csapat\u00e1nak is. Ez abb\u00f3l is l\u00e1tszik, vonta le a k\u00f6vetkeztet\u00e9st a labdar\u00fag\u00f3, hogy mutatkozott ut\u00e1na k\u00fclf\u00f6ldr\u0151l \u00e9rdekl\u0151d\u00e9s, teljes\u00edtm\u00e9ny\u00e9vel ki\u00e9rdemelte, hogy lehet\u0151s\u00e9get kapjon l\u00e9gi\u00f3sk\u00e9nt. A v\u00e1lt\u00e1s kapcs\u00e1n d\u00f6nt\u00e9s\u00e9t er\u0151sen befoly\u00e1solta, hogy a Qarabag a nemzetk\u00f6zi kupaporond \u00e1lland\u00f3 r\u00e9sztvev\u0151je volt az elm\u00falt \u00e9vekben, az el\u0151z\u0151 ki\u00edr\u00e1sban a Bajnokok Lig\u00e1ja ligaszakasz\u00e1ban szerepelt \u00e9s jutott az egyenes kies\u00e9ses szakaszba.<\/p>\n<p>Megn\u00e9zt\u00fck, hogy milyen aj\u00e1nlatok j\u00f6ttek, \u00e9s azok k\u00f6z\u00fcl ez volt, ami a legjobban tetszett nekem, tov\u00e1bb\u00e1 szakmailag is j\u00f3 v\u00e1laszt\u00e1snak t\u0171nt. Er\u0151s csapathoz szerz\u0151dtem, \u00e9s az is mellette sz\u00f3lt, hogy szinte mindig valamelyik eur\u00f3pai kupasorozatban j\u00e1tszik. Ez pedig egy olyan \u00fajabb lehet\u0151s\u00e9g, ahol megint meg tudom mutatni, \u00e9s ki tudom pr\u00f3b\u00e1lni magam<\/p>\n<p>&#8211; nyilatkozta. V\u00e1rkonyi elmondta, \u00faj t\u00e1rsai k\u00f6z\u00f6tt van Cebrail Makreckis, akit a<a href=\"https:\/\/www.csakfoci.hu\/magyar-foci\/megerositve-a-qarabagnal-folytatja-a-ferencvaros-jobbhatvedje\" rel=\"nofollow noopener\" target=\"_blank\"> Ferencv\u00e1rost\u00f3l szerz\u0151dtetett a Qarabag<\/a>, \u00e9s \u00edgy a magyar \u00e9lvonalb\u00f3l ellenf\u00e9lk\u00e9nt m\u00e1r ismert\u00e9k egym\u00e1st.<\/p>\n<p>Egy\u00e9ni c\u00e9ljai k\u00f6z\u00f6tt szerepel, hogy stabil helyet harcoljon ki mag\u00e1nak a kezd\u0151csapatban, ezen t\u00fal pedig minden t\u0151le telhet\u0151t elk\u00f6vet majd a klub c\u00e9ljainak megval\u00f3s\u00edt\u00e1s\u00e1\u00e9rt, \u00fagy, mint a bajnoki c\u00edm visszah\u00f3d\u00edt\u00e1sa, vagy f\u0151t\u00e1bl\u00e1ra ker\u00fclni az Eur\u00f3pa Lig\u00e1ban. Ut\u00f3bbi sorozatban a selejtez\u0151 els\u0151 fordul\u00f3j\u00e1ban cs\u00fct\u00f6rt\u00f6k\u00f6n otthon l\u00e9p p\u00e1ly\u00e1ra a Qarabag, ellenfele az izlandi Vestri lesz.<\/p>\n<p>A magyar v\u00e9d\u0151 m\u00e9g nem tudja, hogy siker\u00fcl-e elint\u00e9zni a regisztr\u00e1ci\u00f3j\u00e1t az els\u0151 m\u00e9rk\u0151z\u00e9sig, de nagyon b\u00edzik benne, mik\u00e9nt a j\u00e1t\u00e9klehet\u0151s\u00e9gben is. (MTI)<\/p>\n<p style=\"text-align: center;\"><a href=\"https:\/\/www.csakfoci.hu\/category\/atigazolasok\/\" rel=\"nofollow noopener\" target=\"_blank\">P\u00f6r\u00f6gnek a h\u00edrek az \u00e1tigazol\u00e1si piacon, k\u00f6vesd a csakfoci.hu folyamatosan friss\u00fcl\u0151 \u00e1tigazol\u00e1si rovat\u00e1t, ahol minden fontos inform\u00e1ci\u00f3t azonnal megtal\u00e1lsz &#8211; KATTINTS!<\/a><\/p>\n<p><a href=\"https:\/\/www.csakfoci.hu\/magyar-foci\/oriasi-valtozas-a-vidinel-elengedik-a-magyarszabalyt-de-nem-a-nagy-nevek-miatt-reszletek\" class=\"embed-article\" rel=\"nofollow noopener\" target=\"_blank\"><\/p>\n<p>Olvastad m\u00e1r?<\/p>\n<p>            <img loading=\"lazy\" decoding=\"async\" class=\"lazy-img\" src=\"https:\/\/www.europesays.com\/hu\/wp-content\/uploads\/2026\/06\/1780719373_617_videoton1-768x431.jpg\" width=\"768\" height=\"431\" alt=\"\"\/><\/p>\n<p>\u00d3ri\u00e1si v\u00e1ltoz\u00e1s a Vidin\u00e9l: Elengedik a magyarszab\u00e1lyt, de nem a \u201cnagy nevek\u201d miatt &#8211; r\u00e9szletek<\/p>\n<p>A tulajdonosv\u00e1lt\u00e1snak hamar l\u00e1that\u00f3ak lesznek a jelei. <\/p>\n<p>Elolvasom<\/p>\n<p><\/a><\/p>\n","protected":false},"excerpt":{"rendered":"A legfrissebb h\u00edrek\u00e9rt k\u00f6vess minket a Csakfoci Google News oldal\u00e1n is! A m\u00falt h\u00e9ten a ZTE labdar\u00fag\u00f3csapat\u00e1t\u00f3l a&hellip;\n","protected":false},"author":2,"featured_media":163612,"comment_status":"","ping_status":"","sticky":false,"template":"","format":"standard","meta":{"footnotes":"","_share_on_mastodon":"0"},"categories":[14],"tags":[44,42,40,3209,43,1067,41,46909,45,131,46910],"class_list":["post-163611","post","type-post","status-publish","format-standard","has-post-thumbnail","category-sport","tag-hu","tag-hungarian","tag-hungary","tag-legiosok","tag-magyar","tag-magyar-foci","tag-magyarorszag","tag-qarabag","tag-sport","tag-sports","tag-varkonyi-bence"],"share_on_mastodon":{"url":"https:\/\/pubeurope.com\/@hu\/116874090256255403","error":""},"_links":{"self":[{"href":"https:\/\/www.europesays.com\/hu\/wp-json\/wp\/v2\/posts\/163611","targetHints":{"allow":["GET"]}}],"collection":[{"href":"https:\/\/www.europesays.com\/hu\/wp-json\/wp\/v2\/posts"}],"about":[{"href":"https:\/\/www.europesays.com\/hu\/wp-json\/wp\/v2\/types\/post"}],"author":[{"embeddable":true,"href":"https:\/\/www.europesays.com\/hu\/wp-json\/wp\/v2\/users\/2"}],"replies":[{"embeddable":true,"href":"https:\/\/www.europesays.com\/hu\/wp-json\/wp\/v2\/comments?post=163611"}],"version-history":[{"count":0,"href":"https:\/\/www.europesays.com\/hu\/wp-json\/wp\/v2\/posts\/163611\/revisions"}],"wp:featuredmedia":[{"embeddable":true,"href":"https:\/\/www.europesays.com\/hu\/wp-json\/wp\/v2\/media\/163612"}],"wp:attachment":[{"href":"https:\/\/www.europesays.com\/hu\/wp-json\/wp\/v2\/media?parent=163611"}],"wp:term":[{"taxonomy":"category","embeddable":true,"href":"https:\/\/www.europesays.com\/hu\/wp-json\/wp\/v2\/categories?post=163611"},{"taxonomy":"post_tag","embeddable":true,"href":"https:\/\/www.europesays.com\/hu\/wp-json\/wp\/v2\/tags?post=163611"}],"curies":[{"name":"wp","href":"https:\/\/api.w.org\/{rel}","templated":true}]}}