{"id":164332,"date":"2026-07-07T08:48:12","date_gmt":"2026-07-07T08:48:12","guid":{"rendered":"https:\/\/www.europesays.com\/hu\/164332\/"},"modified":"2026-07-07T08:48:12","modified_gmt":"2026-07-07T08:48:12","slug":"megerositve-a-qarabagnal-folytatja-a-ferencvaros-jobbhatvedje","status":"publish","type":"post","link":"https:\/\/www.europesays.com\/hu\/164332\/","title":{"rendered":"Meger\u0151s\u00edtve: A Qarabagn\u00e1l folytatja a Ferencv\u00e1ros jobbh\u00e1tv\u00e9dje"},"content":{"rendered":"<p>                    <a href=\"https:\/\/news.google.com\/publications\/CAAqJQgKIh9DQklTRVFnTWFnMEtDMk56WVd0bWIyTnBMbWgxS0FBUAE\" target=\"_blank\" class=\"google-news\" rel=\"nofollow noopener\">A legfrissebb h\u00edrek\u00e9rt k\u00f6vess minket a Csakfoci Google News oldal\u00e1n is!<\/a><\/p>\n<p>A Qarabag <a href=\"https:\/\/qarabagh.com\/az\/news\/qarabagdan-8-ci-transfer\/13691\" target=\"_blank\" rel=\"noopener nofollow\">bejelentette<\/a>, hogy a Ferencv\u00e1rossal folytatott t\u00e1rgyal\u00e1sok sikeresen lez\u00e1rultak, \u00e9s Cebrail Makreckis a csapathoz igazolt.<\/p>\n<p>Kor\u00e1bban els\u0151k\u00e9nt <a href=\"https:\/\/www.csakfoci.hu\/magyar-foci\/fradi-makreckis-megsem-torokorszagba-megy-egy-jol-ismert-csapatban-kothet-ki\" target=\"_blank\" rel=\"noopener nofollow\">sz\u00e1moltunk be<\/a> arr\u00f3l, hogy a 26 \u00e9ves jobbh\u00e1tv\u00e9d az azeri klubn\u00e1l k\u00f6thet ki, most pedig a klub bejelentette, hogy 2029-ig sz\u00f3l\u00f3 meg\u00e1llapod\u00e1st k\u00f6t\u00f6ttek a N\u00e9metorsz\u00e1gban sz\u00fcletett, de kor\u00e1bbi lett koroszt\u00e1lyos v\u00e1logatott futballist\u00e1val.<\/p>\n<p>Az aacheni sz\u00fclet\u00e9s\u0171 labdar\u00fag\u00f3\u00a02023 j\u00falius\u00e1ban szerz\u0151d\u00f6tt Budapestre a bolg\u00e1r Pirin Blagoevgradt\u00f3l. K\u00f6z\u00e9pp\u00e1ly\u00e1sk\u00e9nt \u00e9rkezett, de hamar a v\u00e9delem jobb oldal\u00e1n tal\u00e1lta mag\u00e1t, azaz t\u00f6bb poszton is bevethet\u0151 j\u00e1t\u00e9kosk\u00e9nt sz\u00e1molhattak vele a vezet\u0151edz\u0151k. Egyb\u0151l alapember lett, a bajnoki c\u00edmmel v\u00e9gz\u0151d\u00f6tt bemutatkoz\u00f3 id\u00e9ny\u00e9ben, a 2023\/2024-es szezonban 50 t\u00e9tm\u00e9rk\u0151z\u00e9st j\u00e1tszott, egy f\u00e9lid\u0151t lesz\u00e1m\u00edtva v\u00e9gig a p\u00e1ly\u00e1n volt a Ferencv\u00e1ros nyolc meccset sz\u00e1ml\u00e1l\u00f3 Eur\u00f3pa Konferencia Liga-menetel\u00e9se sor\u00e1n is. A 2024\/2025-\u00f6s \u00e9vadban 47 t\u00e9tmeccsen bizony\u00edthatott, az eur\u00f3pai kupaporondon mind\u00f6ssze egy tal\u00e1lkoz\u00f3t hagyott ki. A Videoton elleni, 2025. febru\u00e1r 23-\u00e1n lej\u00e1tszott bajnokin megszerezte els\u0151 g\u00f3lj\u00e1t a magyar \u00e9lvonalban, de emellett a MOL Magyar Kup\u00e1ban is eredm\u00e9nyes volt az \u00dajpest FC ellen. Az \u00e9v v\u00e9g\u00e9n \u00fajabb bajnoki arany\u00e9remmel gazdagodott. A legut\u00f3bbi szezonban a nemzetk\u00f6zi selejtez\u0151ket \u00e9s az Eur\u00f3pa Liga-f\u0151t\u00e1bl\u00e1s szerepl\u00e9st tekintve tov\u00e1bbra is csak egyetlen m\u00e9rk\u0151z\u00e9sr\u0151l hi\u00e1nyzott Makreckis, a bajnoks\u00e1gban azonban t\u00f6bbsz\u00f6r is a kispadon kezdett \u2013 mindent egybevetve 38 meccset j\u00e1tszott. Egy-egy g\u00f3lt szerzett a bajnoks\u00e1gban \u00e9s a hazai kupasorozatban is, ut\u00f3bbiban v\u00e9gs\u0151 gy\u0151zelmet \u00fcnnepelhetett\u00a0a ZTE FC elleni, m\u00e1jusi d\u00f6nt\u0151 ut\u00e1n. Mindent figyelembe v\u00e9ve a v\u00e9d\u0151 a Ferencv\u00e1ros mez\u00e9ben 150\u00a0m\u00e9rk\u0151z\u00e9sen l\u00e9pett p\u00e1ly\u00e1ra, ezeken 5 g\u00f3lt szerzett, k\u00e9tszeres bajnokk\u00e9nt \u00e9s kupagy\u0151ztesk\u00e9nt t\u00e1vozik.<\/p>\n<p><a href=\"https:\/\/www.csakfoci.hu\/category\/atigazolasok\/\" rel=\"nofollow noopener\" target=\"_blank\">P\u00f6r\u00f6gnek a h\u00edrek az \u00e1tigazol\u00e1si piacon, k\u00f6vesd a csakfoci.hu folyamatosan friss\u00fcl\u0151 \u00e1tigazol\u00e1si rovat\u00e1t, ahol minden fontos inform\u00e1ci\u00f3t azonnal megtal\u00e1lsz &#8211; KATTINTS!<\/a><\/p>\n<p><a href=\"https:\/\/www.csakfoci.hu\/magyar-foci\/beindult-az-nb-i-es-piac-bejelentesek-kisvardan-felcsuton-es-gyorben-is-atigazolasi-korkep\" class=\"embed-article\" rel=\"nofollow noopener\" target=\"_blank\"><\/p>\n<p>Olvastad m\u00e1r?<\/p>\n<p>            <img loading=\"lazy\" decoding=\"async\" class=\"lazy-img\" src=\"https:\/\/www.europesays.com\/hu\/wp-content\/uploads\/2026\/07\/1783414092_301_varkonyi-scaled-e1783235992993-768x433.jpg\" width=\"768\" height=\"433\" alt=\"\"\/><\/p>\n<p>P\u00f6r\u00f6g az NB I-es piac: Alapemberek t\u00e1voztak a Zet\u00e9t\u0151l; Lisztes a Fradiban, Csinger az ETO-ban maradt &#8211; \u00e1tigazol\u00e1si k\u00f6rk\u00e9p<\/p>\n<p>\u00cdgy \u00e1llnak a magyar \u00e9lvonal klubjai a ny\u00e1ri \u00e9rkez\u0151k, a t\u00e1voz\u00f3k \u00e9s a jel\u00f6ltek ter\u00e9n.<\/p>\n<p>Elolvasom<\/p>\n<p><\/a><\/p>\n<p>\u00a0<\/p>\n","protected":false},"excerpt":{"rendered":"A legfrissebb h\u00edrek\u00e9rt k\u00f6vess minket a Csakfoci Google News oldal\u00e1n is! A Qarabag bejelentette, hogy a Ferencv\u00e1rossal folytatott&hellip;\n","protected":false},"author":2,"featured_media":164333,"comment_status":"","ping_status":"","sticky":false,"template":"","format":"standard","meta":{"footnotes":"","_share_on_mastodon":"0"},"categories":[14],"tags":[551,46,3661,377,500,5652,44,42,40,43,1067,41,46909,45,131],"class_list":["post-164332","post","type-post","status-publish","format-standard","has-post-thumbnail","category-sport","tag-cebrail-makreckis","tag-ferencvaros","tag-ferencvarosi-tc","tag-fradi","tag-ftc","tag-hazai-atigazolasi-hirek","tag-hu","tag-hungarian","tag-hungary","tag-magyar","tag-magyar-foci","tag-magyarorszag","tag-qarabag","tag-sport","tag-sports"],"share_on_mastodon":{"url":"https:\/\/pubeurope.com\/@hu\/116877833356911428","error":""},"_links":{"self":[{"href":"https:\/\/www.europesays.com\/hu\/wp-json\/wp\/v2\/posts\/164332","targetHints":{"allow":["GET"]}}],"collection":[{"href":"https:\/\/www.europesays.com\/hu\/wp-json\/wp\/v2\/posts"}],"about":[{"href":"https:\/\/www.europesays.com\/hu\/wp-json\/wp\/v2\/types\/post"}],"author":[{"embeddable":true,"href":"https:\/\/www.europesays.com\/hu\/wp-json\/wp\/v2\/users\/2"}],"replies":[{"embeddable":true,"href":"https:\/\/www.europesays.com\/hu\/wp-json\/wp\/v2\/comments?post=164332"}],"version-history":[{"count":0,"href":"https:\/\/www.europesays.com\/hu\/wp-json\/wp\/v2\/posts\/164332\/revisions"}],"wp:featuredmedia":[{"embeddable":true,"href":"https:\/\/www.europesays.com\/hu\/wp-json\/wp\/v2\/media\/164333"}],"wp:attachment":[{"href":"https:\/\/www.europesays.com\/hu\/wp-json\/wp\/v2\/media?parent=164332"}],"wp:term":[{"taxonomy":"category","embeddable":true,"href":"https:\/\/www.europesays.com\/hu\/wp-json\/wp\/v2\/categories?post=164332"},{"taxonomy":"post_tag","embeddable":true,"href":"https:\/\/www.europesays.com\/hu\/wp-json\/wp\/v2\/tags?post=164332"}],"curies":[{"name":"wp","href":"https:\/\/api.w.org\/{rel}","templated":true}]}}