{"id":164340,"date":"2026-07-07T08:53:06","date_gmt":"2026-07-07T08:53:06","guid":{"rendered":"https:\/\/www.europesays.com\/hu\/164340\/"},"modified":"2026-07-07T08:53:06","modified_gmt":"2026-07-07T08:53:06","slug":"surgossegi-targyalasban-mar-ma-vitaznak-sulyok-tamas-elmozditasarol-index-hu","status":"publish","type":"post","link":"https:\/\/www.europesays.com\/hu\/164340\/","title":{"rendered":"S\u00fcrg\u0151ss\u00e9gi t\u00e1rgyal\u00e1sban, m\u00e1r ma vit\u00e1znak Sulyok Tam\u00e1s elmozd\u00edt\u00e1s\u00e1r\u00f3l &#8211; Index.hu"},"content":{"rendered":"<p><a href=\"https:\/\/news.google.com\/rss\/articles\/CBMimgJBVV95cUxPcERQLWtaZExETkMxU1hVNHhYcE52V0wxdUhMdENJT3Z6NlBpQ051UHFtNGZycmhIN3hjeVlvQ1NoaUdydzdBSXlKaFRGVkdscnBOZzdFblA3em5Va2xXMlFKNm4yWTE2SldWOFhjNGwybmo5aVhGZVRGNXNlc0hYZjFqRy1GSTk0V2RsZnprendpOGdHaVNzSlV6VjFCS3BXQmRKc01fdHJVc0hFcDBZVlN4MWl2NWNvcWZBR28xR25iMkdsaDEySS1WZFBnMTFYeVI0cUtSUF9TeWR1MXhiOVRrWFY0bk5SZUxOcDFNOXdlN21Ndngxb1QxU3RMWk50SGhpbzBvY3NWdzVBZEdGbG10b25Ia2RaNXc?oc=5\" target=\"_blank\" rel=\"nofollow noopener\">S\u00fcrg\u0151ss\u00e9gi t\u00e1rgyal\u00e1sban, m\u00e1r ma vit\u00e1znak Sulyok Tam\u00e1s elmozd\u00edt\u00e1s\u00e1r\u00f3l<\/a>&nbsp;&nbsp;Index.hu<a href=\"https:\/\/news.google.com\/rss\/articles\/CBMinAFBVV95cUxNbHBJa0NVaE55S1JjZWVncW8xaHAycE0zTXRYRG1HeE9rS2dQQnVxMFdYZlY4dEZ5MThLUDhya0NCTm5mS3dsNklCOV9XdC10ZUlnbzFoaUJmYVBaQmJRdEVFZjYwWkUzRURwR3BpRDVHMUVuXzRXUlNwQlVFekRHUWsxZF9QT25nMlhLWEk3dEJzUTN6M0txY3RBQ00?oc=5\" target=\"_blank\" rel=\"nofollow noopener\">&#8222;Alapjaiban \u00e1ssa al\u00e1 a k\u00f6zjogi rendet, alkotm\u00e1nyos v\u00e1ls\u00e1g is kialakulhat&#8221; \u2013 \u00edgy l\u00e1tj\u00e1k a szak\u00e9rt\u0151k Magyar P\u00e9ter Alapt\u00f6rv\u00e9ny-m\u00f3dos\u00edt\u00e1s\u00e1t<\/a>&nbsp;&nbsp;24.hu<a href=\"https:\/\/news.google.com\/rss\/articles\/CBMimAFBVV95cUxQS1duV0JMWEtDWksyYS1kZ3lnX0gyRHpRUkVMRjQ4ZUp1OWdxVlV1QXdaNVlFTllFZjB0d3A0X1VEMUZMc1RUQnB2QkQ2a1lKVjk0bWZ5Z1A0R3pCOTZBWkY5NUtob0w3Q3lKSmpSUEgwemJwby1kZjZLLUZqUzJoaHAyOWJqQ1hBeWtmQmY4SUNkdGJRNXhVVw?oc=5\" target=\"_blank\" rel=\"nofollow noopener\">Zavaros \u00e9s ellentmond\u00f3 f\u00e9lmondat ker\u00fclt be az Alapt\u00f6rv\u00e9ny-m\u00f3dos\u00edt\u00e1sba, musz\u00e1j lenne megv\u00e1ltoztatni<\/a>&nbsp;&nbsp;| hvg.hu<a href=\"https:\/\/news.google.com\/rss\/articles\/CBMipgFBVV95cUxPU2ROV2V1YVVaTlJ5TFAtLWhtOW54OTFYY0Y2Q0E0a09ISWJoUmNhNkxvOVBRcVdGYVprTVdSZjFQYjJSOHNWQUpNcXl4VDZyVVVoNV9EUS1oNjN4ZFhpU1FPNnpSSHJuNTlzOWJoZnlKU2tmc1JDSEp2R3h3bEh3ZFpiR1hPODBhVmlaeWNiaDByb2pid0Y2dURVd2RSdGE0Qno3SmJ3?oc=5\" target=\"_blank\" rel=\"nofollow noopener\">A korm\u00e1ny beny\u00fajtotta az Orsz\u00e1ggy\u0171l\u00e9snek az Alapt\u00f6rv\u00e9ny tizenhetedik m\u00f3dos\u00edt\u00e1s\u00e1t<\/a>&nbsp;&nbsp;Magyarorsz\u00e1g Korm\u00e1nya<a href=\"https:\/\/news.google.com\/rss\/articles\/CBMijgFBVV95cUxPQXVUVFZnQUlyZUdHUC1JNlBTZ2JlVjUtUG40UGZaWGZobE02ZUVUSGtmcGROdU1LYnl1VGFWeWZUQm9Pc3ExeHZLbkMxaWJsMnVlem4tSkE2OGdNd1Jfa3UtaERsbkVkZVdYSUw4aFhrMDNwSWtVSl9BU2tRdk1OXzl3dklFOUN4OXZ4UkJn?oc=5\" target=\"_blank\" rel=\"nofollow noopener\">Kider\u00fclt, mit \u00edrt Sulyok a Velencei Bizotts\u00e1gnak<\/a>&nbsp;&nbsp;Klubr\u00e1di\u00f3<\/p>\n","protected":false},"excerpt":{"rendered":"S\u00fcrg\u0151ss\u00e9gi t\u00e1rgyal\u00e1sban, m\u00e1r ma vit\u00e1znak Sulyok Tam\u00e1s elmozd\u00edt\u00e1s\u00e1r\u00f3l&nbsp;&nbsp;Index.hu&#8222;Alapjaiban \u00e1ssa al\u00e1 a k\u00f6zjogi rendet, alkotm\u00e1nyos v\u00e1ls\u00e1g is kialakulhat&#8221; \u2013&hellip;\n","protected":false},"author":2,"featured_media":164341,"comment_status":"","ping_status":"","sticky":false,"template":"","format":"standard","meta":{"footnotes":"","_share_on_mastodon":"0"},"categories":[6],"tags":[17078,80,89,5443,44,42,40,4434,43,944,41,4184,2307,3485,5892,13146,945,4804,4773],"class_list":["post-164340","post","type-post","status-publish","format-standard","has-post-thumbnail","category-magyarorszag","tag-alaptorveny","tag-belfold","tag-fidesz","tag-gulyas-gergely","tag-hu","tag-hungarian","tag-hungary","tag-kdnp","tag-magyar","tag-magyar-peter","tag-magyarorszag","tag-mi-hazank-mozgalom","tag-orszaggyules","tag-parlament","tag-retvari-bence","tag-sulyok-tamas","tag-tisza-part","tag-toroczkai-laszlo","tag-vita"],"share_on_mastodon":{"url":"https:\/\/pubeurope.com\/@hu\/116877852997047319","error":""},"_links":{"self":[{"href":"https:\/\/www.europesays.com\/hu\/wp-json\/wp\/v2\/posts\/164340","targetHints":{"allow":["GET"]}}],"collection":[{"href":"https:\/\/www.europesays.com\/hu\/wp-json\/wp\/v2\/posts"}],"about":[{"href":"https:\/\/www.europesays.com\/hu\/wp-json\/wp\/v2\/types\/post"}],"author":[{"embeddable":true,"href":"https:\/\/www.europesays.com\/hu\/wp-json\/wp\/v2\/users\/2"}],"replies":[{"embeddable":true,"href":"https:\/\/www.europesays.com\/hu\/wp-json\/wp\/v2\/comments?post=164340"}],"version-history":[{"count":0,"href":"https:\/\/www.europesays.com\/hu\/wp-json\/wp\/v2\/posts\/164340\/revisions"}],"wp:featuredmedia":[{"embeddable":true,"href":"https:\/\/www.europesays.com\/hu\/wp-json\/wp\/v2\/media\/164341"}],"wp:attachment":[{"href":"https:\/\/www.europesays.com\/hu\/wp-json\/wp\/v2\/media?parent=164340"}],"wp:term":[{"taxonomy":"category","embeddable":true,"href":"https:\/\/www.europesays.com\/hu\/wp-json\/wp\/v2\/categories?post=164340"},{"taxonomy":"post_tag","embeddable":true,"href":"https:\/\/www.europesays.com\/hu\/wp-json\/wp\/v2\/tags?post=164340"}],"curies":[{"name":"wp","href":"https:\/\/api.w.org\/{rel}","templated":true}]}}