{"id":165117,"date":"2026-07-07T21:18:11","date_gmt":"2026-07-07T21:18:11","guid":{"rendered":"https:\/\/www.europesays.com\/hu\/165117\/"},"modified":"2026-07-07T21:18:11","modified_gmt":"2026-07-07T21:18:11","slug":"index-belfold-meglepo-szorakozasi-format-valasztott-ket-tinedzser-kukakat-dobtak-be-csaladi-hazak-udvarara","status":"publish","type":"post","link":"https:\/\/www.europesays.com\/hu\/165117\/","title":{"rendered":"Index &#8211; Belf\u00f6ld &#8211; Meglep\u0151 sz\u00f3rakoz\u00e1si form\u00e1t v\u00e1lasztott k\u00e9t tin\u00e9dzser, kuk\u00e1kat dobtak be csal\u00e1di h\u00e1zak udvar\u00e1ra"},"content":{"rendered":"<p>                <a href=\"https:\/\/index.hu\/szerzo\/olah_zsanett\" rel=\"nofollow noopener\" target=\"_blank\"><br \/>\n                        <img decoding=\"async\" class=\"szerzo-kep\" src=\"https:\/\/www.europesays.com\/hu\/wp-content\/uploads\/2026\/07\/68042483_5023425_6c25dbf93ee8e9917e996ebccc7002db_wm.jpg\" alt=\"Ol\u00e1h Zsanett\"\/><br \/>\n                <\/a><\/p>\n<p>\n                Az \u00e9jszakai \u00f3r\u00e1kban k\u00e9t kamasz \u00fagy d\u00f6nt\u00f6tt, puszt\u00e1n sz\u00f3rakoz\u00e1sb\u00f3l bedob\u00e1l p\u00e1r szemeteskuk\u00e1t csal\u00e1di h\u00e1zak udvar\u00e1ra, \u00e1m kil\u00e9t\u00fckre a lakoss\u00e1gi bejelent\u00e9sek nyom\u00e1n f\u00e9ny der\u00fclt. A k\u00e9t kakasdi fiatalember beismer\u0151 vallom\u00e1st tett, gar\u00e1zdas\u00e1g miatt ind\u00edtottak elj\u00e1r\u00e1st ellen\u00fck.            <\/p>\n<p>J\u00fanius 25-\u00e9n nem sokkal 23 \u00f3ra ut\u00e1n Szeksz\u00e1rdon a Kadarka utc\u00e1ban egy szem\u00e9ly kisz\u00e1llt a szem\u00e9lyaut\u00f3b\u00f3l, megragadott egy csal\u00e1di h\u00e1z el\u00e9 kitett kuk\u00e1t, majd a ker\u00edt\u00e9sen bedobta az udvarra\u00a0\u2013 sz\u00e1molt be a <a href=\"https:\/\/www.police.hu\/hu\/hirek-es-informaciok\/legfrissebb-hireink\/bunugyek\/szorakozasbol-dobalta-a-kukakat\" id=\"hyperlink_1f813c48b234f696624a8eb3c00c5579\" rel=\"nofollow noopener\" target=\"_blank\">police.hu<\/a>.<\/p>\n<p>Inform\u00e1ci\u00f3k alapj\u00e1n az \u00e9jszaka folyam\u00e1n hasonl\u00f3 m\u00f3don j\u00e1rhatott el az elk\u00f6vet\u0151 egy m\u00e1sik ingatlann\u00e1l is. A Tolna\u00a0V\u00e1rmegyei Rend\u0151r-f\u0151kapit\u00e1nys\u00e1g felh\u00edv\u00e1st tett k\u00f6zz\u00e9, amelyet k\u00f6vet\u0151en t\u00f6bb lakoss\u00e1gi bejelent\u00e9s is \u00e9rkezett.<\/p>\n<p>                        <img decoding=\"async\" id=\"kep_szerkfoto_image_70352579\" src=\"https:\/\/www.europesays.com\/hu\/wp-content\/uploads\/2026\/07\/70352579_6bce5f4f473919e71c6374455343f9e4_wm.jpg\" loading=\"lazy\" alt=\"Felv\u00e9tel az esetr\u0151l\" data-image_width=\"561\" data-image_height=\"374\"\/>Felv\u00e9tel az esetr\u0151l<\/p>\n<p>Fot\u00f3: Police.hu<\/p>\n<p>Ezek alapj\u00e1n\u00a0a Szeksz\u00e1rdi Rend\u0151rkapit\u00e1nys\u00e1g Szab\u00e1lys\u00e9rt\u00e9si El\u0151k\u00e9sz\u00edt\u0151 Csoport munkat\u00e1rsai azonos\u00edtott\u00e1k az elk\u00f6vet\u0151ket, elsz\u00e1moltat\u00e1sukr\u00f3l int\u00e9zkedtek. A 17 \u00e9s 19 \u00e9ves kakasdi f\u00e9rfiak beismer\u0151 vallom\u00e1st tettek.<\/p>\n<p>Elmond\u00e1suk alapj\u00e1n puszt\u00e1n sz\u00f3rakoz\u00e1sb\u00f3l dob\u00e1lt\u00e1k be a kuk\u00e1kat a csal\u00e1di h\u00e1zak udvar\u00e1ra.<\/p>\n<p>A fiatalemberek ellen gar\u00e1zdas\u00e1g szab\u00e1lys\u00e9rt\u00e9s miatt indult elj\u00e1r\u00e1s.<\/p>\n<p><a href=\"https:\/\/dex.hu\/x.php?id=googlepref_desktop&amp;url=https:\/\/google.com\/preferences\/source?q=https:\/\/index.hu\" class=\"google-pref-banner \" id=\"googlePrefBanner\" rel=\"nofollow noopener\" target=\"_blank\"><\/p>\n<p>    Itt \u00e1ll\u00edtsa be, hogy az Index az els\u0151k k\u00f6z\u00f6tt legyen a Google-tal\u00e1latokban!<\/p>\n<p><\/a><\/p>\n<p>    <img decoding=\"async\" src=\"https:\/\/index.hu\/assets\/images\/social-follow\/logo-big.svg\" alt=\"Index.hu logo\"\/><\/p>\n<p>K\u00f6vesse az Indexet Facebookon is!<\/p>\n<p>    <a href=\"https:\/\/facebook.com\/Indexhu\" target=\"_blank\" rel=\"nofollow noopener\"><\/p>\n<p>        K\u00f6vetem!<br \/>\n    <\/a><\/p>\n","protected":false},"excerpt":{"rendered":"Az \u00e9jszakai \u00f3r\u00e1kban k\u00e9t kamasz \u00fagy d\u00f6nt\u00f6tt, puszt\u00e1n sz\u00f3rakoz\u00e1sb\u00f3l bedob\u00e1l p\u00e1r szemeteskuk\u00e1t csal\u00e1di h\u00e1zak udvar\u00e1ra, \u00e1m kil\u00e9t\u00fckre a&hellip;\n","protected":false},"author":2,"featured_media":165118,"comment_status":"","ping_status":"","sticky":false,"template":"","format":"standard","meta":{"footnotes":"","_share_on_mastodon":"0"},"categories":[21],"tags":[80,152,198,48308,5719,137,5726,199,44,42,40,5135,43,41,11341,138,328],"class_list":["post-165117","post","type-post","status-publish","format-standard","has-post-thumbnail","category-hiressegek","tag-belfold","tag-ce-napi","tag-celebrities","tag-dobalas","tag-eljaras","tag-entertainment","tag-garazdasag","tag-hiressegek","tag-hu","tag-hungarian","tag-hungary","tag-kuka","tag-magyar","tag-magyarorszag","tag-szekszard","tag-szorakozas","tag-vallomas"],"share_on_mastodon":{"url":"https:\/\/pubeurope.com\/@hu\/116880782659243902","error":""},"_links":{"self":[{"href":"https:\/\/www.europesays.com\/hu\/wp-json\/wp\/v2\/posts\/165117","targetHints":{"allow":["GET"]}}],"collection":[{"href":"https:\/\/www.europesays.com\/hu\/wp-json\/wp\/v2\/posts"}],"about":[{"href":"https:\/\/www.europesays.com\/hu\/wp-json\/wp\/v2\/types\/post"}],"author":[{"embeddable":true,"href":"https:\/\/www.europesays.com\/hu\/wp-json\/wp\/v2\/users\/2"}],"replies":[{"embeddable":true,"href":"https:\/\/www.europesays.com\/hu\/wp-json\/wp\/v2\/comments?post=165117"}],"version-history":[{"count":0,"href":"https:\/\/www.europesays.com\/hu\/wp-json\/wp\/v2\/posts\/165117\/revisions"}],"wp:featuredmedia":[{"embeddable":true,"href":"https:\/\/www.europesays.com\/hu\/wp-json\/wp\/v2\/media\/165118"}],"wp:attachment":[{"href":"https:\/\/www.europesays.com\/hu\/wp-json\/wp\/v2\/media?parent=165117"}],"wp:term":[{"taxonomy":"category","embeddable":true,"href":"https:\/\/www.europesays.com\/hu\/wp-json\/wp\/v2\/categories?post=165117"},{"taxonomy":"post_tag","embeddable":true,"href":"https:\/\/www.europesays.com\/hu\/wp-json\/wp\/v2\/tags?post=165117"}],"curies":[{"name":"wp","href":"https:\/\/api.w.org\/{rel}","templated":true}]}}