{"id":165225,"date":"2026-07-07T23:48:08","date_gmt":"2026-07-07T23:48:08","guid":{"rendered":"https:\/\/www.europesays.com\/hu\/165225\/"},"modified":"2026-07-07T23:48:08","modified_gmt":"2026-07-07T23:48:08","slug":"a-meses-gorog-tengerpart-ami-olcsobb-de-legalabb-olyan-szep-valasztas-lehet-mint-santorini","status":"publish","type":"post","link":"https:\/\/www.europesays.com\/hu\/165225\/","title":{"rendered":"A mes\u00e9s g\u00f6r\u00f6g tengerpart, ami olcs\u00f3bb, de legal\u00e1bb olyan sz\u00e9p v\u00e1laszt\u00e1s lehet, mint Santorini"},"content":{"rendered":"<p class=\"post-teaser title\">Ha G\u00f6r\u00f6gorsz\u00e1g jut eszedbe, val\u00f3sz\u00edn\u0171leg feh\u00e9rre meszelt h\u00e1zak, k\u00e9k kupol\u00e1k \u00e9s naplement\u00e9s Santorini-k\u00e9pek ugranak be els\u0151k k\u00f6zt. Van azonban egy eleg\u00e1ns alternat\u00edva, amely t\u00f6bb tekintetben p\u00e9nzt\u00e1rcabar\u00e1tabb, m\u00e9gis \u00e1lomhangulatot k\u00edn\u00e1l: ez az Ath\u00e9ni Rivi\u00e9ra.<\/p>\n<p class=\"vjs-no-js\">A vide\u00f3 megtekint\u00e9s\u00e9hez enged\u00e9lyezze a JavaScript-et, \u00e9s\/vagy fontolja meg egy HTML5 vide\u00f3t t\u00e1mogat\u00f3 b\u00f6ng\u00e9sz\u0151 haszn\u00e1lat\u00e1t.<\/p>\n<p class=\"wp-block-paragraph\">Ha <a href=\"https:\/\/www.bien.hu\/irany-gorogorszag-ezekre-a-meses-helyekre-repithet-el-az-emily-parizsban-6-evada\/?ref=kapcsolodo_cikk_cimke\" rel=\"nofollow noopener\" target=\"_blank\">G\u00f6r\u00f6gorsz\u00e1g<\/a> jut eszedbe, val\u00f3sz\u00edn\u0171leg feh\u00e9rre meszelt h\u00e1zak, k\u00e9k kupol\u00e1k \u00e9s naplement\u00e9s Santorini-k\u00e9pek ugranak be els\u0151k k\u00f6zt. Van azonban egy, a g\u00f6r\u00f6g szigetek mellett gyakran h\u00e1tt\u00e9rbe szorul\u00f3, eleg\u00e1ns alternat\u00edva, amely t\u00f6bb tekintetben p\u00e9nzt\u00e1rcabar\u00e1tabb, m\u00e9gis \u00e1lomhangulatot k\u00edn\u00e1l: ez az Ath\u00e9ni Rivi\u00e9ra.<\/p>\n<p class=\"wp-block-paragraph\">A t\u00f6bb mint 60 kilom\u00e9ter hosszan elny\u00fal\u00f3 partszakasz az Attikai-f\u00e9lszigeten olyan, mintha egy g\u00f6r\u00f6g szigetet var\u00e1zsoltak volna a f\u0151v\u00e1ros mell\u00e9 \u2013 csak \u00e9pp kompok \u00e9s a legn\u00e9pszer\u0171bb szigetek zs\u00fafolts\u00e1ga n\u00e9lk\u00fcl.<\/p>\n<p>Mi\u00e9rt az Ath\u00e9ni Rivi\u00e9ra a g\u00f6r\u00f6g ny\u00e1r egyik gy\u00f6ngyszeme?<\/p>\n<p class=\"wp-block-paragraph\">Az Ath\u00e9ni Rivi\u00e9ra egyik legnagyobb el\u0151nye, hogy szinte hihetetlen\u00fcl k\u00f6zel van a f\u0151v\u00e1roshoz: <a href=\"https:\/\/www.bien.hu\/irany-gorogorszag-ezekre-a-meses-helyekre-repithet-el-az-emily-parizsban-6-evada\/?ref=kapcsolodo_cikk_cimke\" rel=\"nofollow noopener\" target=\"_blank\">Ath\u00e9n<\/a> belv\u00e1ros\u00e1b\u00f3l egy \u00f3r\u00e1n bel\u00fcl el\u00e9rhet\u0151 aut\u00f3val vagy villamossal. M\u00e9gis, a hangulata teljesen m\u00e1s.        <\/p>\n<p class=\"wp-block-paragraph\">Ebben a r\u00e9gi\u00f3ban a tengerparti luxus, a nyugodt strand\u00e9let \u00e9s az eleg\u00e1ns g\u00f6r\u00f6g \u00e9letst\u00edlus tal\u00e1lkozik, mik\u00f6zben gyakran kevesebb a turista, mint a felkapott szigeteken, p\u00e9ld\u00e1ul <a href=\"https:\/\/www.bien.hu\/santorini-legvarazslatosabb-gorog-sziget\/\" target=\"_blank\" rel=\"noreferrer noopener nofollow\">Santorinin<\/a> vagy Mykonoson \u2013 h\u00edvja fel r\u00e1 a figyelmet a Travel + Leisure.<\/p>\n<p class=\"post-nav-links\">Oldalak: 1 <a href=\"https:\/\/www.bien.hu\/a-meses-gorog-tengerpart-ami-olcsobb-valasztas-lehet-mint-santorini\/2\/\" class=\"post-page-numbers\" rel=\"nofollow noopener\" target=\"_blank\">2<\/a> <a href=\"https:\/\/www.bien.hu\/a-meses-gorog-tengerpart-ami-olcsobb-valasztas-lehet-mint-santorini\/3\/\" class=\"post-page-numbers\" rel=\"nofollow noopener\" target=\"_blank\">3<\/a> <a href=\"https:\/\/www.bien.hu\/a-meses-gorog-tengerpart-ami-olcsobb-valasztas-lehet-mint-santorini\/4\/\" class=\"post-page-numbers\" rel=\"nofollow noopener\" target=\"_blank\">4<\/a> <a href=\"https:\/\/www.bien.hu\/a-meses-gorog-tengerpart-ami-olcsobb-valasztas-lehet-mint-santorini\/5\/\" class=\"post-page-numbers\" rel=\"nofollow noopener\" target=\"_blank\">5<\/a><\/p>\n<p>A cikk folytat\u00f3dik, lapozz!\t<\/p>\n<p>Iratkozz fel a Bien.hu h\u00edrlevel\u00e9re!<\/p>\n<p class=\"bien-nl-lead\">A legjobb cikkek, horoszk\u00f3pok \u00e9s tesztek \u2013 egyenesen a postal\u00e1d\u00e1dba, ingyen.<\/p>\n<p class=\"vjs-no-js\">A vide\u00f3 megtekint\u00e9s\u00e9hez enged\u00e9lyezze a JavaScript-et, \u00e9s\/vagy fontolja meg egy HTML5 vide\u00f3t t\u00e1mogat\u00f3 b\u00f6ng\u00e9sz\u0151 haszn\u00e1lat\u00e1t.<\/p>\n<p>K\u00f6vesd a Bien.hu cikkeit a <a href=\"https:\/\/on.bien.hu\/GoogleHirek\" target=\"_blank\" rel=\"nofollow noopener\">Google H\u00edrek-ben<\/a> is!<\/p>\n<p>\t\t<a href=\"https:\/\/www.bien.hu\/cimke\/athen\/\" rel=\"tag nofollow noopener\" target=\"_blank\">ath\u00e9n<\/a><a href=\"https:\/\/www.bien.hu\/cimke\/slider\/\" rel=\"tag nofollow noopener\" target=\"_blank\">F\u0150OLDALI SLIDER<\/a><a href=\"https:\/\/www.bien.hu\/cimke\/gorogorszag\/\" rel=\"tag nofollow noopener\" target=\"_blank\">g\u00f6r\u00f6gorsz\u00e1g<\/a><a href=\"https:\/\/www.bien.hu\/cimke\/mediterran\/\" rel=\"tag nofollow noopener\" target=\"_blank\">mediterr\u00e1n<\/a><a href=\"https:\/\/www.bien.hu\/cimke\/nyaralas\/\" rel=\"tag nofollow noopener\" target=\"_blank\">nyaral\u00e1s<\/a><a href=\"https:\/\/www.bien.hu\/cimke\/strandolas\/\" rel=\"tag nofollow noopener\" target=\"_blank\">strandol\u00e1s<\/a><a href=\"https:\/\/www.bien.hu\/cimke\/tengerpart\/\" rel=\"tag nofollow noopener\" target=\"_blank\">tengerpart<\/a><a href=\"https:\/\/www.bien.hu\/cimke\/utazas\/\" rel=\"tag nofollow noopener\" target=\"_blank\">utaz\u00e1s<\/a>\t<\/p>\n","protected":false},"excerpt":{"rendered":"Ha G\u00f6r\u00f6gorsz\u00e1g jut eszedbe, val\u00f3sz\u00edn\u0171leg feh\u00e9rre meszelt h\u00e1zak, k\u00e9k kupol\u00e1k \u00e9s naplement\u00e9s Santorini-k\u00e9pek ugranak be els\u0151k k\u00f6zt. Van&hellip;\n","protected":false},"author":2,"featured_media":165226,"comment_status":"","ping_status":"","sticky":false,"template":"","format":"standard","meta":{"footnotes":"","_share_on_mastodon":"0"},"categories":[8],"tags":[18472,1425,42,12713,43,13128,34,1497,45753,1426,674,94,93,92],"class_list":["post-165225","post","type-post","status-publish","format-standard","has-post-thumbnail","category-vilag","tag-athen","tag-gorogorszag","tag-hungarian","tag-kikapcsolodas","tag-magyar","tag-mediterran","tag-news","tag-nyaralas","tag-strandolas","tag-tengerpart","tag-utazas","tag-vilag","tag-world","tag-world-news"],"share_on_mastodon":{"url":"https:\/\/pubeurope.com\/@hu\/116881372248214540","error":""},"_links":{"self":[{"href":"https:\/\/www.europesays.com\/hu\/wp-json\/wp\/v2\/posts\/165225","targetHints":{"allow":["GET"]}}],"collection":[{"href":"https:\/\/www.europesays.com\/hu\/wp-json\/wp\/v2\/posts"}],"about":[{"href":"https:\/\/www.europesays.com\/hu\/wp-json\/wp\/v2\/types\/post"}],"author":[{"embeddable":true,"href":"https:\/\/www.europesays.com\/hu\/wp-json\/wp\/v2\/users\/2"}],"replies":[{"embeddable":true,"href":"https:\/\/www.europesays.com\/hu\/wp-json\/wp\/v2\/comments?post=165225"}],"version-history":[{"count":0,"href":"https:\/\/www.europesays.com\/hu\/wp-json\/wp\/v2\/posts\/165225\/revisions"}],"wp:featuredmedia":[{"embeddable":true,"href":"https:\/\/www.europesays.com\/hu\/wp-json\/wp\/v2\/media\/165226"}],"wp:attachment":[{"href":"https:\/\/www.europesays.com\/hu\/wp-json\/wp\/v2\/media?parent=165225"}],"wp:term":[{"taxonomy":"category","embeddable":true,"href":"https:\/\/www.europesays.com\/hu\/wp-json\/wp\/v2\/categories?post=165225"},{"taxonomy":"post_tag","embeddable":true,"href":"https:\/\/www.europesays.com\/hu\/wp-json\/wp\/v2\/tags?post=165225"}],"curies":[{"name":"wp","href":"https:\/\/api.w.org\/{rel}","templated":true}]}}