{"id":166541,"date":"2026-07-09T05:03:10","date_gmt":"2026-07-09T05:03:10","guid":{"rendered":"https:\/\/www.europesays.com\/hu\/166541\/"},"modified":"2026-07-09T05:03:10","modified_gmt":"2026-07-09T05:03:10","slug":"auto-autoszallito-borult-fel-az-m1-esen-8-kilometeres-a-dugo-budapest-fele","status":"publish","type":"post","link":"https:\/\/www.europesays.com\/hu\/166541\/","title":{"rendered":"Aut\u00f3: Aut\u00f3sz\u00e1ll\u00edt\u00f3 borult fel az M1-esen, 8 kilom\u00e9teres a dug\u00f3 Budapest fel\u00e9"},"content":{"rendered":"<p>\u00c1tszak\u00edtotta a s\u00e1vokat elv\u00e1laszt\u00f3 szalagkorl\u00e1tot egy aut\u00f3sz\u00e1ll\u00edt\u00f3 tr\u00e9ler, majd mindk\u00e9t p\u00e1lyatest halad\u00f3 s\u00e1vjait elz\u00e1rva az oldal\u00e1ra borult az M1-es aut\u00f3p\u00e1ly\u00e1n cs\u00fct\u00f6rt\u00f6k hajnalban \u2013 k\u00f6z\u00f6lte a <a href=\"https:\/\/www.police.hu\/hu\/hirek-es-informaciok\/utinfo\/baleseti-hirek\/forgalomkorlatozas-az-m1-es-autopalyan-abda-tersegeben\" target=\"_blank\" rel=\"nofollow noopener\">rend\u0151rs\u00e9g<\/a>.<\/p>\n<p>A baleset a sztr\u00e1da Hegyeshalom fel\u00e9 vezet\u0151 oldal\u00e1n, Abda t\u00e9r\u00e9s\u00e9g\u00e9ben, a 131-es kilom\u00e9tern\u00e9l t\u00f6rt\u00e9nt, az okai egyel\u0151re tiszt\u00e1zatlanok.<\/p>\n<p>A helysz\u00ednen a szemle \u00e9s a m\u0171szaki ment\u00e9s ideje alatt, rend\u0151ri ir\u00e1ny\u00edt\u00e1s mellett, a forgalom a le\u00e1ll\u00f3 s\u00e1vokon haladhat.<\/p>\n<p>Az \u00datinform szerint a Hegyeshalom fel\u00e9 vezet\u0151 oldalon t\u00f6bb mint 3 kilom\u00e9teres a torl\u00f3d\u00e1s, \u00edgy aki teheti, a Gy\u0151r-Nyugat\/Csorna csom\u00f3pontban, az 1-es f\u0151\u00fat fel\u00e9 tud ker\u00fclni.<\/p>\n<p>A Budapest fel\u00e9 vezet\u0151 oldalon l\u00e9p\u00e9sben halad a forgalom, t\u00f6bb mint 8 kilom\u00e9ter hosszan torl\u00f3dnak a j\u00e1rm\u0171vek.<\/p>\n","protected":false},"excerpt":{"rendered":"\u00c1tszak\u00edtotta a s\u00e1vokat elv\u00e1laszt\u00f3 szalagkorl\u00e1tot egy aut\u00f3sz\u00e1ll\u00edt\u00f3 tr\u00e9ler, majd mindk\u00e9t p\u00e1lyatest halad\u00f3 s\u00e1vjait elz\u00e1rva az oldal\u00e1ra borult az&hellip;\n","protected":false},"author":2,"featured_media":166025,"comment_status":"","ping_status":"","sticky":false,"template":"","format":"standard","meta":{"footnotes":"","_share_on_mastodon":"0"},"categories":[22],"tags":[49095,469,73,44,42,40,530,43,41,3738],"class_list":["post-166541","post","type-post","status-publish","format-standard","has-post-thumbnail","category-budapest","tag-abda","tag-baleset","tag-budapest","tag-hu","tag-hungarian","tag-hungary","tag-m1-es-autopalya","tag-magyar","tag-magyarorszag","tag-torlodas"],"share_on_mastodon":{"url":"https:\/\/pubeurope.com\/@hu\/116888273085728396","error":""},"_links":{"self":[{"href":"https:\/\/www.europesays.com\/hu\/wp-json\/wp\/v2\/posts\/166541","targetHints":{"allow":["GET"]}}],"collection":[{"href":"https:\/\/www.europesays.com\/hu\/wp-json\/wp\/v2\/posts"}],"about":[{"href":"https:\/\/www.europesays.com\/hu\/wp-json\/wp\/v2\/types\/post"}],"author":[{"embeddable":true,"href":"https:\/\/www.europesays.com\/hu\/wp-json\/wp\/v2\/users\/2"}],"replies":[{"embeddable":true,"href":"https:\/\/www.europesays.com\/hu\/wp-json\/wp\/v2\/comments?post=166541"}],"version-history":[{"count":0,"href":"https:\/\/www.europesays.com\/hu\/wp-json\/wp\/v2\/posts\/166541\/revisions"}],"wp:featuredmedia":[{"embeddable":true,"href":"https:\/\/www.europesays.com\/hu\/wp-json\/wp\/v2\/media\/166025"}],"wp:attachment":[{"href":"https:\/\/www.europesays.com\/hu\/wp-json\/wp\/v2\/media?parent=166541"}],"wp:term":[{"taxonomy":"category","embeddable":true,"href":"https:\/\/www.europesays.com\/hu\/wp-json\/wp\/v2\/categories?post=166541"},{"taxonomy":"post_tag","embeddable":true,"href":"https:\/\/www.europesays.com\/hu\/wp-json\/wp\/v2\/tags?post=166541"}],"curies":[{"name":"wp","href":"https:\/\/api.w.org\/{rel}","templated":true}]}}