{"id":166591,"date":"2026-07-09T05:58:11","date_gmt":"2026-07-09T05:58:11","guid":{"rendered":"https:\/\/www.europesays.com\/hu\/166591\/"},"modified":"2026-07-09T05:58:11","modified_gmt":"2026-07-09T05:58:11","slug":"g7-most-ugy-merult-fel-a-tesco-hazai-kivonulasa-hogy-otthon-epp-jol-megy-a-cegnek","status":"publish","type":"post","link":"https:\/\/www.europesays.com\/hu\/166591\/","title":{"rendered":"G7: Most \u00fagy mer\u00fclt fel a Tesco hazai kivonul\u00e1sa, hogy otthon \u00e9pp j\u00f3l megy a c\u00e9gnek"},"content":{"rendered":"<p><img decoding=\"async\" src=\"https:\/\/www.europesays.com\/hu\/wp-content\/uploads\/2026\/07\/1783522191-temp-gn6l9aejjuojbjmhgag_hero-normal:xl.jpg\"  loading=\"eager\" alt=\"Most \u00fagy mer\u00fclt fel a Tesco hazai kivonul\u00e1sa, hogy otthon \u00e9pp j\u00f3l megy a c\u00e9gnek\" class=\"placeholder_\"\/><\/p>\n<p>A zirci Tesco \u00e1ruh\u00e1z 2023. j\u00falius 12-\u00e9n \u2013 Fot\u00f3: M\u00e1th\u00e9 Zolt\u00e1n \/ MTI<\/p>\n<p><a href=\"https:\/\/telex.hu\/szerzo\/stubnya-bence\" class=\"author__avatar\" rel=\"nofollow noopener\" target=\"_blank\"><img decoding=\"async\" src=\"https:\/\/www.europesays.com\/hu\/wp-content\/uploads\/2026\/07\/1783513508_817_1765552345-temp-u9p569pu2fq81jDaOOK_avatar@4x.jpg\" alt=\"Stubnya Bence\" class=\"avatar\" loading=\"lazy\"\/><\/a><\/p>\n<p>A k\u00f6z\u00e9p-eur\u00f3pai \u00e9rdekelts\u00e9geinek elad\u00e1s\u00e1t vizsg\u00e1lja a Tesco, \u00edrta szerd\u00e1n a <a href=\"https:\/\/www.ft.com\/content\/0f3ba8c7-eb96-4c18-a274-b8f8609b8f0c?segmentId=2c1df321-36a4-1206-2c08-112c059dd69d\" target=\"_blank\" rel=\"nofollow noopener\">Financial Times<\/a>. Az \u00fczleti lap \u00e9rtes\u00fcl\u00e9sei szerint a brit kiskereskedelmi v\u00e1llalat befektet\u00e9si bank\u00e1rokkal m\u00e9ri fel, hogy milyen lehet\u0151s\u00e9gek \u00e1llnak rendelkez\u00e9sre a csehorsz\u00e1gi, magyarorsz\u00e1gi \u00e9s szlov\u00e1kiai m\u0171k\u00f6d\u00e9s\u00e9vel kapcsolatban.<\/p>\n<p>\u201eNem komment\u00e1l pletyk\u00e1kat vagy tal\u00e1lgat\u00e1sokat\u201d a Tesco anyav\u00e1llalata a G7-nek k\u00fcld\u00f6tt \u00edr\u00e1sos v\u00e1lasza szerint.<\/p>\n<p>El\u0151zm\u00e9nyek: a Tesco hazai kivonul\u00e1sa sz\u00e1mos alkalommal felmer\u00fclt az elm\u00falt m\u00e1sf\u00e9l \u00e9vtizedben, a magyar sajt\u00f3n v\u00e9gigfutott a kivonul\u00e1s lehet\u0151s\u00e9ge p\u00e9ld\u00e1ul 2015-ben egy szlov\u00e1kiai \u00e9rtes\u00fcl\u00e9s alapj\u00e1n (miut\u00e1n az anyac\u00e9g eladta a d\u00e9l-koreai \u00e9rdekelts\u00e9geit), \u00e9s 2020-ban is, miut\u00e1n a c\u00e9g kivonult Lengyelorsz\u00e1gb\u00f3l.<\/p>\n<p>Ezeket az \u00e9rtes\u00fcl\u00e9seket a c\u00e9g kor\u00e1bban t\u00f6bbsz\u00f6r is c\u00e1folta, ahogy p\u00e9ld\u00e1ul a G7 k\u00e9rd\u00e9s\u00e9re is <a href=\"https:\/\/telex.hu\/g7\/kozelet\/2021\/09\/23\/az-auchan-a-tesco-es-a-penny-market-magyaritasaval-erheti-el-a-kormany-a-nagy-almat\" class=\"\" rel=\"nofollow noopener\" target=\"_blank\">2021-ben<\/a>.<\/p>\n<p>Igen, de: a Tesco trendszer\u0171en egyre ink\u00e1bb a hazai piac\u00e1ra koncentr\u00e1l. 2020-ban a brit kiskereskedelmi v\u00e1llalat Lengyelorsz\u00e1g mellett Thaif\u00f6ldr\u0151l \u00e9s Malajzi\u00e1b\u00f3l is <a href=\"https:\/\/www.tescoplc.com\/tesco-completes-sale-of-businesses-in-thailand-and-malaysia\/\" target=\"_blank\" rel=\"nofollow noopener\">kivonult<\/a>.<\/p>\n<p>Ken Murphy vez\u00e9rigazgat\u00f3 2023-ban a r\u00e9szv\u00e9nyeseknek arr\u00f3l besz\u00e9lt, hogy a k\u00f6z\u00e9p-eur\u00f3pai \u00fczlet\u00e1g a Tesco \u201eszerves r\u00e9sz\u00e9t\u201d k\u00e9pezi, \u00e9s m\u0171k\u00f6d\u00e9se alig von el vezet\u0151i figyelmet a v\u00e1llalat f\u0151 piac\u00e1nak sz\u00e1m\u00edt\u00f3 Egyes\u00fclt Kir\u00e1lys\u00e1gt\u00f3l.<\/p>\n<p>Sz\u00e1mokban: a k\u00f6z\u00e9p-eur\u00f3pai \u00fczlet\u00e1g a 2025\u20132026-os \u00fczleti \u00e9vben 4,49 milli\u00e1rd font \u00e1rbev\u00e9telt \u00e9rt el, ami v\u00e1ltozatlan \u00e1rfolyamon sz\u00e1molva 3,7 sz\u00e1zal\u00e9kos n\u00f6veked\u00e9s az el\u0151z\u0151 \u00e9vhez k\u00e9pest. Az \u00fczlet\u00e1g nyeres\u00e9gess\u00e9ge ugyanakkor 0,9 sz\u00e1zal\u00e9kkal cs\u00f6kkent. A r\u00e9gi\u00f3 a Tesco csoportszint\u0171 nyeres\u00e9g\u00e9nek mintegy 4 sz\u00e1zal\u00e9k\u00e1t adta ebben az id\u0151szakban a <a href=\"https:\/\/www.reuters.com\/business\/tesco-weighs-sale-central-eastern-european-ops-ft-reports-2026-07-08\/\" target=\"_blank\" rel=\"nofollow noopener\">Reuters<\/a> \u00e1ltal id\u00e9zett adatok szerint.<\/p>\n<p>T\u00e1gabb kontextus: a Tesco a 2000-es \u00e9vek v\u00e9g\u00e9n m\u00e9g a brit \u00e9lelmiszerpiac k\u00f6zel egyharmad\u00e1t uralta, \u00e1m a 2010-es \u00e9vek k\u00f6zep\u00e9n egy k\u00f6nyvel\u00e9si botr\u00e1ny, valamint az Aldi \u00e9s a Lidl el\u0151ret\u00f6r\u00e9se miatt jelent\u0151sen meggyeng\u00fclt a poz\u00edci\u00f3ja.<\/p>\n<p>Az elm\u00falt \u00e9vekben azonban a v\u00e1llalat ism\u00e9t meg tudta er\u0151s\u00edteni piacvezet\u0151 poz\u00edci\u00f3j\u00e1t az Egyes\u00fclt Kir\u00e1lys\u00e1gban, a c\u00e9g piaci r\u00e9szesed\u00e9se a 2020-as 26,5 sz\u00e1zal\u00e9kr\u00f3l 28 sz\u00e1zal\u00e9k f\u00f6l\u00e9 n\u0151tt 2025-re a <a href=\"https:\/\/www.theguardian.com\/business\/2025\/oct\/19\/tesco-britain-biggest-retailer-dominates?\" target=\"_blank\" rel=\"nofollow noopener\">Guardian<\/a> \u00e1ltal id\u00e9zett adatok szerint.A n\u00f6veked\u00e9st f\u0151k\u00e9nt kisebb boltok (Tesco Express) nyit\u00e1s\u00e1val \u00e9s az online \u00fczlet\u00e1g er\u0151s\u00edt\u00e9s\u00e9vel siker\u00fclt el\u00e9rnie a c\u00e9gnek.<\/p>\n<p>Aluln\u00e9zet: a Tesco Magyarorsz\u00e1gnak viszont nem ment j\u00f3l az elm\u00falt \u00e9vekben, a v\u00e1llalat a 2023\u20132024-es \u00e9s a 2024\u20132025-\u00f6s \u00fczleti \u00e9vben is vesztes\u00e9ges volt, \u00e9s ahogy arra a <a href=\"http:\/\/portfolio.hu\" target=\"_blank\" rel=\"nofollow noopener\">Portfolio.hu<\/a> cikke eml\u00e9keztet, egy ingatlanelad\u00e1s h\u00edj\u00e1n m\u00e1r a 2022\u20132023-as \u00fczleti \u00e9vben is az lett volna.<\/p>\n<p>A 2022\u20132023-as infl\u00e1ci\u00f3s hull\u00e1m nem tett j\u00f3l a c\u00e9gnek, infl\u00e1ci\u00f3 n\u00e9lk\u00fcl az \u00e1rbev\u00e9tele ebben az id\u0151szakban csaknem 21 sz\u00e1zal\u00e9kkal <a href=\"https:\/\/telex.hu\/g7\/vallalat\/2026\/06\/19\/olcsobb-elelmiszer-kiskereskedelem-import-eros-forint-arresstop\" class=\"\" rel=\"nofollow noopener\" target=\"_blank\">esett volna vissza<\/a>, de a kiskereskedelmi k\u00fcl\u00f6nad\u00f3 \u00e9s az egy\u00e9b korl\u00e1toz\u00f3 int\u00e9zked\u00e9sek (\u00e1rstop, \u00e1rr\u00e9sstop, k\u00f6telez\u0151 akci\u00f3k) sem k\u00f6nny\u00edtett\u00e9k meg a gazd\u00e1lkod\u00e1s\u00e1t.A v\u00e1llalat alkalmazottainak l\u00e9tsz\u00e1ma 2022 \u0151sz\u00e9n m\u00e9g 11 ezer f\u0151 felett volt, id\u00e9n tavasszal viszont m\u00e1r csak 9400 k\u00f6r\u00fcl alakult.<\/p>\n<p>Mi v\u00e1rhat\u00f3? Hab\u00e1r hazai piac\u00e1n a Tesc\u00f3nak az Aldi \u00e9s a Lidl piacszerz\u00e9se mellett is siker\u00fclt n\u00f6vekednie, Magyarorsz\u00e1gon 2020-ban a Lidl \u00e1tvette a Tesc\u00f3t\u00f3l a piacvezet\u0151 poz\u00edci\u00f3t, \u00e9s m\u00e9g az elm\u00falt \u00e9vekben is <a href=\"https:\/\/telex.hu\/gazdasag\/2025\/06\/03\/spar-lidl-aldi-2024-eredmeny-arbevetel-veszteseg-kiskereskedelmi-kulonado-arsapka\" class=\"\" rel=\"nofollow noopener\" target=\"_blank\">sokat er\u0151s\u00f6d\u00f6tt<\/a>. A Tesco piaci r\u00e9szesed\u00e9se a 2010-es \u00e9vek k\u00f6zepe \u00f3ta trendszer\u0171en cs\u00f6kken itthon.<\/p>\n<p>A k\u00f6vetkez\u0151 \u00e9vek \u00e9rdekes fejlem\u00e9nye lehet, \u00e9s egyben \u00e9lez\u0151d\u0151 versenyt vet\u00edt el\u0151re a Tesc\u00f3nak is, hogy az Auchan az \u00faj strat\u00e9gi\u00e1val h\u00e9t \u00e9v alatt a piac harmadik legnagyobb szerepl\u0151j\u00e9v\u00e9 szeretne v\u00e1lni. A <a href=\"https:\/\/hvg.hu\/360\/20260706_auchan-kiskereskedelem-jellinek-indotek-ebx\" target=\"_blank\" rel=\"nofollow noopener\">HVG \u00e9rtes\u00fcl\u00e9sei<\/a> szerint az \u00faj strat\u00e9gia kisebb boltokra, ezekben \u00e1tvehet\u0151 online rendel\u00e9sekre \u00e9s szupermarketek nyit\u00e1s\u00e1ra \u00e9p\u00fclne.<\/p>\n<p>K\u00f6vess minket Facebookon is!<\/p>\n","protected":false},"excerpt":{"rendered":"A zirci Tesco \u00e1ruh\u00e1z 2023. j\u00falius 12-\u00e9n \u2013 Fot\u00f3: M\u00e1th\u00e9 Zolt\u00e1n \/ MTI A k\u00f6z\u00e9p-eur\u00f3pai \u00e9rdekelts\u00e9geinek elad\u00e1s\u00e1t vizsg\u00e1lja&hellip;\n","protected":false},"author":2,"featured_media":166592,"comment_status":"","ping_status":"","sticky":false,"template":"","format":"standard","meta":{"footnotes":"","_share_on_mastodon":"0"},"categories":[33],"tags":[7962,4326,1316,1444,38,35,37,44,42,40,2680,6370,3019,43,41,34,10963,36,3037,39],"class_list":["post-166591","post","type-post","status-publish","format-standard","has-post-thumbnail","category-hirek","tag-aldi","tag-auchan","tag-egyesult-kiralysag","tag-egyperces","tag-focimek","tag-headlines","tag-hirek","tag-hu","tag-hungarian","tag-hungary","tag-kiskereskedelem","tag-kivonulas","tag-lidl","tag-magyar","tag-magyarorszag","tag-news","tag-tesco","tag-top-stories","tag-vallalat","tag-vezeto-hirek"],"share_on_mastodon":{"url":"https:\/\/pubeurope.com\/@hu\/116888489716075112","error":""},"_links":{"self":[{"href":"https:\/\/www.europesays.com\/hu\/wp-json\/wp\/v2\/posts\/166591","targetHints":{"allow":["GET"]}}],"collection":[{"href":"https:\/\/www.europesays.com\/hu\/wp-json\/wp\/v2\/posts"}],"about":[{"href":"https:\/\/www.europesays.com\/hu\/wp-json\/wp\/v2\/types\/post"}],"author":[{"embeddable":true,"href":"https:\/\/www.europesays.com\/hu\/wp-json\/wp\/v2\/users\/2"}],"replies":[{"embeddable":true,"href":"https:\/\/www.europesays.com\/hu\/wp-json\/wp\/v2\/comments?post=166591"}],"version-history":[{"count":0,"href":"https:\/\/www.europesays.com\/hu\/wp-json\/wp\/v2\/posts\/166591\/revisions"}],"wp:featuredmedia":[{"embeddable":true,"href":"https:\/\/www.europesays.com\/hu\/wp-json\/wp\/v2\/media\/166592"}],"wp:attachment":[{"href":"https:\/\/www.europesays.com\/hu\/wp-json\/wp\/v2\/media?parent=166591"}],"wp:term":[{"taxonomy":"category","embeddable":true,"href":"https:\/\/www.europesays.com\/hu\/wp-json\/wp\/v2\/categories?post=166591"},{"taxonomy":"post_tag","embeddable":true,"href":"https:\/\/www.europesays.com\/hu\/wp-json\/wp\/v2\/tags?post=166591"}],"curies":[{"name":"wp","href":"https:\/\/api.w.org\/{rel}","templated":true}]}}