{"id":167033,"date":"2026-07-09T12:56:10","date_gmt":"2026-07-09T12:56:10","guid":{"rendered":"https:\/\/www.europesays.com\/hu\/167033\/"},"modified":"2026-07-09T12:56:10","modified_gmt":"2026-07-09T12:56:10","slug":"a-jogositvany-elvetele-gyorshajtasert-az-mar-a-mult-van-mar-sokkal-jobb-buntetes-is","status":"publish","type":"post","link":"https:\/\/www.europesays.com\/hu\/167033\/","title":{"rendered":"A jogos\u00edtv\u00e1ny elv\u00e9tele gyorshajt\u00e1s\u00e9rt? Az m\u00e1r a m\u00falt, van m\u00e1r sokkal jobb b\u00fcntet\u00e9s is"},"content":{"rendered":"<p>Virginia \u00e1llamban j\u00falius 1-t\u0151l a b\u00edr\u00e1k \u00faj lehet\u0151s\u00e9get kaptak a s\u00falyos gyorshajt\u00f3k b\u00fcntet\u00e9s\u00e9re: a jogos\u00edtv\u00e1ny bevon\u00e1sa helyett elrendelhetik, hogy az \u00e9rintett aut\u00f3j\u00e1ba intelligens sebess\u00e9gkorl\u00e1toz\u00f3 rendszert szereljenek \u2013 \u00edrja az <a href=\"https:\/\/www.nbcwashington.com\/news\/local\/virginia-law-will-put-speed-limiting-devices-on-reckless-drivers-cars\/4123921\/\" target=\"_blank\" rel=\"noopener nofollow\">NBC Washingot<\/a> h\u00edrad\u00e1sa nyom\u00e1n a <a href=\"https:\/\/hvg.hu\/cegauto\/20260708_intelligens-sebessegkorlatozo-gyorshajtoknak\" target=\"_blank\" rel=\"noopener nofollow\">hvg.hu<\/a>.<\/p>\n<p>Az ISA (Intelligent Speed Assistance), vagyis az intelligens sebess\u00e9g-t\u00e1mogat\u00f3 rendszer GPS-adatok \u00e9s a digit\u00e1lis t\u00e9rk\u00e9pek sebess\u00e9gkorl\u00e1toz\u00e1sai alapj\u00e1n m\u0171k\u00f6dik. A berendez\u00e9s nem f\u00e9kezi le hirtelen az aut\u00f3t, hanem egyszer\u0171en nem engedi tov\u00e1bb gyors\u00edtani, amint a j\u00e1rm\u0171 el\u00e9ri az adott \u00fatszakaszon megengedett legnagyobb sebess\u00e9get.<\/p>\n<p>Az \u00faj szab\u00e1lyt legf\u0151k\u00e9ppen a visszaes\u0151 \u00e9s k\u00fcl\u00f6n\u00f6sen s\u00falyos sz\u00e1guldoz\u00f3kra tervezik alkalmazni.<\/p>\n<p>Ezen k\u00edv\u00fcl azokra is alkalmazhatja a b\u00edr\u00f3, akiket 160 km\/\u00f3r\u00e1n\u00e1l nagyobb sebess\u00e9ggel kaptak el. Sz\u00e1mukra a sebess\u00e9gkorl\u00e1toz\u00f3 felszerel\u00e9se a hagyom\u00e1nyos jogos\u00edtv\u00e1nyfelf\u00fcggeszt\u00e9s alternat\u00edv\u00e1ja lehet.<\/p>\n<p>Hasonl\u00f3 szab\u00e1lyoz\u00e1st kor\u00e1bban m\u00e1r Washington D.C.-ben is elfogadtak. A program t\u00e1mogat\u00f3i szerint a technol\u00f3gia seg\u00edthet cs\u00f6kkenteni a hal\u00e1los k\u00f6zleked\u00e9si balesetek sz\u00e1m\u00e1t, mivel \u00e9ppen azt a viszonylag sz\u0171k sof\u0151rcsoportot c\u00e9lozza, amely a legs\u00falyosabb gyorshajt\u00e1sok\u00e9rt \u00e9s a legs\u00falyosabb balesetek jelent\u0151s r\u00e9sz\u00e9\u00e9rt felel\u0151s. A kritikusok ugyanakkor att\u00f3l tartanak, hogy az int\u00e9zked\u00e9s \u00fajabb l\u00e9p\u00e9st jelent a j\u00e1rm\u0171vek \u00e9s a sof\u0151r\u00f6k elektronikus ellen\u0151rz\u00e9se fel\u00e9.<\/p>\n<p>Az eszk\u00f6z m\u0171k\u00f6d\u00e9s\u00e9r\u0151l r\u00f6vid \u00f6sszefoglal\u00f3 is k\u00e9sz\u00fclt:<\/p>\n","protected":false},"excerpt":{"rendered":"Virginia \u00e1llamban j\u00falius 1-t\u0151l a b\u00edr\u00e1k \u00faj lehet\u0151s\u00e9get kaptak a s\u00falyos gyorshajt\u00f3k b\u00fcntet\u00e9s\u00e9re: a jogos\u00edtv\u00e1ny bevon\u00e1sa helyett elrendelhetik,&hellip;\n","protected":false},"author":2,"featured_media":127067,"comment_status":"","ping_status":"","sticky":false,"template":"","format":"standard","meta":{"footnotes":"","_share_on_mastodon":"0"},"categories":[8],"tags":[303,272,42,6758,3445,43,49178,34,269,44061,245,94,93,92],"class_list":["post-167033","post","type-post","status-publish","format-standard","has-post-thumbnail","category-vilag","tag-egyesult-allamok","tag-gyorshajtas","tag-hungarian","tag-korlatozas","tag-kotelezo","tag-magyar","tag-muszer","tag-news","tag-rendorseg","tag-szaguldas","tag-vezetes","tag-vilag","tag-world","tag-world-news"],"share_on_mastodon":{"url":"https:\/\/pubeurope.com\/@hu\/116890133129541475","error":""},"_links":{"self":[{"href":"https:\/\/www.europesays.com\/hu\/wp-json\/wp\/v2\/posts\/167033","targetHints":{"allow":["GET"]}}],"collection":[{"href":"https:\/\/www.europesays.com\/hu\/wp-json\/wp\/v2\/posts"}],"about":[{"href":"https:\/\/www.europesays.com\/hu\/wp-json\/wp\/v2\/types\/post"}],"author":[{"embeddable":true,"href":"https:\/\/www.europesays.com\/hu\/wp-json\/wp\/v2\/users\/2"}],"replies":[{"embeddable":true,"href":"https:\/\/www.europesays.com\/hu\/wp-json\/wp\/v2\/comments?post=167033"}],"version-history":[{"count":0,"href":"https:\/\/www.europesays.com\/hu\/wp-json\/wp\/v2\/posts\/167033\/revisions"}],"wp:featuredmedia":[{"embeddable":true,"href":"https:\/\/www.europesays.com\/hu\/wp-json\/wp\/v2\/media\/127067"}],"wp:attachment":[{"href":"https:\/\/www.europesays.com\/hu\/wp-json\/wp\/v2\/media?parent=167033"}],"wp:term":[{"taxonomy":"category","embeddable":true,"href":"https:\/\/www.europesays.com\/hu\/wp-json\/wp\/v2\/categories?post=167033"},{"taxonomy":"post_tag","embeddable":true,"href":"https:\/\/www.europesays.com\/hu\/wp-json\/wp\/v2\/tags?post=167033"}],"curies":[{"name":"wp","href":"https:\/\/api.w.org\/{rel}","templated":true}]}}