{"id":167264,"date":"2026-07-09T16:40:14","date_gmt":"2026-07-09T16:40:14","guid":{"rendered":"https:\/\/www.europesays.com\/hu\/167264\/"},"modified":"2026-07-09T16:40:14","modified_gmt":"2026-07-09T16:40:14","slug":"index-tudomany-sanyargat-a-globalis-vizhiany-de-miert-nem-csinalunk-ivovizet-tengervizbol","status":"publish","type":"post","link":"https:\/\/www.europesays.com\/hu\/167264\/","title":{"rendered":"Index &#8211; Tudom\u00e1ny &#8211; Sanyargat a glob\u00e1lis v\u00edzhi\u00e1ny, de mi\u00e9rt nem csin\u00e1lunk iv\u00f3vizet tengerv\u00edzb\u0151l?"},"content":{"rendered":"<p>Becsl\u00e9sek szerint legal\u00e1bb k\u00e9tmilli\u00f3 matr\u00f3z halt meg a nagy f\u00f6ldrajzi felfedez\u00e9sek kor\u00e1ban a vil\u00e1gtengereken skorbutban (C-vitamin hi\u00e1nyban) \u00e9s fert\u0151z\u00f6tt v\u00edz miatti fert\u0151z\u00e9sekben (v\u00e9rhasban) Kolumbusz \u00e9s az 1800-as \u00e9vek k\u00f6z\u00f6tt. T\u00f6bben, mint tengeri csat\u00e1kban, viharok, vagy haj\u00f3t\u00f6r\u00e9sek k\u00f6vetkezt\u00e9ben. A hosszabb felfedez\u0151 vagy katonai utakra m\u00e1r el\u0151re legal\u00e1bb 50 sz\u00e1zal\u00e9kos hal\u00e1loz\u00e1si r\u00e1t\u00e1val sz\u00e1moltak a haj\u00f3tulajdonosok \u00e9s a korm\u00e1nyok.<\/p>\n<p>Az iv\u00f3v\u00edz beszerz\u00e9se \u00e9s frissen tart\u00e1sa volt az egyik legnagyobb logisztikai kih\u00edv\u00e1s az \u00fajkori haj\u00f3kon. Hi\u00e1ba vittek magukkal tetemes k\u00e9szleteket, a t\u00f6lgyfahord\u00f3kban t\u00e1rolt v\u00edz napok alatt megpimp\u00f3sodott. K\u00e9t-h\u00e1rom h\u00e9t ut\u00e1n a hord\u00f3k belsej\u00e9ben alg\u00e1k, bakt\u00e9riumok \u00e9s l\u00e1rv\u00e1k szaporodtak el, a v\u00edz ny\u00e1lk\u00e1ss\u00e1, b\u00fcd\u00f6ss\u00e9 \u00e9s z\u00f6ldess\u00e9 v\u00e1lt. Gyakran a foguk k\u00f6z\u00f6tt sz\u0171rt\u00e9k \u00e1t a vizet a tenger\u00e9szek, hogy ne nyelj\u00e9k le a f\u00e9rgeket. Mivel a tiszta v\u00edz szinte ihatatlann\u00e1 v\u00e1lt, n\u00e9h\u00e1ny h\u00e9t ut\u00e1n alkoholt ittak v\u00edz helyett, mert az legal\u00e1bb a ferment\u00e1ci\u00f3 miatt nehezebben romlott meg. Az \u00fat els\u0151 heteiben s\u00f6rt kaptak napi adagk\u00e9nt (ak\u00e1r napi 3-4 litert is fejenk\u00e9nt). Amikor a s\u00f6r is megsavanyodott, \u00e1tv\u00e1ltottak rummal fert\u0151tlen\u00edtett poshadt v\u00edzre (grogra).\u00a0<\/p>\n<p>Mennyire frusztr\u00e1l\u00f3 lehetett h\u00f3napokig a v\u00e9gtelen \u00f3ce\u00e1non h\u00e1nykol\u00f3dni szomj\u00fas\u00e1gt\u00f3l gy\u00f6t\u00f6rve. De mindenki tudta, hi\u00e1ba k\u00f6r\u00fcl\u00f6tt\u00fck a tengernyi v\u00edz, aki iszik bel\u0151le, nemhogy hidrat\u00e1l\u00f3dik, hanem \u00e9ppen hogy m\u00e9g szomjasabb lesz \u00e9s kisz\u00e1rad. B\u00e1r a tengerv\u00edz ihat\u00f3 folyad\u00e9knak t\u0171nik, a benne l\u00e9v\u0151 extr\u00e9m magas s\u00f3koncentr\u00e1ci\u00f3 miatt (1 liter k\u00f6r\u00fclbel\u00fcl 35 gramm konyhas\u00f3t \u00e9s keser\u0171s\u00f3t tartalmaz) biol\u00f3giai m\u00e9regk\u00e9nt hat az emberi szervezetre, amit k\u00e9ptelen kezelni. Ahhoz, hogy a ves\u00e9nk kisz\u0171rje a tengerb\u0151l megivott 1 liter v\u00edz s\u00f3mennyis\u00e9g\u00e9t, k\u00f6r\u00fclbel\u00fcl 1,5 liter tiszta vizet kellene kipisilnie.<\/p>\n<p>Ez azt jelenti, hogy minden egyes korty tengerv\u00edzzel t\u00f6bb vizet vesz\u00edt\u00fcnk, mint amennyit megittunk, ami felgyors\u00edtja a bels\u0151 kisz\u00e1rad\u00e1st.<\/p>\n<p>Amikor ennyire t\u00f6m\u00e9nyen s\u00f3s v\u00edz ker\u00fcl a gyomorba \u00e9s a v\u00e9r\u00e1ramba, beindul az ozm\u00f3zis nev\u0171 fizikai folyamat, \u00e9s az eg\u00e9szs\u00e9ges sejtekb\u0151l elkezd ki\u00e1ramlani a v\u00edz a s\u00f3s k\u00f6rnyezet fel\u00e9, hogy felh\u00edg\u00edtsa azt. Sejtjeink pedig sz\u00f3 szerint kiszipolyoz\u00f3dnak, kisz\u00e1radnak \u00e9s \u00f6sszezsugorodnak.<\/p>\n<p>                        \u00c9des csepp a tengerben<\/p>\n<p>Alig lehet elhinni, hogy az \u0171rb\u0151l n\u00e9zve (is) csod\u00e1latos \u201ek\u00e9k bolyg\u00f3n\u201d, amelynek nagy r\u00e9sz\u00e9t (71 sz\u00e1zal\u00e9k\u00e1t) \u00f3ce\u00e1nok bor\u00edtj\u00e1k, mind\u00f6ssze 3 sz\u00e1zal\u00e9knyi \u00e9desv\u00edz tal\u00e1lhat\u00f3. \u00c1m ennek k\u00f6r\u00fclbel\u00fcl 69 sz\u00e1zal\u00e9ka is a p\u00f3lusokon j\u00e9gtakar\u00f3kba \u00e9s hegyi gleccserekbe fagyva, tov\u00e1bbi 30 sz\u00e1zal\u00e9ka a f\u00f6ld m\u00e9ly\u00e9n, \u00e9s csup\u00e1n (a 3 sz\u00e1zal\u00e9knyi \u00e9desv\u00edz) 0,3 sz\u00e1zal\u00e9ka hozz\u00e1f\u00e9rhet\u0151 \u00e9s nyerhet\u0151 ki gazdas\u00e1gosan. Az sem egyenletesen elosztva a F\u00f6ld\u00f6n.\u00a0Annyira sz\u0171k\u00f6sek az iv\u00f3v\u00edzk\u00e9szletek, hogy<\/p>\n<p>                        <a href=\"https:\/\/unicef.hu\/tiszta-ivoviz\" id=\"hyperlink_4afd4d2895ee96459b2568bbcb9f5e9a\" rel=\"nofollow noopener\" target=\"_blank\">2.1 milli\u00e1rd ember nem jut hozz\u00e1<\/a> biztons\u00e1gos iv\u00f3v\u00edzhez otthon\u00e1ban. A nem megfelel\u0151 iv\u00f3v\u00edz percenk\u00e9nt h\u00e1rom gyermek hal\u00e1l\u00e1\u00e9rt felel\u0151s.<br \/>\n                        175 milli\u00f3 gyerekre lesz hat\u00e1ssal \u00e9vente a kl\u00edmav\u00e1ls\u00e1g az elk\u00f6vetkez\u0151 t\u00edz esztend\u0151ben. A kl\u00edmav\u00e1ltoz\u00e1snak k\u00f6ze van a legt\u00f6bb v\u00edzzel kapcsolatos probl\u00e9m\u00e1hoz.<br \/>\n                        800 gyerek hal meg naponta olyan megel\u0151zhet\u0151 betegs\u00e9gek miatt, amiket a piszkos, nem biztons\u00e1gos v\u00edz vagy a megfelel\u0151 higi\u00e9niai felt\u00e9telek hi\u00e1nya okoz. Az \u00f6t \u00e9v alatti gyerekekn\u00e9l ez a hal\u00e1loz\u00e1sok egyik leggyakoribb oka. Az alapvet\u0151 ig\u00e9nyek kiel\u00e9g\u00edt\u00e9s\u00e9nek lehet\u0151s\u00e9ge n\u00e9lk\u00fcl gyerekek milli\u00f3i szenvednek a gyakran v\u00e9gzetes t\u00edfuszt\u00f3l, v\u00e9rhast\u00f3l, b\u00e9lf\u00e9rgekt\u0151l \u00e9s a koler\u00e1t\u00f3l.<br \/>\n                        \u00c1tlagosan 6 kilom\u00e9tert gyalogolnak egyetlen nap a tiszta v\u00edz\u00e9rt j\u00f3r\u00e9szt gyerekek \u00e9s n\u0151k, \u00e9s hordanak 20 literes vizes kann\u00e1kat a v\u00e1llukon. Csak Afrik\u00e1ban \u00e9vente k\u00f6r\u00fclbel\u00fcl 40 milli\u00e1rd \u00f3r\u00e1t t\u00f6ltenek v\u00edzhord\u00e1ssal.<\/p>\n<p>Mik\u00f6zben korl\u00e1tlan mennyis\u00e9g\u0171 v\u00edz hull\u00e1mzik a tengerekben. Akkor mi\u00e9rt nem v\u00e1ltoztatjuk \u00e9desv\u00edzz\u00e9 az \u00f3ce\u00e1nok \u00e9s tengerek viz\u00e9t? Ha m\u00e1r j\u00f3 ideje \u00fajabb holdrasz\u00e1ll\u00e1sr\u00f3l, leend\u0151 Hold- \u00e9s Mars-kol\u00f3ni\u00e1kr\u00f3l sz\u00f3l a diskurzus, mindenk\u00e9ppen jogos a k\u00e9rd\u00e9s: mi\u00e9rt jelent akkora akad\u00e1lyt, ha a tengerv\u00edz egy kiss\u00e9 s\u00f3s?<\/p>\n<p>                        Mire v\u00e1runk?<\/p>\n<p>Els\u0151 pillant\u00e1sra olyan egyszer\u0171nek t\u0171nik. Mint oly sok mindent, m\u00e1r \u201eaz \u00f3kori g\u00f6r\u00f6g\u00f6k is tudt\u00e1k\u201d, hogy\u00a0amikor a tengerv\u00edz elp\u00e1rolog, a keletkez\u0151 g\u0151z \u00e9desv\u00edzk\u00e9nt csap\u00f3dik le, nem pedig s\u00f3s v\u00edzk\u00e9nt.\u00a0Nem is ak\u00e1rki, hanem maga Arisztotel\u00e9sz figyelte meg a jelens\u00e9get \u00e9s \u00edrta le a Meteorol\u00f3gia c\u00edm\u0171 m\u0171v\u00e9ben. Ha sz\u00e1nd\u00e9kosan tengervizet forralunk \u00e9s hideg fel\u00fcletre vezetj\u00fck a g\u0151zt, ahol foly\u00e9kony v\u00edzz\u00e9 kondenz\u00e1l\u00f3dik\u00a0\u2013 akkor desztill\u00e1lunk, azaz\u00a0s\u00f3talan\u00edtunk, \u00e9s ezt a m\u00f3dszert k\u00e9s\u0151bb sem felejtett\u00e9k el. Vihettek volna magukkal r\u00e9z\u00fcst\u00f6kb\u0151l \u00e1ll\u00f3 k\u00e9sz\u00fcl\u00e9keket az \u00fajkori haj\u00f3sok is, de senki sem akart sokat t\u00fczelni a f\u00e1b\u00f3l k\u00e9sz\u00fcl haj\u00f3kon, amelyeknek a r\u00e9seit er\u0151sen gy\u00fal\u00e9kony k\u00e1tr\u00e1nnyal t\u00f6mt\u00e9k be. Am\u00fagy pedig a raktereket elfoglal\u00f3 sok tonn\u00e1nyi t\u0171zif\u00e1t is magukkal kellett volna cipelni\u00fck, \u00edgy ink\u00e1bb maradtak a rumn\u00e1l.<\/p>\n<p>Eg\u00e9szen a 2. vil\u00e1gh\u00e1bor\u00fat k\u00f6vet\u0151 \u00e9vekig kellett v\u00e1rni, hogy meg\u00e9p\u00fcljenek az els\u0151 nagyobb s\u00f3talan\u00edt\u00f3 \u00fczemek. De mivel a tengeri s\u00f3sv\u00edz lep\u00e1rl\u00e1sa (a v\u00edz felforral\u00e1s\u00e1val) hatalmas mennyis\u00e9g\u0171 energi\u00e1t ig\u00e9nyel, a kapott \u00e9desv\u00edz mennyis\u00e9g\u00e9hez k\u00e9pest, a desztill\u00e1l\u00e1s finoman sz\u00f3lva sem gazdas\u00e1gos m\u00f3dszer.<\/p>\n<p>Sz\u00fcletett azonban egy \u00fatt\u00f6r\u0151 fejleszt\u00e9s, amelynek l\u00e9nyege, hogy nagynyom\u00e1s\u00fa pump\u00e1kkal, tiszt\u00e1n mechanikai \u00faton pr\u00e9selik \u00e1t a tengervizet egy speci\u00e1lis, mikroszkopikus lyukakkal ell\u00e1tott sz\u0171r\u0151membr\u00e1non, ami visszatartja az oldott s\u00f3kat. Ez a ford\u00edtott ozm\u00f3zis, ami t\u00f6bb mint t\u00edzszer hat\u00e9konyabb a klasszikus lep\u00e1rl\u00e1sos m\u00f3dszern\u00e9l, ez\u00e9rt m\u00e1ra m\u00e1r mell\u00e9kv\u00e1g\u00e1nyra helyezte a desztill\u00e1ci\u00f3s megold\u00e1sokat. R\u00e1ad\u00e1sul t\u00edzszer olcs\u00f3bb is, mert nem kell hatalmas energi\u00e1val felforralni \u00e9s g\u0151zz\u00e9 alak\u00edtani vizet.<\/p>\n<p>Akkor mi a g\u00e1tja annak, hogy nagy mennyis\u00e9gben \u00e1ll\u00edtsanak el\u0151 \u00e9desvizet a F\u00f6ld\u00f6n?<\/p>\n<p>                        M\u00e9g ez is dr\u00e1ga&#8230;<\/p>\n<p>B\u00e1r a ford\u00edtott ozm\u00f3zis tizedannyi energi\u00e1t fogyaszt, mint a lep\u00e1rl\u00e1s, a hagyom\u00e1nyos v\u00edzforr\u00e1sokhoz (kutak, foly\u00f3k, tavak stb..) k\u00e9pest m\u00e9g mindig rendk\u00edv\u00fcl dr\u00e1ga. Egy k\u00f6bm\u00e9ter (1000 liter) ford\u00edtott ozm\u00f3zissal s\u00f3talan\u00edtott v\u00edz <a href=\"https:\/\/kysearo.com\/desalination-cost-per-gallon-energy-technology-and-environmental-trade-offs\/\" id=\"hyperlink_ad6c5359f6c6288013bcd235be64428d\" rel=\"nofollow noopener\" target=\"_blank\">el\u0151\u00e1ll\u00edt\u00e1si k\u00f6lts\u00e9ge<\/a> 0,60\u20131,20 doll\u00e1r k\u00f6z\u00f6tt mozog. Ez sokszorosa annak, amit egy \u00e1tlagos \u00f6nkorm\u00e1nyzat a foly\u00f3v\u00edz tiszt\u00edt\u00e1s\u00e1\u00e9rt fizet. Nem besz\u00e9lve a m\u00e9regdr\u00e1ga s\u00f3talan\u00edt\u00f3 \u00fczemekr\u0151l, membr\u00e1nokr\u00f3l \u00e9s az \u00fczemeltet\u00e9sr\u0151l. Na \u00e9s ott van m\u00e9g a sz\u00e1ll\u00edt\u00e1s. Ha a vizet t\u00f6bb sz\u00e1z kilom\u00e9terre, a sz\u00e1razf\u00f6ld belsej\u00e9be (p\u00e9ld\u00e1ul Afrika bels\u0151 ter\u00fcleteire) vagy magasabb v\u00e1rosokba kell eljuttatni, akkor az \u00e9rtelemszer\u0171en tengerparton \u00e9p\u00fclt s\u00f3talan\u00edt\u00f3kt\u00f3l cs\u0151vezet\u00e9ket kell \u00e9p\u00edteni, felfel\u00e9 meg szivatty\u00fazni is. A k\u00f6lts\u00e9gek ezzel meg is dupl\u00e1z\u00f3dhatnak.<\/p>\n<p>                        &#8230;\u00e9s s\u00falyosan k\u00f6rnyezetszennyez\u0151<\/p>\n<p>M\u00e9g a ford\u00edtott ozm\u00f3zis sem var\u00e1zsolja el a kisz\u0171rt tengeri s\u00f3kat, csak kett\u00e9v\u00e1lasztja a tengervizet. Ami marad: egy extr\u00e9m s\u0171r\u0171, hiper-s\u00f3s, vegyszeres, m\u00e9rgez\u0151 kokt\u00e9l (brine).<\/p>\n<p>Minden liter el\u0151\u00e1ll\u00edtott iv\u00f3v\u00edzhez k\u00f6r\u00fclbel\u00fcl 1,5 liter kl\u00f3rral \u00e9s r\u00e9zzel szennyezett, toxikus s\u00f3oldat-koncentr\u00e1tum keletkezik,<\/p>\n<p>amit ugyan h\u00edg\u00edtva \u00e9s kezelve, de magas h\u0151m\u00e9rs\u00e9kleten pump\u00e1lnak vissza a tengerbe \u2013 oxig\u00e9nmentes r\u00e9tegeket (holt z\u00f3n\u00e1kat) hozva l\u00e9tre, \u00e9s <a href=\"https:\/\/www.bbc.com\/news\/articles\/clyx2qvyzz8o\" id=\"hyperlink_65fb4cfdace6afb30912e96f81560377\" rel=\"nofollow noopener\" target=\"_blank\">hal\u00e1los<\/a> \u00f3ce\u00e1ni savasod\u00e1st okozva, ami\u00a0<a href=\"https:\/\/www.sciencedirect.com\/science\/article\/pii\/S2468584425001023%20\" id=\"hyperlink_75b3292b1ec46103d9c9a052f38b6b59\" rel=\"nofollow noopener\" target=\"_blank\">a tengeri \u00e9l\u0151vil\u00e1got sok esetben elpuszt\u00edtja<\/a>. Egy-egy s\u00f3talan\u00edt\u00f3 nagy\u00fczem k\u00f6rny\u00e9k\u00e9n nem ritk\u00e1n komplett tengeri \u00f6kosziszt\u00e9m\u00e1k omlanak \u00f6ssze.<\/p>\n<p>                        Indul a s\u00f3oldat-b\u00e1ny\u00e1szat<\/p>\n<p>A vil\u00e1gon jelenleg m\u0171k\u00f6d\u0151 k\u00f6r\u00fclbel\u00fcl 17 ezer tengerv\u00edz-s\u00f3talan\u00edt\u00f3 \u00fczem \u00f6sszesen naponta csaknem 100 milli\u00f3 k\u00f6bm\u00e9ter \u00e9desvizet \u00e1ll\u00edt el\u0151. Hogy a l\u00e9pt\u00e9ket \u00e9rz\u00e9kelj\u00fck: az \u00f6sszes s\u00f3talan\u00edt\u00f3 nagyj\u00e1b\u00f3l 2-3 h\u00e9t alatt k\u00e9pes lenne teljesen felt\u00f6lteni \u00e9desv\u00edzzel a Balatont tengerv\u00edzb\u0151l. Soknak t\u0171nik,<\/p>\n<p>de ez a mennyis\u00e9g csak a napi glob\u00e1lis emberi iv\u00f3v\u00edzsz\u00fcks\u00e9glet k\u00f6r\u00fclbel\u00fcl 1-2 sz\u00e1zal\u00e9k\u00e1t fedezi.<\/p>\n<p>\u00c9s persze a naponta kisz\u0171rt 150 milli\u00f3 k\u00f6bm\u00e9ter s\u0171r\u0171, m\u00e9rgez\u0151 s\u00f3koncentr\u00e1tummal (brine) is kezdeni kellene valamit.<\/p>\n<p>\u00dagy t\u0171nik, dereng m\u00e1r a f\u00e9ny az alag\u00fat v\u00e9g\u00e9n, mert \u00faj ipar\u00e1g van sz\u00fclet\u0151ben: a <a href=\"https:\/\/www.intelligentliving.co\/water-critical-minerals-extraction-brine\/\" id=\"hyperlink_0b2b61ea9c6c6c76dbc003c30dfa5c02\" rel=\"nofollow noopener\" target=\"_blank\">s\u00f3oldat-b\u00e1ny\u00e1szat<\/a>. A tengerek ugyanis tele vannak strat\u00e9giai fontoss\u00e1g\u00fa, kritikus \u00e1sv\u00e1nyi anyagokkal, mint p\u00e9ld\u00e1ul:<\/p>\n<p>                        a rep\u00fcl\u0151g\u00e9pgy\u00e1rt\u00e1sban \u00e9s az aut\u00f3iparban fontos magn\u00e9ziummal,<br \/>\n                        az akkumul\u00e1torokhoz ma m\u00e9g n\u00e9lk\u00fcl\u00f6zhetetlen l\u00edtiummal (\u201efeh\u00e9r arannyal\u201d),<br \/>\n                        a f\u00e9lvezet\u0151k, mikrochipek, LED-kijelz\u0151k \u00e9s napelemek gy\u00e1rt\u00e1s\u00e1hoz sz\u00fcks\u00e9ges galliummal,<br \/>\n                        \u00e9s m\u00e9g ur\u00e1nnal is.<\/p>\n<p>B\u00e1r a tengerekben alacsony a koncentr\u00e1ci\u00f3juk, a s\u00f3talan\u00edt\u00f3 \u00fczemek toxikus s\u0171r\u00edtm\u00e9ny\u00e9ben viszont m\u00e1r m\u00e9rhet\u0151 mennyis\u00e9gben megtal\u00e1lhat\u00f3k. Kinyer\u00e9s\u00fck\u00a0\u2013 a k\u00f6rnyezetpuszt\u00edt\u00e1ssal, t\u00e1jrombol\u00e1ssal \u00e9s m\u00e9rgez\u0151 medd\u0151h\u00e1ny\u00f3kkal j\u00e1r\u00f3 sz\u00e1razf\u00f6ldi b\u00e1ny\u00e1kkal ellent\u00e9tben\u00a0\u2013 fenntarthat\u00f3. M\u00e1r csak az\u00e9rt is, mert eleve a vesz\u00e9lyes tengeri hullad\u00e9kb\u00f3l b\u00e1ny\u00e1sznak. Ha ez siker\u00fcl, a s\u00f3talan\u00edt\u00f3k nemcsak tiszta iv\u00f3vizet, hanem \u00e9rt\u00e9kes ritka f\u00e9meket is el\u0151\u00e1ll\u00edtanak, \u00e9s a tengeri \u00e9letre vesz\u00e9lyes, t\u00f6m\u00e9ny s\u00f3koncentr\u00e1tum mennyis\u00e9g\u00e9t t\u00f6red\u00e9k\u00e9re\u00a0lehet cs\u00f6kkenteni.<\/p>\n<p><a href=\"https:\/\/dex.hu\/x.php?id=googlepref_desktop&amp;url=https:\/\/google.com\/preferences\/source?q=https:\/\/index.hu\" class=\"google-pref-banner \" id=\"googlePrefBanner\" rel=\"nofollow noopener\" target=\"_blank\"><\/p>\n<p>    Itt \u00e1ll\u00edtsa be, hogy az Index az els\u0151k k\u00f6z\u00f6tt legyen a Google-tal\u00e1latokban!<\/p>\n<p><\/a><\/p>\n<p>                <a href=\"https:\/\/konyvek.index.hu\/\" target=\"_blank\" rel=\"nofollow noopener\"><br \/>\n                <img decoding=\"async\" src=\"https:\/\/index.hu\/assets\/images\/konyvajanlo\/book_indapress\/book_indapress_logo.svg\" loading=\"lazy\" alt=\"Inda Press Kiad\u00f3\"\/><br \/>\n                <\/a><\/p>\n<p>                <img decoding=\"async\" src=\"https:\/\/www.europesays.com\/hu\/wp-content\/uploads\/2026\/07\/1783615212_623_til_csomag.png\" loading=\"lazy\" alt=\"Ma is tanultam valamit 1-2-3-4-5\"\/><\/p>\n<p>5 k\u00f6nyv <br \/>T\u00f6bb mint 600 megh\u00f6kkent\u0151, \u00e9rdekes \u00e9s tanuls\u00e1gos t\u00f6rt\u00e9net!<\/p>\n<p>                <a class=\"book_index_btn\" href=\"https:\/\/indexadhu.hit.gemius.pl\/hitredir\/id=nSCbubuYpDWJZLZs0TssLrbt33Lk5kbipuiZrkg89G3.g7\/stparam=pliqmprktv\/fastid=anwpipvcfueijhikdlguutjliikw\/nc=0\/url=https:\/\/www.indapresskiado.hu\/products\/ma-is-tanultam-valamit-1-2-3-4-5-konyvcsomag?_pos=6&amp;_psq=ma+is+tanultam&amp;_ss=e&amp;_v=1.0\" target=\"_blank\" rel=\"nofollow noopener\">MEGVESZEM<\/a><\/p>\n<p>    <img loading=\"lazy\" decoding=\"async\" src=\"https:\/\/www.europesays.com\/hu\/wp-content\/uploads\/2026\/07\/1783615214_711_nc=0.gif\" border=\"0\" height=\"0\" width=\"0\"\/><\/p>\n<p>    <img decoding=\"async\" src=\"https:\/\/index.hu\/assets\/images\/social-follow\/logo-big.svg\" alt=\"Index.hu logo\"\/><\/p>\n<p>K\u00f6vesse az Indexet Facebookon is!<\/p>\n<p>    <a href=\"https:\/\/facebook.com\/Indexhu\" target=\"_blank\" rel=\"nofollow noopener\"><\/p>\n<p>        K\u00f6vetem!<br \/>\n    <\/a><\/p>\n","protected":false},"excerpt":{"rendered":"Becsl\u00e9sek szerint legal\u00e1bb k\u00e9tmilli\u00f3 matr\u00f3z halt meg a nagy f\u00f6ldrajzi felfedez\u00e9sek kor\u00e1ban a vil\u00e1gtengereken skorbutban (C-vitamin hi\u00e1nyban) \u00e9s&hellip;\n","protected":false},"author":2,"featured_media":167265,"comment_status":"","ping_status":"","sticky":false,"template":"","format":"standard","meta":{"footnotes":"","_share_on_mastodon":"0"},"categories":[8],"tags":[49227,23097,42,47109,43,34,49228,49225,49226,49224,124,94,39968,93,92],"class_list":["post-167264","post","type-post","status-publish","format-standard","has-post-thumbnail","category-vilag","tag-brine","tag-edesviz","tag-hungarian","tag-ivoviz-hiany","tag-magyar","tag-news","tag-sooldat-banyaszat","tag-sotalanitas","tag-sotalanito-uzemek","tag-tengerviz-sotalanitas","tag-tudomany","tag-vilag","tag-vizvalsag","tag-world","tag-world-news"],"share_on_mastodon":{"url":"https:\/\/pubeurope.com\/@hu\/116891014156831276","error":""},"_links":{"self":[{"href":"https:\/\/www.europesays.com\/hu\/wp-json\/wp\/v2\/posts\/167264","targetHints":{"allow":["GET"]}}],"collection":[{"href":"https:\/\/www.europesays.com\/hu\/wp-json\/wp\/v2\/posts"}],"about":[{"href":"https:\/\/www.europesays.com\/hu\/wp-json\/wp\/v2\/types\/post"}],"author":[{"embeddable":true,"href":"https:\/\/www.europesays.com\/hu\/wp-json\/wp\/v2\/users\/2"}],"replies":[{"embeddable":true,"href":"https:\/\/www.europesays.com\/hu\/wp-json\/wp\/v2\/comments?post=167264"}],"version-history":[{"count":0,"href":"https:\/\/www.europesays.com\/hu\/wp-json\/wp\/v2\/posts\/167264\/revisions"}],"wp:featuredmedia":[{"embeddable":true,"href":"https:\/\/www.europesays.com\/hu\/wp-json\/wp\/v2\/media\/167265"}],"wp:attachment":[{"href":"https:\/\/www.europesays.com\/hu\/wp-json\/wp\/v2\/media?parent=167264"}],"wp:term":[{"taxonomy":"category","embeddable":true,"href":"https:\/\/www.europesays.com\/hu\/wp-json\/wp\/v2\/categories?post=167264"},{"taxonomy":"post_tag","embeddable":true,"href":"https:\/\/www.europesays.com\/hu\/wp-json\/wp\/v2\/tags?post=167264"}],"curies":[{"name":"wp","href":"https:\/\/api.w.org\/{rel}","templated":true}]}}