{"id":169185,"date":"2026-07-11T10:29:07","date_gmt":"2026-07-11T10:29:07","guid":{"rendered":"https:\/\/www.europesays.com\/hu\/169185\/"},"modified":"2026-07-11T10:29:07","modified_gmt":"2026-07-11T10:29:07","slug":"ujpest-a-szornyetegert-allitolag-felmillio-eurot-ajanlottak-igy-all-az-ugye","status":"publish","type":"post","link":"https:\/\/www.europesays.com\/hu\/169185\/","title":{"rendered":"\u00dajpest: A &#8222;Sz\u00f6rnyeteg\u00e9rt&#8221; \u00e1ll\u00edt\u00f3lag f\u00e9lmilli\u00f3 eur\u00f3t aj\u00e1nlottak &#8211; \u00edgy \u00e1ll az \u00fcgye"},"content":{"rendered":"<p>                    <a href=\"https:\/\/news.google.com\/publications\/CAAqJQgKIh9DQklTRVFnTWFnMEtDMk56WVd0bWIyTnBMbWgxS0FBUAE\" target=\"_blank\" class=\"google-news\" rel=\"nofollow noopener\">A legfrissebb h\u00edrek\u00e9rt k\u00f6vess minket a Csakfoci Google News oldal\u00e1n is!<\/a><\/p>\n<p>A t\u00f6r\u00f6k <a href=\"https:\/\/x.com\/spordepormedya\/status\/2075217076810068411\" target=\"_blank\" rel=\"nofollow\">Spor Depor<\/a> \u00fajs\u00e1g\u00edr\u00f3ja, Re\u015fat Can \u00d6zbudak, valamint a <a href=\"https:\/\/www.instagram.com\/p\/Dan_9dTDAXU\/\" target=\"_blank\" rel=\"nofollow noopener\">Son M\u00fch\u00fcr<\/a> \u00e9rtes\u00fcl\u00e9sei szerint az \u00dajpest 500 ezer eur\u00f3s aj\u00e1nlatot tett a G\u00f6ztepe 18 \u00e9ves, tun\u00e9ziai-finn kett\u0151s \u00e1llampolg\u00e1rs\u00e1g\u00fa t\u00e1mad\u00f3j\u00e1\u00e9rt, Salem Bouajil\u00e1\u00e9rt.<\/p>\n<p>Az izmiri klub egyel\u0151re elutas\u00edtotta a lila-feh\u00e9rek aj\u00e1nlat\u00e1t, a t\u00e1rgyal\u00e1sok esetleges folytat\u00e1s\u00e1r\u00f3l nem sz\u00e1molt be a t\u00f6r\u00f6k sajt\u00f3.<\/p>\n<p>Bouajila 2007-ben sz\u00fcletett, fizikai adotts\u00e1gai \u00e9s 195 centim\u00e9teres magass\u00e1ga miatt m\u00e1r most kiemelkedik a saj\u00e1t koroszt\u00e1ly\u00e1b\u00f3l, \u00edgy nem v\u00e9letlen, hogy a t\u00f6r\u00f6k szurkol\u00f3kt\u00f3l a &#8222;Sz\u00f6rnyeteg&#8221; becenevet kapta. A fiatal, ball\u00e1bas t\u00e1mad\u00f3 nemcsak a fejp\u00e1rbajokban er\u0151s, hanem technikailag is rendk\u00edv\u00fcl k\u00e9pzett.<\/p>\n<p>P\u00e1lyafut\u00e1s\u00e1t a finn HJK Helsinki akad\u00e9mi\u00e1j\u00e1n kezdte, ahol g\u00f3l\u00e9rz\u00e9kenys\u00e9g\u00e9vel hamar felh\u00edvta mag\u00e1ra a figyelmet. Innen az osztr\u00e1k SV Ried II egy\u00fcttes\u00e9hez vezetett az \u00fatja, majd egy r\u00f6vid finnorsz\u00e1gi kit\u00e9r\u0151 ut\u00e1n a G\u00f6ztepe koroszt\u00e1lyos csapat\u00e1hoz igazolt, ahol 22 m\u00e9rk\u0151z\u00e9sen 17 g\u00f3lt szerzett, \u00e9s 2 g\u00f3lpasszt adott. Teljes\u00edtm\u00e9ny\u00e9nek k\u00f6sz\u00f6nhet\u0151en pedig hamar felker\u00fclt a feln\u0151ttekhez, a k\u00f6zelm\u00faltban pedig 2030-ig sz\u00f3l\u00f3 szerz\u0151d\u00e9st \u00edrt al\u00e1.<\/p>\n<p><a href=\"https:\/\/www.csakfoci.hu\/kulfoldi-foci\/folytatodik-a-sallai-saga-20-millio-euroert-megvalnanak-tole-a-torokok-sajtohir\" class=\"embed-article\" rel=\"nofollow noopener\" target=\"_blank\"><\/p>\n<p>Olvastad m\u00e1r?<\/p>\n<p>            <img loading=\"lazy\" decoding=\"async\" class=\"lazy-img\" src=\"https:\/\/www.europesays.com\/hu\/wp-content\/uploads\/2026\/07\/sallai_roland-768x512.jpg\" width=\"768\" height=\"512\" alt=\"\"\/><\/p>\n<p>Folytat\u00f3dik a Sallai-saga: 20 milli\u00f3 eur\u00f3\u00e9rt megv\u00e1ln\u00e1nak t\u0151le a t\u00f6r\u00f6k\u00f6k \u2013 sajt\u00f3h\u00edr<\/p>\n<p>Ism\u00e9t t\u00e9ma Sallai Roland j\u00f6v\u0151je a t\u00f6r\u00f6k sajt\u00f3ban: a Galatasaray \u00e1ll\u00edt\u00f3lag 20 milli\u00f3 eur\u00f3s aj\u00e1nlat eset\u00e9n \u00e9rt\u00e9kes\u00edten\u00e9 a magyar v\u00e1logatott j\u00e1t\u00e9kost.<\/p>\n<p>Elolvasom<\/p>\n<p><\/a><\/p>\n<p>                                    <script async src=\"\/\/www.instagram.com\/embed.js\"><\/script><\/p>\n","protected":false},"excerpt":{"rendered":"A legfrissebb h\u00edrek\u00e9rt k\u00f6vess minket a Csakfoci Google News oldal\u00e1n is! A t\u00f6r\u00f6k Spor Depor \u00fajs\u00e1g\u00edr\u00f3ja, Re\u015fat Can&hellip;\n","protected":false},"author":2,"featured_media":169186,"comment_status":"","ping_status":"","sticky":false,"template":"","format":"standard","meta":{"footnotes":"","_share_on_mastodon":"0"},"categories":[14],"tags":[1069,49650,44,42,40,43,1067,41,1068,49651,45,131,2332],"class_list":["post-169185","post","type-post","status-publish","format-standard","has-post-thumbnail","category-sport","tag-atigazolasok","tag-goztepe","tag-hu","tag-hungarian","tag-hungary","tag-magyar","tag-magyar-foci","tag-magyarorszag","tag-nb-i","tag-salem-bouajila","tag-sport","tag-sports","tag-ujpest"],"share_on_mastodon":{"url":"https:\/\/pubeurope.com\/@hu\/116900879971939297","error":""},"_links":{"self":[{"href":"https:\/\/www.europesays.com\/hu\/wp-json\/wp\/v2\/posts\/169185","targetHints":{"allow":["GET"]}}],"collection":[{"href":"https:\/\/www.europesays.com\/hu\/wp-json\/wp\/v2\/posts"}],"about":[{"href":"https:\/\/www.europesays.com\/hu\/wp-json\/wp\/v2\/types\/post"}],"author":[{"embeddable":true,"href":"https:\/\/www.europesays.com\/hu\/wp-json\/wp\/v2\/users\/2"}],"replies":[{"embeddable":true,"href":"https:\/\/www.europesays.com\/hu\/wp-json\/wp\/v2\/comments?post=169185"}],"version-history":[{"count":0,"href":"https:\/\/www.europesays.com\/hu\/wp-json\/wp\/v2\/posts\/169185\/revisions"}],"wp:featuredmedia":[{"embeddable":true,"href":"https:\/\/www.europesays.com\/hu\/wp-json\/wp\/v2\/media\/169186"}],"wp:attachment":[{"href":"https:\/\/www.europesays.com\/hu\/wp-json\/wp\/v2\/media?parent=169185"}],"wp:term":[{"taxonomy":"category","embeddable":true,"href":"https:\/\/www.europesays.com\/hu\/wp-json\/wp\/v2\/categories?post=169185"},{"taxonomy":"post_tag","embeddable":true,"href":"https:\/\/www.europesays.com\/hu\/wp-json\/wp\/v2\/tags?post=169185"}],"curies":[{"name":"wp","href":"https:\/\/api.w.org\/{rel}","templated":true}]}}