{"id":170095,"date":"2026-07-12T09:06:10","date_gmt":"2026-07-12T09:06:10","guid":{"rendered":"https:\/\/www.europesays.com\/hu\/170095\/"},"modified":"2026-07-12T09:06:10","modified_gmt":"2026-07-12T09:06:10","slug":"minden-idok-7-legfordulatosabb-minisorozata","status":"publish","type":"post","link":"https:\/\/www.europesays.com\/hu\/170095\/","title":{"rendered":"Minden id\u0151k 7 legfordulatosabb minisorozata"},"content":{"rendered":"<p>\n                        Egy h\u00e9tv\u00e9ge alatt megn\u00e9zheted, \u00e9s m\u00e1ris streamelheted \u0151ket!                     <\/p>\n<p>A minisorozatok valahol a filmek \u00e9s a t\u00f6bb \u00e9vados sz\u00e9ri\u00e1k k\u00f6zt helyezkednek el: mind hosszban, mind pedig dramaturgiai mozg\u00e1st\u00e9rben. Tal\u00e1n ezekben a 4-10 epiz\u00f3dos sz\u00e9ri\u00e1kban lehet a legjobban fel\u00e9p\u00edteni egy fordulatot, hiszen van r\u00e1 id\u0151, hogy kell\u0151k\u00e9pp megalapozzanak neki, de m\u00e9gse h\u00fazz\u00e1k addig a cselekm\u00e9nyt, am\u00edg m\u00e1r unalmass\u00e1, \u00f6nism\u00e9tl\u0151v\u00e9 v\u00e1lik. \u00cdme minden id\u0151k h\u00e9t legfordulatosabb minisorozata, amit m\u00e1ris streamelhetsz!<\/p>\n<p>&#13;<\/p>\n<p>\u00a0<\/p>\n<p>&#13;<br \/>\n\u00c9les t\u00e1rgyak (2018)\u00a0&#13;<\/p>\n<p>&#13;<\/p>\n<p><a href=\"https:\/\/moly.hu\/konyvek\/gillian-flynn-eles-targyak\" target=\"_blank\" rel=\"noopener nofollow\">Gillian Flynn magyarul is megjelent, azonos c\u00edm\u0171 reg\u00e9nye<\/a> alapj\u00e1n k\u00e9sz\u00fclt sorozatban <a href=\"https:\/\/port.hu\/adatlap\/szemely\/amy-adams\/person-131582\" rel=\"nofollow noopener\" target=\"_blank\">Amy Adams<\/a> alak\u00edtja a traum\u00e1kt\u00f3l \u0171z\u00f6tt Camille Preakert. Az \u00c9les t\u00e1rgyak nem egy szokv\u00e1nyos b\u0171n\u00fcgyi rejt\u00e9ly, itt egyszerre van jelen a d\u00e9li g\u00f3tikus pszichol\u00f3giai thriller, a hipnotikus dr\u00e1ma, \u00e9s a traum\u00e1r\u00f3l sz\u00f3l\u00f3 mesteri karaktertanulm\u00e1ny. A t\u00f6rt\u00e9net Preakert (Adams) k\u00f6veti nyomon, egy \u00e9rzelmileg zavart, \u00f6nb\u00e1ntalamz\u00f3 b\u0171n\u00fcgyi riportert, aki visszat\u00e9r fullaszt\u00f3 sz\u00fcl\u0151v\u00e1ros\u00e1ba, a missouri Wind Gapbe, hogy k\u00e9t fiatal l\u00e1ny rejt\u00e9lyes gyilkoss\u00e1gi \u00fcgy\u00e9ben nyomozzon. Mik\u00f6zben Camille a gyilkost keresi, a helyi rend\u0151rs\u00e9g egy k\u00edv\u00fcl\u00e1ll\u00f3t gyan\u00fas\u00edt, \u00e1m \u0151 valaki eg\u00e9szen m\u00e1sra gyanakszik, aki sokkal k\u00f6zelebb \u00e1ll hozz\u00e1. A minisorozat remek\u00fcl adja vissza Flynn k\u00f6nyv\u00e9nek vil\u00e1g\u00e1t, megragadva azt a fullaszt\u00f3, fojtogat\u00f3 kisv\u00e1rosi hangulatot, ahol minden sarkon titkok leselkednek. K\u00f6zben megismerj\u00fck Preakert m\u00faltj\u00e1t \u00e9s elnyom\u00f3 \u00e9desanyj\u00e1t, \u00e9s amikor v\u00e9g\u00fcl \u00f6ssze\u00e1ll a teljes k\u00e9p, nagyot koppan az \u00e1llunk.\u00a0<\/p>\n<p>&#13;<\/p>\n<p>Megn\u00e9zheted itt: HBO Max <\/p>\n<p>&#13;<\/p>\n<p>\u00a0<\/p>\n<p>&#13;<br \/>\nNe higgy a szem\u00e9nek! (2021)\u00a0&#13;<br \/>\n&#13;<\/p>\n<p>Ha csak nem olvastad kor\u00e1bban <a href=\"https:\/\/moly.hu\/konyvek\/sarah-pinborough-ne-higgy-a-szemenek\" rel=\"nofollow noopener\" target=\"_blank\">Sarah Pinborough magyarul is megjelent, azonos c\u00edm\u0171 reg\u00e9ny\u00e9t,<\/a> akkor val\u00f3sz\u00edn\u0171leg t\u00e9ged is sokkolt a Ne higgy a szem\u00e9nek! fordulata, ami teljesen \u00fajra\u00e9rtelmezte az eg\u00e9sz cselekm\u00e9nyt. A t\u00f6rt\u00e9net Louise Barnsley-t (Simona Brown) k\u00f6veti nyomon, egy egyed\u00fcl\u00e1ll\u00f3 any\u00e1t, aki viszonyt kezd \u00faj f\u0151n\u00f6k\u00e9vel, Dr. David Fergusonnal (Tom Bateman), mik\u00f6zben v\u00e1ratlan bar\u00e1ts\u00e1got k\u00f6t a f\u00e9rfi titokzatos feles\u00e9g\u00e9vel, Adele-lel (<a href=\"https:\/\/port.hu\/adatlap\/szemely\/eve-hewson\/person-345359\" rel=\"nofollow noopener\" target=\"_blank\">Eve Hewson<\/a>). A val\u00f3s\u00e1g \u00e9s az ill\u00fazi\u00f3 hat\u00e1rait elmosva Louise a h\u00e1zasp\u00e1r b\u0171vk\u00f6r\u00e9be ker\u00fcl, \u00e9s felfedezi a l\u00e1tsz\u00f3lag norm\u00e1lis \u00e9let\u00fck m\u00f6g\u00f6tt rejl\u0151 titkos, term\u00e9szetfeletti terv\u00fcket. A Ne higgy a szem\u00e9nek! igazi ut\u00f3gy\u00fajt\u00e1sos sztori, amit azonnal \u00fajra meg akarsz n\u00e9zni, amint kider\u00fclt a v\u00e9gs\u0151 fordulat, hogy felfedezd az apr\u00f3 jeleket, amik afel\u00e9 mutatnak, \u00e9s elcsod\u00e1lkozz, hogy mi\u00e9rt is nem l\u00e1ttad ezt el\u0151re.<\/p>\n<p>&#13;<\/p>\n<p>Megn\u00e9zheted itt: Netflix <\/p>\n<p>&#13;<\/p>\n<p>\u00a0<\/p>\n<p>&#13;<br \/>\nTudhattad volna (2020)\u00a0&#13;<br \/>\n&#13;<\/p>\n<p><a href=\"https:\/\/port.hu\/adatlap\/szemely\/nicole-kidman\/person-7060\" rel=\"nofollow noopener\" target=\"_blank\">Nicole Kidman<\/a> m\u00e1sodik vir\u00e1gkor\u00e1t \u00e9li a t\u00e9v\u00e9ben, gondoljunk csak a Hatalmas kis hazugs\u00e1gok c\u00edm\u0171 HBO-sorozatra. \u00c1m most nem err\u0151l lesz sz\u00f3: szint\u00e9n az HBO k\u00e9sz\u00edtett minisorozatot Jean Hanff Korelitz azonos c\u00edm\u0171, magyarul is megjelent reg\u00e9nye alapj\u00e1n. A rejt\u00e9lyes thriller a gazdag, l\u00e1tsz\u00f3lag t\u00f6k\u00e9letes manhattani terapeuta, Grace Fraser (Nicole Kidman) t\u00f6rt\u00e9net\u00e9t k\u00f6veti nyomon, akinek az \u00e9lete darabokra hullik, miut\u00e1n szeretett f\u00e9rje, Jonathan (<a href=\"https:\/\/port.hu\/adatlap\/szemely\/hugh-grant\/person-3918\" rel=\"nofollow noopener\" target=\"_blank\">Hugh Grant<\/a>) els\u0151 sz\u00e1m\u00fa gyan\u00fas\u00edtott\u00e1 v\u00e1lik egy fiatal anya, Elena Alves (Matilda De Angelis) meggyilkol\u00e1s\u00e1ban. Az \u00e1ldozat r\u00e1ad\u00e1sul ugyanabba az iskolai k\u00f6z\u00f6ss\u00e9gbe tartozott, mint \u0151k. Amikor Jonathan a gyilkoss\u00e1g ut\u00e1n rejt\u00e9lyes m\u00f3don elt\u0171nik, Grace elkezdi kibogozni a hazugs\u00e1gok \u00e9s csal\u00e1sok sz\u00f6vev\u00e9nyes fonal\u00e1t, amely v\u00e9g\u00fcl egy sz\u00f6rny\u0171 titokhoz vezet: Jonathannek viszonya volt az \u00e1ldozattal. A Tudhattad volna val\u00f3j\u00e1ban arr\u00f3l sz\u00f3l, hogy milyen messzire k\u00e9pes elmenni az ember, hogy megv\u00e9dje, vagy lepuszt\u00edtsa azokat, akiket szeret, amikor szembes\u00fcl a sz\u00f6rny\u0171 igazs\u00e1ggal. A sorozat tele van fordulatokkal, \u00e9s egyn\u00e9melyr\u0151l val\u00f3sz\u00edn\u0171leg azt fogod mondani, hogy el\u0151re l\u00e1ttad, eg\u00e9szen addig, m\u00edg be nem k\u00f6vetkezik a v\u00e9gs\u0151, mindet \u00e1t\u00e9rtelmez\u0151 csavar.\u00a0<\/p>\n<p>&#13;<\/p>\n<p>Megn\u00e9zheted itt: HBO Max <\/p>\n<p>&#13;<\/p>\n<p>\u00a0<\/p>\n<p>&#13;<br \/>\nWandaV\u00edzi\u00f3 (2021)\u00a0&#13;<br \/>\n&#13;<\/p>\n<p>A Marvel-moziverzum els\u0151 hivatalos sorozata, a WandaV\u00edzi\u00f3 l\u00e1tsz\u00f3lag arr\u00f3l sz\u00f3l, mik\u00e9nt dolgozza fel Wanda Maximoff (<a href=\"https:\/\/port.hu\/adatlap\/szemely\/elizabeth-olsen\/person-245371\" rel=\"nofollow noopener\" target=\"_blank\">Elizabeth Olsen<\/a>) szerelme, V\u00edzi\u00f3 (Paul Bettany) elveszt\u00e9s\u00e9t, mindezt egy vid\u00e1m szitkom m\u0171faji keretein bel\u00fcl. Az m\u00e1r szinte az elej\u00e9t\u0151l vil\u00e1gos, hogy a k\u00f6z\u00f6ns\u00e9gnevet\u00e9ssel sp\u00e9kelt kertv\u00e1rosi idill csak ill\u00fazi\u00f3, az igazi csavar az, hogy ki \u00e9s mi\u00e9rt hozta l\u00e9tre ezt az ill\u00fazi\u00f3t. R\u00e1ad\u00e1suil itt l\u00e9p sz\u00ednre Agatha Harkness (Kathryn Hahn), a var\u00e1zsl\u00f3n\u0151.\u00a0<\/p>\n<p>&#13;<\/p>\n<p>Megn\u00e9zheted itt: Disney+ <\/p>\n<p>&#13;<\/p>\n<p>\u00a0<\/p>\n<p>&#13;<br \/>\nVisszhangok (2022)&#13;<br \/>\n&#13;<\/p>\n<p>A pszichol\u00f3giai thriller egy egypet\u00e9j\u0171 ikerp\u00e1rr\u00f3l sz\u00f3l: Leni \u00e9s Gina McClearly (<a href=\"https:\/\/port.hu\/adatlap\/szemely\/michelle-monaghan\/person-216406\" rel=\"nofollow noopener\" target=\"_blank\">Michelle Monaghan<\/a>) gyerekkoruk \u00f3ta titokban cser\u00e9lgetik a szem\u00e9lyazonoss\u00e1gukat, \u00e9s megosztj\u00e1k egym\u00e1ssal az \u00e9let\u00fcket, a f\u00e9rjeiket \u00e9s az otthonaikat. Gondosan fel\u00e9p\u00edtett kett\u0151s \u00e9let\u00fck teljes k\u00e1oszba torkollik, amikor az egyik n\u0151v\u00e9r elt\u0171nik, ami arra k\u00e9nyszer\u00edti a m\u00e1sikat, hogy mindk\u00e9t szerepet elj\u00e1tssza, mik\u00f6zben vesz\u00e9lyes titkokra bukkan. A krimi mellett az Visszhangoknak van egyfajta szappanoper\u00e1s abszurdit\u00e1sa, ami kifejezetten j\u00f3l \u00e1ll neki. Mindehhez persze elengedhetetlen Monaghan elk\u00e9peszt\u0151 alak\u00edt\u00e1sa, ahogy \u00e9rz\u00e9kletesen hozza a k\u00e9t testv\u00e9rt, fel\u00e9p\u00edtve ezzel a gyomrossal fel\u00e9r\u0151 v\u00e9gs\u0151 csavart.\u00a0<\/p>\n<p>&#13;<\/p>\n<p>Megn\u00e9zheted itt: Netflix <\/p>\n<p>&#13;<\/p>\n<p>\u00a0<\/p>\n<p>&#13;<br \/>\nT\u00fcnd\u00f6kl\u0151 l\u00e1nyok (2022)&#13;<br \/>\n&#13;<\/p>\n<p>Miut\u00e1n <a href=\"https:\/\/port.hu\/adatlap\/szemely\/elisabeth-moss\/person-16582\" rel=\"nofollow noopener\" target=\"_blank\">Elisabeth Moss<\/a> berobbant a k\u00f6ztudatba A szolg\u00e1l\u00f3l\u00e1ny mes\u00e9je c\u00edm\u0171 sorozattal, a r\u00f6vid, rejt\u00e9lyes thrillersorozatok kezdt\u00e9k \u00e9rdekelni: az egyik ilyen a T\u00fcnd\u00f6kl\u0151 l\u00e1nyok. A Lauren Beukes magyarul is megjelent, azonos c\u00edm\u0171 reg\u00e9nye alapj\u00e1n k\u00e9sz\u00fclt sci-fi thriller Kirby Mazrachi (Moss), egy chicag\u00f3i \u00fajs\u00e1g lev\u00e9lt\u00e1ros\u00e1nak t\u00f6rt\u00e9net\u00e9t k\u00f6veti nyomon, aki t\u00fal\u00e9l egy brut\u00e1lis t\u00e1mad\u00e1st. \u00c9lete tov\u00e1bb bonyol\u00f3dik, amikor r\u00e1j\u00f6n, hogy egy folyamatosan v\u00e1ltoz\u00f3 val\u00f3s\u00e1g csapd\u00e1j\u00e1ba esett. \u00d6ssze\u00e1ll egy probl\u00e9m\u00e1s \u00fajs\u00e1g\u00edr\u00f3val, Dan Velazquzzel (Wagner Moura), hogy elkapj\u00e1k a t\u00e1mad\u00f3j\u00e1t, a titokzatos Harper Curtist (Jamie Bell). A T\u00fcnd\u00f6kl\u0151 l\u00e1nyok az id\u0151utaz\u00e1st \u00e9s a v\u00e1ltoz\u00f3 val\u00f3s\u00e1gokat nem csup\u00e1n sci-fi elemk\u00e9nt\u00a0haszn\u00e1lja, hanem a traum\u00e1b\u00f3l val\u00f3 fel\u00e9p\u00fcl\u00e9s \u00e9s az \u00e9let feletti kontroll visszaszerz\u00e9s\u00e9hez sz\u00fcks\u00e9ges eszk\u00f6z metafor\u00e1jak\u00e9nt is.\u00a0 \u00a0<\/p>\n<p>&#13;<\/p>\n<p>Megn\u00e9zheted itt: Apple TV <\/p>\n<p>&#13;<\/p>\n<p>\u00a0<\/p>\n<p>&#13;<br \/>\nA t\u00f6k\u00e9letes p\u00e1r (2024)&#13;<br \/>\n&#13;<\/p>\n<p>A p\u00e9nz nem csup\u00e1n a vil\u00e1got mozgatja, de az embereket is k\u00e9pes meg\u0151rj\u00edteni. Nicole Kidman dupl\u00e1zik list\u00e1nkon: A t\u00f6k\u00e9letes p\u00e1rban a h\u00edres reg\u00e9ny\u00edr\u00f3t, Greert alak\u00edtja, aki a hihetetlen\u00fcl gazdag \u00e9s kiv\u00e1lts\u00e1gos Winbury csal\u00e1d feje f\u00e9rj\u00e9vel, Taggal (<a href=\"https:\/\/port.hu\/adatlap\/szemely\/liev-schreiber\/person-7400\" rel=\"nofollow noopener\" target=\"_blank\">Liev Schreiber<\/a>). Ide h\u00e1zasodik be Amelia Sacks (Eve Hewson), \u00e1m a f\u00e9ny\u0171z\u0151 esk\u00fcv\u0151 napj\u00e1n az egyik koszor\u00fasl\u00e1nyt v\u00edzbe f\u00falva tal\u00e1lj\u00e1k meg a tengerparton. Klasszikus Agatha Christie-fel\u00e1ll\u00e1s: minden vend\u00e9g \u00e9s minden csal\u00e1dtag potenci\u00e1lis gyan\u00fas\u00edtott, a h\u00e1tteret a tenger szolg\u00e1ltatja a nyomoz\u00e1shoz, \u00e9s m\u00e9g a gazdagokon is alaposan \u00e9lcel\u0151dnek. A minisorozat Elin Hilderbrand azonos c\u00edm\u0171, magyarul is megjelent reg\u00e9nye alapj\u00e1n k\u00e9sz\u00fclt.\u00a0<\/p>\n<p>&#13;<\/p>\n<p>Megn\u00e9zheted itt: Netflix\u00a0<\/p>\n<p>&#13;<br \/>\n&#13;<\/p>\n<p>\u00a0<\/p>\n<p>&#13;<\/p>\n<p>\u00a0<br \/>(via <a href=\"https:\/\/collider.com\/miniseries-twists-unpredictable\/\" target=\"_blank\" rel=\"noopener nofollow\">Collider<\/a>)\u00a0<br \/>\u00a0<\/p>\n<p>                <a href=\"https:\/\/google.com\/preferences\/source?q=https:\/\/port.hu\" target=\"_blank\" class=\"google-pref-banner\" id=\"googlePrefBanner\" rel=\"nofollow noopener\"><br \/>\n                    <img loading=\"lazy\" decoding=\"async\" src=\"https:\/\/port.hu\/img\/svg\/google-logo.svg\" width=\"52\" height=\"52\"\/><br \/>\n                    Itt \u00e1ll\u00edtsa be, hogy a Port az els\u0151k k\u00f6z\u00f6tt legyen a Google-tal\u00e1latokban!<\/p>\n<p>                <\/a><\/p>\n","protected":false},"excerpt":{"rendered":"Egy h\u00e9tv\u00e9ge alatt megn\u00e9zheted, \u00e9s m\u00e1ris streamelheted \u0151ket! A minisorozatok valahol a filmek \u00e9s a t\u00f6bb \u00e9vados sz\u00e9ri\u00e1k&hellip;\n","protected":false},"author":2,"featured_media":170096,"comment_status":"","ping_status":"","sticky":false,"template":"","format":"standard","meta":{"footnotes":"","_share_on_mastodon":"0"},"categories":[19],"tags":[4460,2805,29560,3748,34334,14151,875,137,49851,14531,170,44,23981,42,40,49855,43,41,49854,49849,49850,172,8218,878,138,441,191,49853,49852],"class_list":["post-170095","post","type-post","status-publish","format-standard","has-post-thumbnail","category-tv","tag-amy-adams","tag-apple-tv","tag-csavar","tag-disney","tag-eles-targyak","tag-elisabeth-moss","tag-elizabeth-olsen","tag-entertainment","tag-eve-hewson","tag-fordulat","tag-hbo-max","tag-hu","tag-hugh-grant","tag-hungarian","tag-hungary","tag-liev-schreiber","tag-magyar","tag-magyarorszag","tag-michelle-monaghan","tag-minisorozatok","tag-ne-higgy-a-szemenek","tag-netflix","tag-nicole-kidman","tag-stream","tag-szorakozas","tag-thriller","tag-tv","tag-visszhangok","tag-wandavizio"],"share_on_mastodon":{"url":"https:\/\/pubeurope.com\/@hu\/116906215736566750","error":""},"_links":{"self":[{"href":"https:\/\/www.europesays.com\/hu\/wp-json\/wp\/v2\/posts\/170095","targetHints":{"allow":["GET"]}}],"collection":[{"href":"https:\/\/www.europesays.com\/hu\/wp-json\/wp\/v2\/posts"}],"about":[{"href":"https:\/\/www.europesays.com\/hu\/wp-json\/wp\/v2\/types\/post"}],"author":[{"embeddable":true,"href":"https:\/\/www.europesays.com\/hu\/wp-json\/wp\/v2\/users\/2"}],"replies":[{"embeddable":true,"href":"https:\/\/www.europesays.com\/hu\/wp-json\/wp\/v2\/comments?post=170095"}],"version-history":[{"count":0,"href":"https:\/\/www.europesays.com\/hu\/wp-json\/wp\/v2\/posts\/170095\/revisions"}],"wp:featuredmedia":[{"embeddable":true,"href":"https:\/\/www.europesays.com\/hu\/wp-json\/wp\/v2\/media\/170096"}],"wp:attachment":[{"href":"https:\/\/www.europesays.com\/hu\/wp-json\/wp\/v2\/media?parent=170095"}],"wp:term":[{"taxonomy":"category","embeddable":true,"href":"https:\/\/www.europesays.com\/hu\/wp-json\/wp\/v2\/categories?post=170095"},{"taxonomy":"post_tag","embeddable":true,"href":"https:\/\/www.europesays.com\/hu\/wp-json\/wp\/v2\/tags?post=170095"}],"curies":[{"name":"wp","href":"https:\/\/api.w.org\/{rel}","templated":true}]}}