{"id":170554,"date":"2026-07-12T18:31:09","date_gmt":"2026-07-12T18:31:09","guid":{"rendered":"https:\/\/www.europesays.com\/hu\/170554\/"},"modified":"2026-07-12T18:31:09","modified_gmt":"2026-07-12T18:31:09","slug":"svaby-andras-bizik-benne-van-meg-8-10-boldog-evuk-karcsikaval","status":"publish","type":"post","link":"https:\/\/www.europesays.com\/hu\/170554\/","title":{"rendered":"Sv\u00e1by Andr\u00e1s b\u00edzik benne, van m\u00e9g 8-10 boldog \u00e9v\u00fck Karcsik\u00e1val"},"content":{"rendered":"<p class=\"a-lead mb-8 text-xl lg:text-xl-plus font-medium&#10;                leading-7.5 lg:leading-8\">\n    Tele van a szt\u00e1rvil\u00e1g olyan h\u00edress\u00e9gekkel, akik nemcsak hogy im\u00e1dj\u00e1k \u00e9s b\u00fcszk\u00e9n mutogatj\u00e1k, hanem igazi csal\u00e1dtagk\u00e9nt tekintenek kis\u00e1llataikra.\n<\/p>\n<p>A h\u00e1zi\u00e1llatok v\u00e9gtelen \u00f6r\u00f6mforr\u00e1sai az ember \u00e9let\u00e9nek, a felt\u00e9tel n\u00e9lk\u00fcli szeretet\u00fck pedig gy\u00f3gy\u00edt\u00f3. Tudom\u00e1nyosan is bizony\u00edtott, hogy jelenl\u00e9t\u00fck cs\u00f6kkenti a stresszt, m\u00e9rs\u00e9kli a szorong\u00e1st \u00e9s a depresszi\u00f3t. Igaz \u00e9s h\u0171 t\u00e1rsaink \u00e9let\u00fck v\u00e9g\u00e9ig, \u00e9s meg\u00e9rdemlik, hogy mi is sz\u00e9p \u00e9s kalandos \u00e9letet biztos\u00edtsunk sz\u00e1mukra. \u00cdgy van ezzel a hazai szt\u00e1rvil\u00e1g apraja-nagyja is.<\/p>\n<p>                                                                                                                                \u201eNem tudn\u00e1m elk\u00e9pzelni Karcsika n\u00e9lk\u00fcl az \u00e9letem\u201d<\/p>\n<p>Sv\u00e1by Andr\u00e1s \u00e9s kiskuty\u00e1ja p\u00e9ld\u00e1ul sz\u00f3 szerint elv\u00e1laszthatatlanok. Karcsika m\u00e9g a t\u00e9v\u00e9be is k\u00f6veti a gazd\u00e1j\u00e1t, sz\u00e1mtalan m\u0171sorban l\u00e1thattuk m\u00e1r \u0151ket egy\u00fctt. A m\u0171sorvezet\u0151 leg\u00fajabb, <a href=\"https:\/\/story.hu\/hazai-sztar\/2025\/12\/26\/svaby-andras-megmutatta-milyen-luxusban-latja-vendegul-a-sztarokat\/\" id=\"47372097-ffe1-45a0-b771-32adb3a69312\" rel=\"nofollow noopener\" target=\"_blank\">\u00datk\u00f6zben elmes\u00e9led \u2013 Csavarg\u00e1sok Sv\u00e1by Andr\u00e1ssal c\u00edm\u0171 utaz\u00f3s realityj\u00e9ben<\/a> is felbukkan majd a kis n\u00e9gyl\u00e1b\u00fa, de most a nyaral\u00e1s\u00e9 a f\u0151szerep. \u201eKarcsika ny\u00e1ron legjobban a tengeren szeret haj\u00f3k\u00e1zni, sz\u00e1m\u00e1ra az egy teljesen term\u00e9szetes k\u00f6zeg.<\/p>\n<p>Volt olyan, hogy viharba keveredt\u00fcnk, mindenki kidobta a taccsot, csak Karcsika \u00e9s \u00e9n nem. Ha viszont a haj\u00f3r\u00f3l beugr\u00e1lnak a v\u00edzbe, azt nem szereti, vesz\u00e9lyhelyzetk\u00e9nt \u00e9li meg.<\/p>\n<p>De ha ringat\u00f3z\u00e1s van, azt im\u00e1dja. Egy\u00e9bk\u00e9nt n\u00e9ha \u0151 maga is h\u0171s\u00f6l, \u00e9s bej\u00f6n velem a v\u00edzbe \u00faszk\u00e1lni \u2013 <a href=\"https:\/\/story.hu\/napi-friss\/2024\/10\/20\/svaby-andras-andrea-a-parom-es-a-volt-felesegem-is-kifejezetten-joban-vannak\/\" id=\"360b0860-8e5e-44b6-b92c-833e8d80f926\" rel=\"nofollow noopener\" target=\"_blank\">kezdi lapunknak Andr\u00e1s,<\/a> aki kiz\u00e1r\u00f3lag rep\u00fcl\u0151utakra nem viszi mag\u00e1val kis kedvenc\u00e9t. \u2013 <a href=\"https:\/\/story.hu\/hazai-sztar\/2023\/11\/04\/svaby-andras-gyakran-adodnak-helyzetek-amit-milannal-kettesben-kell-megoldanunk\/\" id=\"f5db946c-826f-4f31-8e4f-722c92f17489\" rel=\"nofollow noopener\" target=\"_blank\">Ha aut\u00f3s nyaral\u00e1s van, Karcsika mindig vel\u00fcnk van.<\/a> A legmesszebbi hely eddig a C\u00f4te d&#8217;Azur volt, ahov\u00e1 eljutottunk egy\u00fctt. Sz\u00e1munkra \u0151 nem egy kutyus, hanem egy teljes \u00e9rt\u00e9k\u0171 csal\u00e1dtag, akivel j\u00f3 egy\u00fctt nyaralni. Fel sem mer\u00fcl benn\u00fcnk, hogy otthon hagyjuk.\u201d<\/p>\n<p>                        <img class=\"object-contain -landscape mx-auto w-full sm:w-auto\"  src=\"https:\/\/www.europesays.com\/hu\/wp-content\/uploads\/2026\/07\/H-hk9mVaHR0cHM6Ly9pbWFnZXMuc3RvcnkuaHUvMS9rd3VrOWxHYUhSMGNITTZMeTl2WTJSdUxtVjFMM0IxYkhOamJYTXZUVVJCW.webp\" alt=\"Karcsika legt\u00f6bbsz\u00f6r a nyaral\u00e1sokra is elk\u00eds\u00e9ri a csal\u00e1dot\" loading=\"lazy\" decoding=\"async\" \/><\/p>\n<p>                    Story \/ Arch\u00edv<\/p>\n<p>        Karcsika legt\u00f6bbsz\u00f6r a nyaral\u00e1sokra is elk\u00eds\u00e9ri a csal\u00e1dot<\/p>\n<p>A kis n\u00e9gyl\u00e1b\u00fa pedig <a href=\"https:\/\/meglepetes.hu\/cimlapsztori\/2025\/08\/06\/svaby-andras-hiszem-hogy-a-lelkemben-orok-fiatal-maradok\/\" id=\"6789c8d4-b3c2-43fc-a7e1-70e63c7f5fac\" rel=\"nofollow noopener\" target=\"_blank\">nem csak Andr\u00e1s mag\u00e1n\u00e9let\u00e9t, a szakmait is bearanyozza.<\/a> \u201eKarcsika szeret sok\u00e1ig aludni, de amikor tudja, hogy forgat\u00e1sra megyek, m\u00e1r hajnalban fent van, \u00e9s jelzi, hogy velem akar j\u00f6nni. Neki ez \u00f3ri\u00e1si buli, \u00e9s nagyon b\u00edrom, hogy pontosan tudja, mikor akar \u00e9s mikor nem akar j\u00f6nni.<\/p>\n<p>T\u00e9nyleg nagyon sok helyre viszem magammal. Az a fajta kutyus, akivel t\u00f6k\u00e9letesen el lehet t\u00f6lteni a mindennapokat, akivel a munka \u00e9s a kikapcsol\u00f3d\u00e1s is nagyon j\u00f3.<\/p>\n<p>Most lesz j\u00faliusban 10 \u00e9ves, kicsit agg\u00f3dom is emiatt, de nagyon j\u00f3l karbantartott kutyus, \u00fagyhogy abban b\u00edzom, van m\u00e9g egy\u00fctt 8-10 boldog \u00e9v\u00fcnk. Nem tudn\u00e1m elk\u00e9pzelni Karcsika n\u00e9lk\u00fcl az \u00e9letem\u2026\u201d<\/p>\n<p>                                                                                                                                Harmonikus kapcsolat<\/p>\n<p>Er\u0151s Ant\u00f3nia \u00e9lete egyik legjobb d\u00f6nt\u00e9s\u00e9nek tartja, hogy gazdiv\u00e1 v\u00e1lt a csal\u00e1dj\u00e1val. Azt pedig, hogy j\u00f3 gazdi lett bel\u0151le, m\u00e1r egy d\u00edjjal is al\u00e1 tudja t\u00e1masztani: kor\u00e1bban a P\u00e9ldamutat\u00f3 gazdi kateg\u00f3ria gy\u0151ztes\u00e9nek j\u00e1r\u00f3 DOGZ-d\u00edjjal jutalmazt\u00e1k. \u201eA felel\u0151s kutyatart\u00e1snak szerintem nincs olyan sok felt\u00e9tele.<\/p>\n<p>Nyilv\u00e1n az alap az adott: szeresd a kuty\u00e1dat, im\u00e1dd a kuty\u00e1dat, mindent pr\u00f3b\u00e1lj megtenni, hogy \u0151 j\u00f3l \u00e9rezze mag\u00e1t a b\u0151r\u00e9ben, \u00e9s hogy min\u00e9l harmonikusabb legyen ez a kapcsolat<\/p>\n<p>\u2013 mondta az esem\u00e9ny aprop\u00f3j\u00e1n a Story olvas\u00f3k \u00e1ltal <a href=\"https:\/\/story.hu\/hazai-sztar\/2026\/05\/21\/eros-antonia-nem-vagyok-koponyegforgato\/hnb3t91\" id=\"cd9f58ae-a8fb-419f-bda4-18d7c50e28b5\" rel=\"nofollow noopener\" target=\"_blank\">a leghitelesebb szt\u00e1rnak megv\u00e1lasztott Ant\u00f3nia.<\/a><\/p>\n<p>                        <img class=\"object-contain -portrait mx-auto w-full sm:w-auto\"  src=\"https:\/\/www.europesays.com\/hu\/wp-content\/uploads\/2026\/07\/jIVk9mPaHR0cHM6Ly9pbWFnZXMuc3RvcnkuaHUvMS9FUThrOWxCYUhSMGNITTZMeTl2WTJSdUxtVjFMM0IxYkhOamJYTXZUVVJCW.webp\" alt=\"Er\u0151s Ant\u00f3nia szerint az egyik legjobb d\u00f6nt\u00e9s\u00fck volt, hogy gazdiv\u00e1 v\u00e1ltak\" loading=\"lazy\" decoding=\"async\" \/><\/p>\n<p>                    Fotocentral \/ Birton Szabolcs<\/p>\n<p>        Er\u0151s Ant\u00f3nia szerint az egyik legjobb d\u00f6nt\u00e9s\u00fck volt, hogy gazdiv\u00e1 v\u00e1ltak<\/p>\n<p>Sz\u00e1m\u00e1ra mi sem term\u00e9szetesebb, mint hogy a kiskuty\u00e1j\u00e1val, Maxszel nemcsak \u00e9v k\u00f6zben, hanem ny\u00e1ron, a vak\u00e1ci\u00f3 alatt is egy\u00fctt van. Ez \u00edgy megy m\u00e1r hossz\u00fa \u00e9vek \u00f3ta.<\/p>\n<p>                                                                                                                                Balatonra csak egy\u00fctt!<\/p>\n<p>Ak\u00e1rcsak a szt\u00e1rp\u00e1r els\u0151 kutyusa, Pityu, az \u00d6rd\u00f6g N\u00f3ra \u00e9s N\u00e1n\u00e1si P\u00e1l h\u00e1zasp\u00e1r mentett S\u00e1rija is hamar belopta mag\u00e1t a csal\u00e1d \u00e9s az internetez\u0151k sz\u00edv\u00e9be is. Megannyi k\u00e9pen \u00e9s felv\u00e9telen l\u00e1thatjuk a kis kever\u00e9k n\u00e9gyl\u00e1b\u00fat, aki noha a vil\u00e1got nem j\u00e1rja be az \u00e1lland\u00f3an \u00faton l\u00e9v\u0151 fam\u00edli\u00e1val, de<a href=\"https:\/\/story.hu\/cimlapsztori\/2023\/06\/03\/ordog-nora-mire-palko-es-a-gyerekek-felebrednek-mar-az-elso-kakaos-csiga-is-kisul-abbol-viszek-nekik\/\" id=\"776b1b16-f368-4d15-8794-a91b6b62ac4b\" rel=\"nofollow noopener\" target=\"_blank\"> a balatoni nyaral\u00f3jukba sokszor vel\u00fck tart.<\/a><\/p>\n<p>                                                                                                                                S\u00e1ri n\u00e9lk\u00fcl nincs magyar tenger<\/p>\n<p>Ahogy Till Attila is rendszeresen viszi mag\u00e1val Dubit a magyar tengerre. A m\u0171sorvezet\u0151 egy\u00e9bk\u00e9nt igazi Balaton-im\u00e1d\u00f3, a csal\u00e1dj\u00e1val minden \u00e9vben heteket t\u00f6ltenek el a zam\u00e1rdi nyaral\u00f3jukban, ahov\u00e1 <a href=\"https:\/\/story.hu\/hazai-sztar\/2026\/07\/05\/tilla-uj-kutya-csalad-gyes\/18lbrvj\" id=\"a0f1c00c-c4de-44b5-a09b-238f3c8aca9d\" rel=\"nofollow noopener\" target=\"_blank\">a nagyra n\u0151tt labradoodle is vel\u00fck tart<\/a>.<\/p>\n<p>                                                                                                                                Dubi mell\u00e9 nemr\u00e9g meg\u00e9rkezett Zafi<\/p>\n","protected":false},"excerpt":{"rendered":"Tele van a szt\u00e1rvil\u00e1g olyan h\u00edress\u00e9gekkel, akik nemcsak hogy im\u00e1dj\u00e1k \u00e9s b\u00fcszk\u00e9n mutogatj\u00e1k, hanem igazi csal\u00e1dtagk\u00e9nt tekintenek kis\u00e1llataikra.&hellip;\n","protected":false},"author":2,"featured_media":170555,"comment_status":"","ping_status":"","sticky":false,"template":"","format":"standard","meta":{"footnotes":"","_share_on_mastodon":"0"},"categories":[16],"tags":[137,9212,29732,44,42,40,917,43,41,12767,1414,2976,138,2620],"class_list":["post-170554","post","type-post","status-publish","format-standard","has-post-thumbnail","category-szorakozas","tag-entertainment","tag-eros-antonia","tag-hazi-kedvenc","tag-hu","tag-hungarian","tag-hungary","tag-kutya","tag-magyar","tag-magyarorszag","tag-nanasi-pal","tag-ordog-nora","tag-svaby-andras","tag-szorakozas","tag-till-attila"],"share_on_mastodon":{"url":"https:\/\/pubeurope.com\/@hu\/116908437783477828","error":""},"_links":{"self":[{"href":"https:\/\/www.europesays.com\/hu\/wp-json\/wp\/v2\/posts\/170554","targetHints":{"allow":["GET"]}}],"collection":[{"href":"https:\/\/www.europesays.com\/hu\/wp-json\/wp\/v2\/posts"}],"about":[{"href":"https:\/\/www.europesays.com\/hu\/wp-json\/wp\/v2\/types\/post"}],"author":[{"embeddable":true,"href":"https:\/\/www.europesays.com\/hu\/wp-json\/wp\/v2\/users\/2"}],"replies":[{"embeddable":true,"href":"https:\/\/www.europesays.com\/hu\/wp-json\/wp\/v2\/comments?post=170554"}],"version-history":[{"count":0,"href":"https:\/\/www.europesays.com\/hu\/wp-json\/wp\/v2\/posts\/170554\/revisions"}],"wp:featuredmedia":[{"embeddable":true,"href":"https:\/\/www.europesays.com\/hu\/wp-json\/wp\/v2\/media\/170555"}],"wp:attachment":[{"href":"https:\/\/www.europesays.com\/hu\/wp-json\/wp\/v2\/media?parent=170554"}],"wp:term":[{"taxonomy":"category","embeddable":true,"href":"https:\/\/www.europesays.com\/hu\/wp-json\/wp\/v2\/categories?post=170554"},{"taxonomy":"post_tag","embeddable":true,"href":"https:\/\/www.europesays.com\/hu\/wp-json\/wp\/v2\/tags?post=170554"}],"curies":[{"name":"wp","href":"https:\/\/api.w.org\/{rel}","templated":true}]}}