{"id":171031,"date":"2026-07-13T08:37:11","date_gmt":"2026-07-13T08:37:11","guid":{"rendered":"https:\/\/www.europesays.com\/hu\/171031\/"},"modified":"2026-07-13T08:37:11","modified_gmt":"2026-07-13T08:37:11","slug":"index-belfold-visszatert-magyarorszagra-az-orban-kormanyt-sokat-kritizalo-volt-amerikai-nagykovet","status":"publish","type":"post","link":"https:\/\/www.europesays.com\/hu\/171031\/","title":{"rendered":"Index &#8211; Belf\u00f6ld &#8211; Visszat\u00e9rt Magyarorsz\u00e1gra az Orb\u00e1n-korm\u00e1nyt sokat kritiz\u00e1l\u00f3 volt amerikai nagyk\u00f6vet"},"content":{"rendered":"<p>        <img decoding=\"async\" src=\"https:\/\/www.europesays.com\/hu\/wp-content\/uploads\/2026\/07\/70443237_2b7be49a8f69ac51f4b94d13f9995844_wm.jpg\" alt=\"PAP 1433\"\/><\/p>\n<p>                <a href=\"https:\/\/index.hu\/szerzo\/nemeth_marton_sandor\" rel=\"nofollow noopener\" target=\"_blank\"><br \/>\n                        <img decoding=\"async\" class=\"szerzo-kep\" src=\"https:\/\/www.europesays.com\/hu\/wp-content\/uploads\/2026\/06\/1781095334_428_36637317_2798591_875e8b81dc393d18c2b8121675d8ca1d_wm.jpg\" alt=\"- nms -\"\/><br \/>\n                <\/a><\/p>\n<p>\n                David Pressman, az Egyes\u00fclt \u00c1llamok kor\u00e1bbi magyarorsz\u00e1gi nagyk\u00f6vete egy Budapesten k\u00e9sz\u00fclt fot\u00f3t tett k\u00f6zz\u00e9.            <\/p>\n<p>\u201eA kil\u00e1t\u00e1s az ablakomb\u00f3l ma reggel: egy megv\u00e1ltozott Magyarorsz\u00e1g. J\u00f3 \u00fajra itt lenni\u201d \u2013 \u00edrta az X-oldal\u00e1n David Pressman, az al\u00e1bbi, L\u00e1nch\u00eddr\u00f3l k\u00e9sz\u00fclt fot\u00f3 k\u00eds\u00e9ret\u00e9ben:<\/p>\n<p>David Pressman a l\u00e1togat\u00e1s c\u00e9lj\u00e1r\u00f3l nem sz\u00e1molt be. A diplomata 2022 szeptembere \u00e9s 2025 janu\u00e1rja k\u00f6z\u00f6tt t\u00f6lt\u00f6tte be az amerikai nagyk\u00f6veti poz\u00edci\u00f3t. David Pressman hivatali ideje alatt t\u00f6bbsz\u00f6r is kem\u00e9ny kritik\u00e1t fogalmazott meg az Orb\u00e1n-korm\u00e1ny politik\u00e1j\u00e1r\u00f3l.<\/p>\n<p>Donald Trump \u00fajrav\u00e1laszt\u00e1sa ut\u00e1n David Pressman elk\u00f6sz\u00f6nt Budapestt\u0151l, ideiglenes \u00fcgyviv\u0151k\u00e9nt David Palladino vette \u00e1t a feladatait, majd Christina Savage kapta a poz\u00edci\u00f3t.<\/p>\n<p>\n                          (Bor\u00edt\u00f3k\u00e9p:\u00a0David Pressman 2025. janu\u00e1r 7-\u00e9n. Fot\u00f3:\u00a0Papajcsik P\u00e9ter \/ Index)\n                        <\/p>\n<p><a href=\"https:\/\/dex.hu\/x.php?id=googlepref_desktop&amp;url=https:\/\/google.com\/preferences\/source?q=https:\/\/index.hu\" class=\"google-pref-banner \" id=\"googlePrefBanner\" rel=\"nofollow noopener\" target=\"_blank\"><\/p>\n<p>    Itt \u00e1ll\u00edtsa be, hogy az Index az els\u0151k k\u00f6z\u00f6tt legyen a Google-tal\u00e1latokban!<\/p>\n<p><\/a><\/p>\n<p>    <img decoding=\"async\" src=\"https:\/\/index.hu\/assets\/images\/social-follow\/logo-big.svg\" alt=\"Index.hu logo\"\/><\/p>\n<p>K\u00f6vesse az Indexet Facebookon is!<\/p>\n<p>    <a href=\"https:\/\/facebook.com\/Indexhu\" target=\"_blank\" rel=\"nofollow noopener\"><\/p>\n<p>        K\u00f6vetem!<br \/>\n    <\/a><\/p>\n","protected":false},"excerpt":{"rendered":"David Pressman, az Egyes\u00fclt \u00c1llamok kor\u00e1bbi magyarorsz\u00e1gi nagyk\u00f6vete egy Budapesten k\u00e9sz\u00fclt fot\u00f3t tett k\u00f6zz\u00e9. \u201eA kil\u00e1t\u00e1s az ablakomb\u00f3l&hellip;\n","protected":false},"author":2,"featured_media":171032,"comment_status":"","ping_status":"","sticky":false,"template":"","format":"standard","meta":{"footnotes":"","_share_on_mastodon":"0"},"categories":[6],"tags":[18867,80,13220,303,44,42,40,43,41],"class_list":["post-171031","post","type-post","status-publish","format-standard","has-post-thumbnail","category-magyarorszag","tag-amerikai-nagykovet","tag-belfold","tag-david-pressman","tag-egyesult-allamok","tag-hu","tag-hungarian","tag-hungary","tag-magyar","tag-magyarorszag"],"share_on_mastodon":{"url":"https:\/\/pubeurope.com\/@hu\/116911764308757885","error":""},"_links":{"self":[{"href":"https:\/\/www.europesays.com\/hu\/wp-json\/wp\/v2\/posts\/171031","targetHints":{"allow":["GET"]}}],"collection":[{"href":"https:\/\/www.europesays.com\/hu\/wp-json\/wp\/v2\/posts"}],"about":[{"href":"https:\/\/www.europesays.com\/hu\/wp-json\/wp\/v2\/types\/post"}],"author":[{"embeddable":true,"href":"https:\/\/www.europesays.com\/hu\/wp-json\/wp\/v2\/users\/2"}],"replies":[{"embeddable":true,"href":"https:\/\/www.europesays.com\/hu\/wp-json\/wp\/v2\/comments?post=171031"}],"version-history":[{"count":0,"href":"https:\/\/www.europesays.com\/hu\/wp-json\/wp\/v2\/posts\/171031\/revisions"}],"wp:featuredmedia":[{"embeddable":true,"href":"https:\/\/www.europesays.com\/hu\/wp-json\/wp\/v2\/media\/171032"}],"wp:attachment":[{"href":"https:\/\/www.europesays.com\/hu\/wp-json\/wp\/v2\/media?parent=171031"}],"wp:term":[{"taxonomy":"category","embeddable":true,"href":"https:\/\/www.europesays.com\/hu\/wp-json\/wp\/v2\/categories?post=171031"},{"taxonomy":"post_tag","embeddable":true,"href":"https:\/\/www.europesays.com\/hu\/wp-json\/wp\/v2\/tags?post=171031"}],"curies":[{"name":"wp","href":"https:\/\/api.w.org\/{rel}","templated":true}]}}